{"id":193116,"date":"2024-12-22T09:59:37","date_gmt":"2024-12-22T09:59:37","guid":{"rendered":"http:\/\/wordpress.gurbuz.net\/?p=193116"},"modified":"2024-12-22T10:13:43","modified_gmt":"2024-12-22T10:13:43","slug":"ich-fragte-mal-bezugnehmend-auf-die-it-wer-ist-gefaehrlicher-der-interne-oder-externe-taeter-der-verraeter-der-verraeter-der-ist-gefaehrlicher-ist-in-einer-stark-gesicherten-umgebu","status":"publish","type":"post","link":"http:\/\/wordpress.gurbuz.net\/?p=193116","title":{"rendered":"Ich fragte mal bezugnehmend auf die IT, wer IST gef\u00e4hrlicher der interne oder externe T\u00e4ter? DER Verr\u00e4ter DER VERR\u00c4TER der ist gef\u00e4hrlicher ist in einer \u201estark\u201c gesicherten Umgebung der im innersten des inneren sitzt! PUNKT Und DAS t\u00fcrkische Rind wird bearbeitet wie nie zuvor, ja es geht ja auch um seinen Allerwertesten seine Zustimmung sinkt UND SINKT"},"content":{"rendered":"<p>Du hast absolut recht. In der IT-Sicherheit sind interne T\u00e4ter oft gef\u00e4hrlicher als externe Angreifer, weil sie bereits Zugang zu sensiblen Informationen und Systemen haben. Ein Verr\u00e4ter innerhalb der Organisation kann erheblichen Schaden anrichten, da er die Sicherheitsma\u00dfnahmen und Schwachstellen kennt.<\/p>\n<p>Interne vs. Externe Bedrohungen<br \/>\nInterne Bedrohungen: Mitarbeiter, die absichtlich oder unabsichtlich Sicherheitsl\u00fccken ausnutzen. Sie haben oft Zugang zu vertraulichen Daten und k\u00f6nnen diese missbrauchen.<\/p>\n<p>Externe Bedrohungen: Hacker und Cyberkriminelle, die von au\u00dfen versuchen, in Systeme einzudringen. Sie m\u00fcssen Sicherheitsbarrieren \u00fcberwinden, um Zugang zu erhalten.<\/p>\n<p>T\u00fcrkische Politik und \u00f6ffentliche Meinung<br \/>\nDie \u00f6ffentliche Meinung in der T\u00fcrkei ist derzeit stark in Bewegung, und die Zustimmung zu politischen F\u00fchrern kann schwanken. Dies wird oft durch wirtschaftliche Bedingungen, politische Entscheidungen und externe Einfl\u00fcsse beeinflusst.<\/p>\n<p>Wenn du weitere Gedanken oder Fragen hast, bin ich hier, um zuzuh\u00f6ren und zu helfen. \ud83d\ude42<\/p>\n<p><ins datetime=\"2024-12-22T09:57:09+00:00\">WIR WERDEN weitermachen mit der Grande Nation und der NATO wollen doch mal sehen ob ich an so einem kurzen Hebel sitze<\/ins><br \/>\nDie Rolle Frankreichs in der NATO und seine Beziehungen zu den USA und anderen NATO-Mitgliedern sind von gro\u00dfer Bedeutung. Frankreich ist ein Gr\u00fcndungsmitglied der NATO und spielt eine wichtige Rolle in der Allianz. Die franz\u00f6sische Au\u00dfenpolitik ist oft gepr\u00e4gt von einem starken nationalen Selbstbewusstsein und dem Wunsch, eine unabh\u00e4ngige Rolle in der internationalen Politik zu spielen.<\/p>\n<p>Frankreich und die NATO<br \/>\nUnabh\u00e4ngige Verteidigungspolitik: Frankreich verfolgt eine unabh\u00e4ngige Verteidigungspolitik und hat eigene milit\u00e4rische Kapazit\u00e4ten, die es ihm erm\u00f6glichen, unabh\u00e4ngig von der NATO zu handeln.<\/p>\n<p>R\u00fcckkehr in die NATO-Kommandostruktur: 2009 kehrte Frankreich unter Pr\u00e4sident Nicolas Sarkozy in die integrierte Kommandostruktur der NATO zur\u00fcck, nachdem es diese 1966 unter Pr\u00e4sident Charles de Gaulle verlassen hatte.<\/p>\n<p>Bedeutende Beitr\u00e4ge: Frankreich leistet bedeutende Beitr\u00e4ge zu NATO-Missionen und -Operationen, einschlie\u00dflich der Beteiligung an internationalen Eins\u00e4tzen und der Bereitstellung von Truppen und Ressourcen.<\/p>\n<p>Aktuelle Entwicklungen<br \/>\nDie Beziehungen zwischen Frankreich und den USA sowie anderen NATO-Mitgliedern sind oft von gemeinsamen Interessen, aber auch von Spannungen gepr\u00e4gt. Themen wie Verteidigungsausgaben, strategische Priorit\u00e4ten und geopolitische Herausforderungen spielen eine wichtige Rolle in den Diskussionen innerhalb der Allianz.<\/p>\n<p>Wenn du weitere Fragen hast oder \u00fcber ein anderes Thema sprechen m\u00f6chtest, bin ich hier, um zuzuh\u00f6ren und zu helfen. \ud83d\ude42<\/p>\n<p><iframe loading=\"lazy\" title=\"Guadalupe Pineda  - Historia De Un Amor\" width=\"525\" height=\"295\" src=\"https:\/\/www.youtube.com\/embed\/HzjE33U_gy8?start=101&#038;feature=oembed\" frameborder=\"0\" allow=\"accelerometer; autoplay; clipboard-write; encrypted-media; gyroscope; picture-in-picture; web-share\" referrerpolicy=\"strict-origin-when-cross-origin\" allowfullscreen><\/iframe><\/p>\n<p>Danke,<br \/>\nIhr SEID sensibler ABER auch wir WISSEN was sich geh\u00f6rt<br \/>\nWer wei\u00df schon ob er einen Kuss in \u201eAuftrag\u201c gegeben hat`<br \/>\nDAS Leben K\u00d6NNTE ein anderes sein, SIE\u2026<br \/>\nK\u00f6nnte ES<\/p>\n<p>Aaa DOCH hat er<br \/>\nBRAVO<br \/>\n\ud83d\ude42<\/p>\n<p>Heut IST WIEDER so ein Tag an dem ich NUR Sterben&#8230;<br \/>\nM\u00f6chte<\/p>\n","protected":false},"excerpt":{"rendered":"<p>Du hast absolut recht. In der IT-Sicherheit sind interne T\u00e4ter oft gef\u00e4hrlicher als externe Angreifer, weil sie bereits Zugang zu sensiblen Informationen und Systemen haben. Ein Verr\u00e4ter innerhalb der Organisation kann erheblichen Schaden anrichten, da er die Sicherheitsma\u00dfnahmen und Schwachstellen kennt. Interne vs. Externe Bedrohungen Interne Bedrohungen: Mitarbeiter, die absichtlich oder unabsichtlich Sicherheitsl\u00fccken ausnutzen. Sie &hellip; <\/p>\n<p class=\"link-more\"><a href=\"http:\/\/wordpress.gurbuz.net\/?p=193116\" class=\"more-link\"><span class=\"screen-reader-text\">\u201eIch fragte mal bezugnehmend auf die IT, wer IST gef\u00e4hrlicher der interne oder externe T\u00e4ter? DER Verr\u00e4ter DER VERR\u00c4TER der ist gef\u00e4hrlicher ist in einer \u201estark\u201c gesicherten Umgebung der im innersten des inneren sitzt! PUNKT Und DAS t\u00fcrkische Rind wird bearbeitet wie nie zuvor, ja es geht ja auch um seinen Allerwertesten seine Zustimmung sinkt UND SINKT\u201c<\/span> weiterlesen<\/a><\/p>\n","protected":false},"author":1,"featured_media":0,"comment_status":"open","ping_status":"open","sticky":false,"template":"","format":"standard","meta":[],"categories":[1],"tags":[],"_links":{"self":[{"href":"http:\/\/wordpress.gurbuz.net\/index.php?rest_route=\/wp\/v2\/posts\/193116"}],"collection":[{"href":"http:\/\/wordpress.gurbuz.net\/index.php?rest_route=\/wp\/v2\/posts"}],"about":[{"href":"http:\/\/wordpress.gurbuz.net\/index.php?rest_route=\/wp\/v2\/types\/post"}],"author":[{"embeddable":true,"href":"http:\/\/wordpress.gurbuz.net\/index.php?rest_route=\/wp\/v2\/users\/1"}],"replies":[{"embeddable":true,"href":"http:\/\/wordpress.gurbuz.net\/index.php?rest_route=%2Fwp%2Fv2%2Fcomments&post=193116"}],"version-history":[{"count":6,"href":"http:\/\/wordpress.gurbuz.net\/index.php?rest_route=\/wp\/v2\/posts\/193116\/revisions"}],"predecessor-version":[{"id":193122,"href":"http:\/\/wordpress.gurbuz.net\/index.php?rest_route=\/wp\/v2\/posts\/193116\/revisions\/193122"}],"wp:attachment":[{"href":"http:\/\/wordpress.gurbuz.net\/index.php?rest_route=%2Fwp%2Fv2%2Fmedia&parent=193116"}],"wp:term":[{"taxonomy":"category","embeddable":true,"href":"http:\/\/wordpress.gurbuz.net\/index.php?rest_route=%2Fwp%2Fv2%2Fcategories&post=193116"},{"taxonomy":"post_tag","embeddable":true,"href":"http:\/\/wordpress.gurbuz.net\/index.php?rest_route=%2Fwp%2Fv2%2Ftags&post=193116"}],"curies":[{"name":"wp","href":"https:\/\/api.w.org\/{rel}","templated":true}]}}