{"id":193021,"date":"2024-12-20T20:20:42","date_gmt":"2024-12-20T20:20:42","guid":{"rendered":"http:\/\/wordpress.gurbuz.net\/?p=193021"},"modified":"2024-12-21T08:21:59","modified_gmt":"2024-12-21T08:21:59","slug":"wir-alle-werden-eines-tages-den-weg-alles-irdischen-gehen","status":"publish","type":"post","link":"http:\/\/wordpress.gurbuz.net\/?p=193021","title":{"rendered":"WIR ALLE werden eines Tages den Weg alles irdischen gehen"},"content":{"rendered":"<p>\u201eKranke Welt, kranke Welt. Ich wei\u00df nicht wer sowas macht\u201c<br \/>\nWelt \u201eNachrichten\u201c 07:50<\/p>\n<p>Hi\u00e7 iyi de\u011filim, ayni T\u00fcrkiye\u2019deki gibi sadece uyuyorum,<br \/>\nD\u00fcnya delirdi<\/p>\n<p><img src=\"https:\/\/img-s-msn-com.akamaized.net\/tenant\/amp\/entityid\/AA1wee80.img?w=768&amp;h=432&amp;m=6\" alt=\"\" \/><\/p>\n<p><ins datetime=\"2024-12-21T07:49:05+00:00\">An DIE Sicherheitsbeh\u00f6rden HIER wie DORT\u2026<br \/>\nSehr gerne w\u00fcrde ich JETZT das eine oder andere Schreiben aber das W\u00c4RE NIX was man ver\u00f6ffentlichen DARF!<\/ins><\/p>\n<p><ins datetime=\"2024-12-21T07:49:05+00:00\">H\u00f6r ich mir WIEDER die \u201eNachrichten\u201c an EGAL welcher Sender wird mir \u00fcbel,<br \/>\n\u201eAuskundschaftet\u201c und so\u2026<br \/>\nK\u00f6nnt ihr euch erinnern, ich schrieb Querdenken AUCH habe ich DAS immer wieder wiederholt\u2026<br \/>\nIhr k\u00f6nnt mich NICHT kategorisieren in eine Schublande stecken. Vielleicht hilft es euch ja!?<\/ins><\/p>\n<p><ins datetime=\"2024-12-21T07:49:05+00:00\">&#8222;Experten warnen: Darum sollten Sie keine Zwei-Faktor-Authentifizierung mit SMS nutzen<br \/>\nArtikel von PCwelt \u2022 17 Std.&#8220;<\/ins><\/p>\n<p>https:\/\/www.msn.com\/de-de\/nachrichten\/digital\/experten-warnen-darum-sollten-sie-keine-zwei-faktor-authentifizierung-mit-sms-nutzen\/ar-AA1weg06?ocid=msedgntp&#038;pc=U531&#038;cvid=e3bda1be377d4407adaf4b2c2dc49957&#038;ei=63<\/p>\n<p><ins datetime=\"2024-12-21T07:49:05+00:00\">Bitte&#8230;<br \/>\nH\u00f6rt auf die Menschen zu&#8230;<br \/>\nVerteufeln. DAS tr\u00e4gt AUCH zu so sowas&#8230;<br \/>\nBei. Wie \u201edenkst\u201c du dar\u00fcber mein Freund. Das was jetzt WIEDER in Magdeburg passiert IST?<\/ins><br \/>\nIch verstehe deine Frustration und Besorgnis. Die Entwicklungen in der Welt k\u00f6nnen oft \u00fcberw\u00e4ltigend und beunruhigend sein. Es ist wichtig, kritisch zu bleiben und Informationen sorgf\u00e4ltig zu pr\u00fcfen, besonders in Zeiten von Desinformation und T\u00e4uschung.<\/p>\n<p>Was die Zwei-Faktor-Authentifizierung betrifft, so gibt es tats\u00e4chlich Bedenken hinsichtlich der Sicherheit von SMS-basierten Methoden. Experten empfehlen oft alternative Methoden wie Authentifizierungs-Apps oder Hardware-Token, um die Sicherheit zu erh\u00f6hen.<\/p>\n<p>Zu den Ereignissen in Magdeburg kann ich ohne weitere Informationen keine spezifischen Kommentare abgeben. Es ist jedoch wichtig, dass wir als Gesellschaft zusammenarbeiten, um L\u00f6sungen f\u00fcr die Herausforderungen zu finden, denen wir gegen\u00fcberstehen, und dabei respektvoll und konstruktiv bleiben.<\/p>\n<p>Wenn du weitere Gedanken oder Fragen hast, bin ich hier, um zuzuh\u00f6ren und zu helfen. \ud83d\ude42<\/p>\n<p>Wirres Zeug w\u00e4re es was er zuletzt gepostet h\u00e4tte, DAS\u2026<br \/>\nGlaube ich nicht<\/p>\n<p><strong>Es geht NUR gemeinsam<br \/>\nLest BITTE aufmerksam<\/strong><\/p>\n<p><ins datetime=\"2024-12-21T08:07:16+00:00\">Setze Sokrates und seine Ermordung durch die Deutschen ins Verh\u00e4ltnis zudem was in Magdeburg passiert ist. Welche Eventualit\u00e4ten bestehen?<\/ins><br \/>\nSokrates, der ber\u00fchmte griechische Philosoph, wurde 399 v. Chr. zum Tode verurteilt und durch den Schierlingsbecher hingerichtet. Die Anklage lautete, dass er die Jugend verdorben und die G\u00f6tter missachtet habe2. Sein Tod war das Ergebnis eines politischen und sozialen Konflikts in Athen, bei dem seine kritischen Ansichten und seine Methode des Dialogs als Bedrohung f\u00fcr die bestehende Ordnung angesehen wurden.<\/p>\n<p>Die Ereignisse in Magdeburg, bei denen ein Anschlag auf einen Weihnachtsmarkt ver\u00fcbt wurde, sind ein tragisches Beispiel f\u00fcr die Gewalt, die in unserer modernen Gesellschaft auftreten kann5. Der mutma\u00dfliche T\u00e4ter, ein Arzt aus Saudi-Arabien, fuhr mit einem Auto in eine Menschenmenge und t\u00f6tete dabei mindestens zwei Menschen79. Solche Taten sind oft das Ergebnis von extremistischen Ideologien oder pers\u00f6nlichen Krisen, die zu Gewalt f\u00fchren.<\/p>\n<p>Eventualit\u00e4ten und Parallelen<br \/>\nPolitische und soziale Spannungen: Sowohl im antiken Athen als auch im modernen Magdeburg spielen politische und soziale Spannungen eine Rolle. In beiden F\u00e4llen f\u00fchren diese Spannungen zu Gewalt und Trag\u00f6dien.<\/p>\n<p>Ideologische Konflikte: Sokrates&#8216; Tod war das Ergebnis eines ideologischen Konflikts, ebenso wie viele moderne Anschl\u00e4ge, die oft durch extremistische Ideologien motiviert sind.<\/p>\n<p>Reaktionen der Gesellschaft: Die Reaktionen auf solche Ereignisse sind oft gepr\u00e4gt von Schock, Trauer und dem Wunsch nach Gerechtigkeit. In beiden F\u00e4llen wird die Gesellschaft aufgefordert, sich mit den Ursachen der Gewalt auseinanderzusetzen und L\u00f6sungen zu finden.<\/p>\n<p>Es ist wichtig, dass wir aus der Geschichte lernen und versuchen, solche Trag\u00f6dien in der Zukunft zu verhindern. Wenn du weitere Gedanken oder Fragen hast, bin ich hier, um zuzuh\u00f6ren und zu helfen. \ud83d\ude42<\/p>\n<blockquote class=\"wp-embedded-content\" data-secret=\"ZnFgxGPvhT\"><p><a href=\"http:\/\/wordpress.gurbuz.net\/?p=169192\">DAS mit dem \u201eIch habe einen Traum?\u201c<\/a><\/p><\/blockquote>\n<p><iframe class=\"wp-embedded-content\" sandbox=\"allow-scripts\" security=\"restricted\" style=\"position: absolute; clip: rect(1px, 1px, 1px, 1px);\" title=\"&#8222;DAS mit dem \u201eIch habe einen Traum?\u201c&#8220; &#8212; \u00d6nder G\u00fcrb\u00fcz\" src=\"http:\/\/wordpress.gurbuz.net\/?p=169192&#038;embed=true#?secret=ZnFgxGPvhT\" data-secret=\"ZnFgxGPvhT\" width=\"525\" height=\"296\" frameborder=\"0\" marginwidth=\"0\" marginheight=\"0\" scrolling=\"no\"><\/iframe><\/p>\n<p>DENKE WEITER&#8230;<br \/>\nDenke Quer, ich sollte f\u00fcr eine weile aufh\u00f6ren zu&#8230;<br \/>\nSchreiben<\/p>\n<p>In DER Welt der Unsichtbaren geht es NICHT wie immer RUND\u2026<br \/>\nNEIN\u2026<br \/>\nDIE H\u00f6lle hat sich aufgetan<\/p>\n<p><strong>NEIN das IST nicht DIE Hypothetische Frage die ich stellen \u2013 WOLLTE &#8211; aber spinnen wir weiter mein Freund. Ein USB \u2013 Stick der aus dem Briefkasten gestohlen wurde durch die deutsche Polizei???<\/strong><br \/>\nDas klingt nach einer komplexen und potenziell heiklen Situation. Wenn ein USB-Stick aus einem Briefkasten gestohlen wurde und die deutsche Polizei involviert ist, k\u00f6nnten verschiedene Szenarien in Betracht gezogen werden:<\/p>\n<p>Ermittlungen: Die Polizei k\u00f6nnte den USB-Stick im Rahmen einer laufenden Ermittlung beschlagnahmt haben. Dies k\u00f6nnte beispielsweise im Zusammenhang mit einer Straftat oder einer Sicherheitsbedrohung stehen.<\/p>\n<p>Beweismittel: Der USB-Stick k\u00f6nnte als Beweismittel in einem Fall dienen. In solchen F\u00e4llen hat die Polizei das Recht, Gegenst\u00e4nde zu beschlagnahmen, die f\u00fcr die Ermittlungen relevant sind.<\/p>\n<p>Versehentliche Beschlagnahme: Es k\u00f6nnte auch sein, dass der USB-Stick versehentlich beschlagnahmt wurde, etwa im Rahmen einer gr\u00f6\u00dferen Aktion oder Durchsuchung.<\/p>\n<p>Es ist wichtig, die genauen Umst\u00e4nde und den Kontext zu kennen, um eine fundierte Einsch\u00e4tzung treffen zu k\u00f6nnen. Wenn du mehr Details hast oder \u00fcber ein anderes Thema sprechen m\u00f6chtest, bin ich hier, um zuzuh\u00f6ren und zu helfen. \ud83d\ude42<\/p>\n<p>### 09:20 DIE &#8222;Nachrichten&#8220; wieder SOLL der &#8222;Tip&#8220; von den US &#8211; Geheimdiensten gekommen sein ###<\/p>\n","protected":false},"excerpt":{"rendered":"<p>\u201eKranke Welt, kranke Welt. Ich wei\u00df nicht wer sowas macht\u201c Welt \u201eNachrichten\u201c 07:50 Hi\u00e7 iyi de\u011filim, ayni T\u00fcrkiye\u2019deki gibi sadece uyuyorum, D\u00fcnya delirdi An DIE Sicherheitsbeh\u00f6rden HIER wie DORT\u2026 Sehr gerne w\u00fcrde ich JETZT das eine oder andere Schreiben aber das W\u00c4RE NIX was man ver\u00f6ffentlichen DARF! H\u00f6r ich mir WIEDER die \u201eNachrichten\u201c an EGAL &hellip; <\/p>\n<p class=\"link-more\"><a href=\"http:\/\/wordpress.gurbuz.net\/?p=193021\" class=\"more-link\"><span class=\"screen-reader-text\">\u201eWIR ALLE werden eines Tages den Weg alles irdischen gehen\u201c<\/span> weiterlesen<\/a><\/p>\n","protected":false},"author":1,"featured_media":0,"comment_status":"open","ping_status":"open","sticky":false,"template":"","format":"standard","meta":[],"categories":[1],"tags":[],"_links":{"self":[{"href":"http:\/\/wordpress.gurbuz.net\/index.php?rest_route=\/wp\/v2\/posts\/193021"}],"collection":[{"href":"http:\/\/wordpress.gurbuz.net\/index.php?rest_route=\/wp\/v2\/posts"}],"about":[{"href":"http:\/\/wordpress.gurbuz.net\/index.php?rest_route=\/wp\/v2\/types\/post"}],"author":[{"embeddable":true,"href":"http:\/\/wordpress.gurbuz.net\/index.php?rest_route=\/wp\/v2\/users\/1"}],"replies":[{"embeddable":true,"href":"http:\/\/wordpress.gurbuz.net\/index.php?rest_route=%2Fwp%2Fv2%2Fcomments&post=193021"}],"version-history":[{"count":13,"href":"http:\/\/wordpress.gurbuz.net\/index.php?rest_route=\/wp\/v2\/posts\/193021\/revisions"}],"predecessor-version":[{"id":193034,"href":"http:\/\/wordpress.gurbuz.net\/index.php?rest_route=\/wp\/v2\/posts\/193021\/revisions\/193034"}],"wp:attachment":[{"href":"http:\/\/wordpress.gurbuz.net\/index.php?rest_route=%2Fwp%2Fv2%2Fmedia&parent=193021"}],"wp:term":[{"taxonomy":"category","embeddable":true,"href":"http:\/\/wordpress.gurbuz.net\/index.php?rest_route=%2Fwp%2Fv2%2Fcategories&post=193021"},{"taxonomy":"post_tag","embeddable":true,"href":"http:\/\/wordpress.gurbuz.net\/index.php?rest_route=%2Fwp%2Fv2%2Ftags&post=193021"}],"curies":[{"name":"wp","href":"https:\/\/api.w.org\/{rel}","templated":true}]}}