{"id":192925,"date":"2024-12-20T06:16:34","date_gmt":"2024-12-20T06:16:34","guid":{"rendered":"http:\/\/wordpress.gurbuz.net\/?p=192925"},"modified":"2024-12-20T07:35:49","modified_gmt":"2024-12-20T07:35:49","slug":"kriege-auch-blutige-werden-auf-dem-boden-der-tatsachen-gewonnen-weil-wie-sagt-man-in-deutschland","status":"publish","type":"post","link":"http:\/\/wordpress.gurbuz.net\/?p=192925","title":{"rendered":">>> KRIEGE, auch BLUTIGE WERDEN auf dem Boden DER Tatsachen gewonnen, WEIL wie sagt man in Deutschland? <<<"},"content":{"rendered":"<p>L\u00fcgen HABEN kurze Beine<\/p>\n<p>Es WIRD weitergehen sobald ich kann<\/p>\n<blockquote class=\"wp-embedded-content\" data-secret=\"2HJ1CNPLWt\"><p><a href=\"http:\/\/wordpress.gurbuz.net\/?p=187450\"><\/a><\/p><\/blockquote>\n<p><iframe class=\"wp-embedded-content\" sandbox=\"allow-scripts\" security=\"restricted\" style=\"position: absolute; clip: rect(1px, 1px, 1px, 1px);\" title=\"&#8222;&#8220; &#8212; \u00d6nder G\u00fcrb\u00fcz\" src=\"http:\/\/wordpress.gurbuz.net\/?p=187450&#038;embed=true#?secret=2HJ1CNPLWt\" data-secret=\"2HJ1CNPLWt\" width=\"525\" height=\"296\" frameborder=\"0\" marginwidth=\"0\" marginheight=\"0\" scrolling=\"no\"><\/iframe><br \/>\nja UND ES WIRD zu einem Albtraum, ich wache einfach NICHT MEHR auf<\/p>\n<p>*<\/p>\n<p><strong>ich WARNE dich ein LETZTES MAL&#8230;<br \/>\nVer\u00e4ndere NICHT was ich ver\u00f6ffentliche!!!<\/strong><\/p>\n<p>WO IST DAS&#8230;<br \/>\nMit den Turkmenen und ODER Australien?<\/p>\n<p><img src=\"http:\/\/www.gurbuz.net\/Yeni\/Screenshot 2024-12-19 235422.jpg\" alt=\"\" \/><\/p>\n<p><a href=\"http:\/\/www.gurbuz.net\/Yeni\/Screenshot 2024-12-19 235556.jpg\" target=\"_blank\" rel=\"noopener\"># + #<\/a><\/p>\n<p>&#8222;<strong>Etatismus<\/strong><br \/>\n[\u00e9tat = franz.: Staat] Bezeichnung f\u00fcr eine politische Anschauung, die dem Interner Link:Staat eine (alles) \u00fcberragende Bedeutung im wirtschaftlichen und sozialen Leben einr\u00e4umt und i. d. R. mit zentralistischen Staatsauffassungen verbunden ist.<\/p>\n<p>Quelle: Schubert, Klaus\/Martina Klein: Das Politiklexikon. 7., aktual. u. erw. Aufl. Bonn: Dietz 2020. Lizenzausgabe Bonn: Bundeszentrale f\u00fcr politische Bildung.&#8220;<\/p>\n<p>https:\/\/www.bpb.de\/kurz-knapp\/lexika\/politiklexikon\/17420\/etatismus\/<\/p>\n<p>Mensch MUSS&#8230;<br \/>\nDas alles UND noch mehr verstehen DAMIT er sich erst eine Meinung\u2026<br \/>\nErlauben DARF, echt WICHTIG\u2026<br \/>\nAuch in der \u201eKurden Frage\u201c<br \/>\nIch hatte es ERST LETZTENS was sagteN die Kollektiven Nachrichten?<br \/>\n\u201eDie Kurden wollen sich nicht integrieren\u201c<br \/>\nWARUM NICHT?<\/p>\n<p>Wenn sie aufmerksam meine Beitr\u00e4ge gelesen haben DANN wissen sie WARUM!<\/p>\n<p>Es hei\u00dft DAS in etwa NICHT 13 Millionen sondern 20 Millionen kurdische Mitb\u00fcrger in der T\u00fcrkei leben. WAS glauben sie wohl WAS los w\u00e4re, wenn sie den Aufstand proben w\u00fcrden, WENN sie alle PKK und Ableger Anh\u00e4nger w\u00e4ren?<\/p>\n<p>DAS\u2026<br \/>\nIST dem kollektiven Westen in der T\u00fcrkei NIE gelungen, NIE\u2026<br \/>\nT\u00fcrken und Kurden SIND wie;<br \/>\nET ile TIRNAK\u2026<br \/>\nEs WIRD euch NICHT gelingen! Nicht in der T\u00fcrkei\u2026<br \/>\nAberrrrrrrrrr\u2026<br \/>\nDER Tayyip \u2013 und \u2013 <strong>BOP<\/strong>\u2026<br \/>\nIST in vollem Gange<br \/>\nPunkt<\/p>\n<p><img loading=\"lazy\" class=\"\" src=\"http:\/\/www.gurbuz.net\/Yeni\/Screenshot 2024-12-20 080836.jpg\" alt=\"\" width=\"396\" height=\"492\" \/><\/p>\n<p>\u0130hr KLEINEN Wixxer ihr denkt ihr seid die einzigen die (\u2026)<br \/>\n\u2026<br \/>\nMich habt ihr in diesem Ma\u00dfe nicht mit einkalkuliert\u2026<br \/>\nOder?<\/p>\n<p><ins datetime=\"2024-12-20T07:12:52+00:00\">WAS IST \u201eB\u00fcy\u00fck Ortadogu Projesi\u201c erkl\u00e4re mit einfachen, verst\u00e4ndlichen Worten\u2026 Und\u2026 Wie weit IST man mit diesem \u201eProjekt\u201c insbesondere BEACHTE jetzt das mit Syrien?<\/ins><br \/>\nDas \u201eB\u00fcy\u00fck Ortado\u011fu Projesi\u201c (Greater Middle East Initiative) ist ein politisches und wirtschaftliches Konzept, das 2004 von den USA unter Pr\u00e4sident George W. Bush vorgestellt wurde. Ziel des Projekts ist es, in der Region des Nahen Ostens, Nordafrikas und Teilen Asiens demokratische Reformen, wirtschaftliche Entwicklung und politische Stabilit\u00e4t zu f\u00f6rdern2.<\/p>\n<p>Ziele des Projekts<br \/>\nDemokratisierung: F\u00f6rderung demokratischer Regierungsformen und Verbesserung der Menschenrechte.<\/p>\n<p>Wirtschaftliche Reformen: St\u00e4rkung der freien Marktwirtschaft und Integration in die globale Wirtschaft.<\/p>\n<p>Terrorismusbek\u00e4mpfung: Reduzierung der Aktivit\u00e4ten radikaler Gruppen und F\u00f6rderung der Stabilit\u00e4t.<\/p>\n<p>Bildung und Frauenrechte: Verbesserung des Bildungsniveaus und F\u00f6rderung der Rolle der Frauen in der Gesellschaft3.<\/p>\n<p>Fortschritte und Herausforderungen<br \/>\nDas Projekt hat in verschiedenen L\u00e4ndern unterschiedliche Fortschritte gemacht. In Syrien hat der anhaltende B\u00fcrgerkrieg die Umsetzung der Ziele des Projekts erheblich erschwert. Die Region ist nach wie vor von Konflikten und Instabilit\u00e4t gepr\u00e4gt, was die wirtschaftliche Entwicklung und politische Reformen behindert.<\/p>\n<p>Bu konular\u0131 daha derinlemesine incelemek ve gelecek sorular\u0131n\u0131 yan\u0131tlamak i\u00e7in buraday\u0131m. \ud83d\ude42<\/p>\n<p><ins datetime=\"2024-12-20T07:12:52+00:00\">DAHA derinletmelerine BALIKLAMA dal\u0131\u015f yapaca\u011f\u0131z <\/ins><br \/>\nKesinlikle, derinlemesine dal\u0131\u015f yapmaya haz\u0131r\u0131z! \ud83d\ude42<\/p>\n<p>E\u011fer B\u00fcy\u00fck Ortado\u011fu Projesi ve Suriye&#8217;deki durumu daha detayl\u0131 incelemek istiyorsan, buraday\u0131m. Bu konular karma\u015f\u0131k ve \u00e7ok katmanl\u0131, ama birlikte her \u015feyi daha iyi anlayabiliriz.<\/p>\n<p>Ba\u015fka bir konuya ge\u00e7mek istersen veya daha fazla bilgi almak istersen, buraday\u0131m. \ud83d\ude42<\/p>\n","protected":false},"excerpt":{"rendered":"<p>L\u00fcgen HABEN kurze Beine Es WIRD weitergehen sobald ich kann ja UND ES WIRD zu einem Albtraum, ich wache einfach NICHT MEHR auf * ich WARNE dich ein LETZTES MAL&#8230; Ver\u00e4ndere NICHT was ich ver\u00f6ffentliche!!! WO IST DAS&#8230; Mit den Turkmenen und ODER Australien? # + # &#8222;Etatismus [\u00e9tat = franz.: Staat] Bezeichnung f\u00fcr eine &hellip; <\/p>\n<p class=\"link-more\"><a href=\"http:\/\/wordpress.gurbuz.net\/?p=192925\" class=\"more-link\"><span class=\"screen-reader-text\">\u201e>>> KRIEGE, auch BLUTIGE WERDEN auf dem Boden DER Tatsachen gewonnen, WEIL wie sagt man in Deutschland? <<<\u201c<\/span> weiterlesen<\/a><\/p>\n","protected":false},"author":1,"featured_media":0,"comment_status":"open","ping_status":"open","sticky":false,"template":"","format":"standard","meta":[],"categories":[1],"tags":[],"_links":{"self":[{"href":"http:\/\/wordpress.gurbuz.net\/index.php?rest_route=\/wp\/v2\/posts\/192925"}],"collection":[{"href":"http:\/\/wordpress.gurbuz.net\/index.php?rest_route=\/wp\/v2\/posts"}],"about":[{"href":"http:\/\/wordpress.gurbuz.net\/index.php?rest_route=\/wp\/v2\/types\/post"}],"author":[{"embeddable":true,"href":"http:\/\/wordpress.gurbuz.net\/index.php?rest_route=\/wp\/v2\/users\/1"}],"replies":[{"embeddable":true,"href":"http:\/\/wordpress.gurbuz.net\/index.php?rest_route=%2Fwp%2Fv2%2Fcomments&post=192925"}],"version-history":[{"count":8,"href":"http:\/\/wordpress.gurbuz.net\/index.php?rest_route=\/wp\/v2\/posts\/192925\/revisions"}],"predecessor-version":[{"id":192936,"href":"http:\/\/wordpress.gurbuz.net\/index.php?rest_route=\/wp\/v2\/posts\/192925\/revisions\/192936"}],"wp:attachment":[{"href":"http:\/\/wordpress.gurbuz.net\/index.php?rest_route=%2Fwp%2Fv2%2Fmedia&parent=192925"}],"wp:term":[{"taxonomy":"category","embeddable":true,"href":"http:\/\/wordpress.gurbuz.net\/index.php?rest_route=%2Fwp%2Fv2%2Fcategories&post=192925"},{"taxonomy":"post_tag","embeddable":true,"href":"http:\/\/wordpress.gurbuz.net\/index.php?rest_route=%2Fwp%2Fv2%2Ftags&post=192925"}],"curies":[{"name":"wp","href":"https:\/\/api.w.org\/{rel}","templated":true}]}}