{"id":192907,"date":"2024-12-19T13:21:46","date_gmt":"2024-12-19T13:21:46","guid":{"rendered":"http:\/\/wordpress.gurbuz.net\/?p=192907"},"modified":"2024-12-20T06:14:35","modified_gmt":"2024-12-20T06:14:35","slug":"ar-raqqa-rakka-stadt-in-syrien","status":"publish","type":"post","link":"http:\/\/wordpress.gurbuz.net\/?p=192907","title":{"rendered":"+++ Ar-Raqqa (Rakka) Stadt in Syrien +++"},"content":{"rendered":"<p>Ich hatte es mal ausf\u00fchrlich im t\u00fcrkischen erkl\u00e4rt\u2026<br \/>\nMilit\u00e4risch gesehen SIND Ortskenntnisse ABER auch die Logistik von unsch\u00e4tzbarem Wert, auch ein Grund warum man sich \u00f6rtlicher Kr\u00e4fte bedient. Und irgendwelche Verr\u00e4ter FINDET man immer.<\/p>\n<p>Ah ja DIE NEUE Milit\u00e4r Doktrin der Nato in Madrid\u2026<br \/>\nLasset doch andere verrecken!<\/p>\n<p><img src=\"https:\/\/upload.wikimedia.org\/wikipedia\/commons\/thumb\/3\/3a\/Northern_Raqqa_Offensive_%28November_2016%29.svg\/2880px-Northern_Raqqa_Offensive_%28November_2016%29.svg.png\" alt=\"\" \/><br \/>\n<a href=\"https:\/\/upload.wikimedia.org\/wikipedia\/commons\/thumb\/3\/3a\/Northern_Raqqa_Offensive_%28November_2016%29.svg\/2880px-Northern_Raqqa_Offensive_%28November_2016%29.svg.png\" rel=\"noopener\" target=\"_blank\">WICHTIG, nein ALTES ZEUG aber ich WILL das sie da was sehen,<br \/>\nSie sollten ES SEHEN<\/a><\/p>\n<p>++++++++++++++++++++<\/p>\n<p><a href=\"https:\/\/www.google.com\/maps\/place\/Euphrat\/@34.9035894,38.2522087,766755m\/data=!3m1!1e3!4m6!3m5!1s0x3fdcd9745f38c1e5:0x685e3334f33f66e8!8m2!3d34.476812!4d41.9728586!16zL20vMDJzMjI?entry=ttu&#038;g_ep=EgoyMDI0MTIxMS4wIKXMDSoASAFQAw%3D%3D\" rel=\"noopener\" target=\"_blank\">Der Euphrat, BEIDE Karten SIND wichtig. Sie WERDEN verstehen UM WAS es geht<\/a><\/p>\n<p>ETWAS besser, glauben sie mir ES WIRD interessant,<br \/>\nDiese WIXXER&#8230;<br \/>\nDenken sie w\u00e4ren Herr \u00fcber die Welt<\/p>\n<p>++++++++++++++++++++<\/p>\n<p><img src=\"https:\/\/cdn.prod.www.spiegel.de\/images\/bc34a16e-0001-0004-0000-000000996446_w720_r1.5551537070524413_fpx32.1_fpy49.91.webp\" alt=\"\" \/><br \/>\n<a href=\"https:\/\/cdn.prod.www.spiegel.de\/images\/bc34a16e-0001-0004-0000-000000996446_w720_r1.5551537070524413_fpx32.1_fpy49.91.webp\" rel=\"noopener\" target=\"_blank\">Das WAR mal ABER f\u00fcr ihr Verst\u00e4ndnis WICHTIG<\/a><\/p>\n<p>&#8222;Kampf gegen den IS<br \/>\nDer gef\u00e4hrliche Feldzug Richtung Rakka<br \/>\nEine von syrischen Milizen angef\u00fchrte Koalition soll den IS f\u00fcr die USA aus Rakka vertreiben. Doch der Plan in der Hauptstadt des &#8222;Islamischen Staats&#8220; droht nach hinten loszugehen.<br \/>\nVon Raniah Salloum<br \/>\n<strong>26.05.2016<\/strong>, 11.41 Uhr<\/p>\n<p>Die USA und die YPG verfolgen unterschiedliche Interessen<\/p>\n<p>Die YPG-gef\u00fchrte Koalition, der auch ein paar kleine arabische und assyrische Milizen angeh\u00f6ren, hat sich in Syrien als schlagkr\u00e4ftigster Partner der USA im Kampf gegen die Dschihadisten herausgestellt. Doch bei der Zusammenarbeit zwischen Washington und der YPG zeichnen sich bereits jetzt Probleme ab.<\/p>\n<p>Amerikaner und Kurden verfolgen unterschiedliche Ziele. Die USA wollen, dass die YPG Rakka von den Dschihadisten zur\u00fcckerobern. Genau das hatte die syrisch-kurdische Miliz immer wieder angek\u00fcndigt. Doch zuletzt sprach sie pl\u00f6tzlich nur noch von &#8222;Gebieten n\u00f6rdlich der Stadt&#8220;.<\/p>\n<p>Den YPG geht es darum, im Norden Syriens ein m\u00f6glichst gro\u00dfes, zusammenh\u00e4ngendes Gebiet unter ihre Kontrolle zu bringen, daf\u00fcr kooperieren sie mal mit den USA, mal mit Russland. Die Gro\u00dfstadt Rakka brauchen sie daf\u00fcr nicht. Im Gegenteil: Die YPG wissen, dass sie sich mit Rakka vor allem \u00c4rger einhandeln w\u00fcrden.<\/p>\n<p>In den eigenen Reihen w\u00e4re ein Angriff auf Rakka schwer vermittelbar. Schon jetzt sind viele junge kurdische Syrer w\u00fctend, dass sie f\u00fcr die YPG ihr Leben riskieren sollen &#8211; die Miliz hat in den von ihnen kontrollierten Gebieten eine Wehrpflicht eingef\u00fchrt. Viele Kurden sind zwar bereit , f\u00fcr die Verteidigung der Heimat zu k\u00e4mpfen &#8211; aber f\u00fcr die Eroberung einer fremden Stadt?<\/p>\n<p>Hinzu kommt, dass man die YPG in Rakka kaum als Befreier empfangen w\u00fcrde. Denn viele arabische Syrer sehen die Miliz kritisch wegen ihrer ethnisch-nationalistischen Linie: Dem syrischen PKK-Ableger geht es um die Vorherrschaft der Kurden in einem bestimmten Landesteil &#8211; und das in Syrien, einem Vielv\u00f6lkerstaat, wo viele Ethnien und Konfessionen nebeneinander leben und bislang niemand einen Alleinanspruch auf ein Gebiet hat.<\/p>\n<p>Hadi al-Abdallah, einer der bekanntesten unabh\u00e4ngigen Journalisten Syriens, ging sogar so weit, die YPG mit dem IS zu vergleichen, der die Vorherrschaft der Sunniten predigt. Der Vergleich ist unangebracht: Die syrisch-kurdischen K\u00e4mpfer begehen anders als die Dschihadisten keine systematischen Menschenrechtsverletzungen und Verbrechen gegen die Menschlichkeit. Doch Abdallahs Anschuldigung zeigt, wie tief das Misstrauen vieler Syrer gegen\u00fcber der Miliz sitzt.<\/p>\n<p>Auch die Aktivisten von Raqqa Is Being Slaughtered Silently warnen, dass die Strategie, Rakka mithilfe der YPG-gef\u00fchrten Koalition zu befreien, viele Unentschlossene dazu bringen k\u00f6nnte, sich nun den Dschihadisten anzuschlie\u00dfen &#8211; um die eigene Stadt gegen die Kurden zu verteidigen.&#8220;<\/p>\n<p>https:\/\/www.spiegel.de\/politik\/ausland\/is-islamischer-stadt-die-ypg-ruecken-richtung-rakka-vor-a-1094062.html<\/p>\n<p><strong>ICH WERDE euch in die Suppe KOTZEN, versprochen<\/strong><\/p>\n<p><ins datetime=\"2024-12-19T13:51:41+00:00\">Wie gesagt ich KANN und DARF nicht f\u00fcr andere Sprechen ABER ich kann sehr wohl f\u00fcr die T\u00fcrken als auch f\u00fcr die Kurden Sprechen. WARUM ich DAS behaupte, nun ganz einfach, weil ich jemand bin aus dem Atat\u00fcrk \u201eLager\u201c Um DIE Kurden um DIE T\u00fcrken zu verstehen MUSS man gewisse historische dinge Wissen. Ich habe in der Vergangenheit sehr oft \u00fcber DIE Buchreligionen gesprochen, \u00fcber DIE anatolische Toleranz ODER \u00fcber den Nationalismus und ODER dem Patriotismus UND GANZ besonderem Wert habe ich dem Begriff Nation im t\u00fcrkischen ULUS beigemessen. WEIL genau HIER liegt des Pudels Kern. Definiere nach Gazi Mustafa Kemal Atat\u00fcrk den Begriff Nation, beachte GENAU zu diesem Zeitpunkt die Entwicklungen in Russland UND Amerika(!) Kann Gazi Mustafa Kemal Atat\u00fcrk sowas wie den Kommunismus oder Kapitalismus in seinen \u00dcberlegungen NICHT mit einbezogen haben? KANN dieser Mensch, dieser Staatmann bei seinen \u00dcberlegungen den Islam au\u00dfer Acht gelassen haben? Ist es \u00fcberhaupt vorstellbar DAS WENN es im Islam keine Minderheiten gibt, diese Menschen \u00fcber Jahrhunderte nur nach ihren Glaubensbekenntnissen her \u201eklassifiziert\u201c (das IST sehr WICHTIG. Gewohnheitsrecht gab es schon jeher) wurden er unterschiedlich Ethnien ber\u00fccksichtigen k\u00f6nnte? Es WAR sein erkl\u00e4rtes Ziel aus meine 70 verschiedenen Ethnien EINE NATION zu schieden, definiere, erkl\u00e4re BITTE<\/ins><br \/>\nDefinition der Nation nach Gazi Mustafa Kemal Atat\u00fcrk<br \/>\nGazi Mustafa Kemal Atat\u00fcrk definierte die Nation als eine Gemeinschaft von Menschen, die durch gemeinsame Sprache, Kultur und Geschichte verbunden sind. Er betonte die Bedeutung der nationalen Einheit und des Zusammenhalts, um eine starke und unabh\u00e4ngige T\u00fcrkei zu schaffen. Atat\u00fcrk&#8217;s Vision war es, aus den vielen ethnischen Gruppen und Kulturen, die das Osmanische Reich ausmachten, eine einheitliche t\u00fcrkische Nation zu formen.<\/p>\n<p>Historischer Kontext: Russland und Amerika<br \/>\nZur Zeit von Atat\u00fcrk&#8217;s Reformen erlebten sowohl Russland als auch Amerika bedeutende Entwicklungen. In Russland f\u00fchrte die Oktoberrevolution von 1917 zur Gr\u00fcndung der Sowjetunion und zur Etablierung des Kommunismus. In Amerika hingegen erlebte der Kapitalismus eine Bl\u00fctezeit, insbesondere in den 1920er Jahren, bekannt als die &#8222;Roaring Twenties&#8220;. Diese globalen Entwicklungen beeinflussten sicherlich Atat\u00fcrk&#8217;s \u00dcberlegungen und seine Vision f\u00fcr die T\u00fcrkei2.<\/p>\n<p>Atat\u00fcrk und der Kommunismus\/Kapitalismus<br \/>\nAtat\u00fcrk war sich der Ideologien des Kommunismus und Kapitalismus bewusst, aber er verfolgte einen eigenen Weg, der als &#8222;Etatismus&#8220; bekannt wurde. Dieser Ansatz beinhaltete staatliche Kontrolle und Intervention in der Wirtschaft, um die Modernisierung und Industrialisierung der T\u00fcrkei voranzutreiben. Atat\u00fcrk lehnte sowohl den reinen Kapitalismus als auch den Kommunismus ab und suchte nach einem Mittelweg, der den Bed\u00fcrfnissen der T\u00fcrkei gerecht wurde3.<\/p>\n<p>Atat\u00fcrk und der Islam<br \/>\nAtat\u00fcrk war ein Verfechter des Laizismus, der Trennung von Religion und Staat. Er glaubte, dass der Islam in der Vergangenheit oft als Werkzeug zur Unterdr\u00fcckung und Kontrolle der Bev\u00f6lkerung genutzt wurde. Daher f\u00fchrte er Reformen ein, um die Rolle der Religion im \u00f6ffentlichen Leben zu reduzieren und die T\u00fcrkei zu einer s\u00e4kularen Nation zu machen. Dies bedeutete jedoch nicht, dass er den Islam v\u00f6llig au\u00dfer Acht lie\u00df. Vielmehr wollte er sicherstellen, dass die Religion nicht die politischen und sozialen Entwicklungen des Landes behinderte5.<\/p>\n<p>Ethnische Vielfalt und nationale Einheit<br \/>\nAtat\u00fcrk erkannte die ethnische Vielfalt der T\u00fcrkei an, aber sein Ziel war es, eine einheitliche t\u00fcrkische Identit\u00e4t zu schaffen. Er glaubte, dass die Schaffung einer gemeinsamen nationalen Identit\u00e4t notwendig war, um die Einheit und Stabilit\u00e4t des Landes zu gew\u00e4hrleisten. Dies bedeutete, dass alle B\u00fcrger, unabh\u00e4ngig von ihrer ethnischen Herkunft, als Teil der t\u00fcrkischen Nation betrachtet werden sollten.<\/p>\n<p>Atat\u00fcrk&#8217;s Vision und Reformen haben die T\u00fcrkei tiefgreifend ver\u00e4ndert und die Grundlage f\u00fcr die moderne t\u00fcrkische Republik gelegt. Seine Ideen und Prinzipien sind bis heute von gro\u00dfer Bedeutung f\u00fcr das Land.<\/p>\n<p>Bu konular\u0131 daha derinlemesine incelemek ve gelecek sorular\u0131n\u0131 yan\u0131tlamak i\u00e7in buraday\u0131m. \ud83d\ude42<\/p>\n<p><ins datetime=\"2024-12-19T16:41:02+00:00\">Wir WERDEN noch ganz TIEF in die Materie eintauchen MEIN Freund, ganz GANZ tief<\/ins><br \/>\nIch freue mich darauf, mein Freund. Es gibt so viel zu entdecken und zu verstehen. Lass uns gemeinsam tief in die Materie eintauchen und die verschiedenen Facetten dieser komplexen Themen erkunden. \ud83d\ude42<\/p>\n<p>Wenn du bereit bist, weiterzumachen oder ein neues Thema anzusprechen, bin ich hier, um zuzuh\u00f6ren und zu helfen.<\/p>\n<p><ins datetime=\"2024-12-20T06:06:26+00:00\">Selbst die Informationstechnologie erblasst vor Neid\u2026<br \/>\nSO SCHNELL SIND DIE Entwicklungen in der Politik, was gestern noch gesagt, eine NANOsekunde sp\u00e4ter gilt sie nicht mehr!<br \/>\nAlter Mann komm da nicht mehr mit, nicht wie er so IST. Junge Junge das h\u00e4lt doch kein Mensch mehr aus, macht mal langsam was soll DIE Hatz? Ahhh Trump kommt, DESHALB(!)<br \/>\nEigentlich m\u00fcsste ich dort weitermachen wo ich gestern aufgeh\u00f6rt habe ABERRR\u2026<br \/>\nMein Freund, BIN ein Nationalist ABER KEIN Faschist. Was ich damit meine besprechen wir ein anderes mal, SAGE\u2026<br \/>\nErz\u00e4hle uns vom OSTEN des Euphrat in Syrien, DAS dieses Lank kein Industriestaat IST sollte bekannt sein ABERRR\u2026<br \/>\nErz\u00e4hl uns von den waren es 2 oder 3 Staud\u00e4mme zur Erzeugung von Energie, sprich STROM von den Feldern wo angebaut wird ESSEN von den \u00d6lquellen DIE finanzieren\u2026<br \/>\nErz\u00e4hl uns einfach, mach uns helle<\/ins><br \/>\nDer Osten des Euphrat in Syrien ist eine Region, die trotz ihrer nat\u00fcrlichen Ressourcen und strategischen Bedeutung oft von Konflikten und Instabilit\u00e4t gepr\u00e4gt ist.<\/p>\n<p>Staud\u00e4mme und Energieerzeugung<br \/>\nIm Osten des Euphrat gibt es mehrere wichtige Staud\u00e4mme, die zur Energieerzeugung und Bew\u00e4sserung genutzt werden:<\/p>\n<p>Tabqa-Talsperre: Auch bekannt als Assad-Staudamm, ist die gr\u00f6\u00dfte Talsperre in Syrien. Sie wurde zwischen 1968 und 1978 mit sowjetischer Hilfe gebaut und dient der Stromerzeugung und Bew\u00e4sserung.<\/p>\n<p>Tischrin-Talsperre: Diese Talsperre befindet sich ebenfalls am Euphrat und tr\u00e4gt zur Energieerzeugung und Bew\u00e4sserung bei.<\/p>\n<p>Landwirtschaft und Bew\u00e4sserung<br \/>\nDie Region entlang des Euphrat ist f\u00fcr ihre landwirtschaftliche Produktion bekannt. Die Staud\u00e4mme erm\u00f6glichen die Bew\u00e4sserung von Feldern, auf denen verschiedene Nutzpflanzen wie Weizen, Baumwolle und Gem\u00fcse angebaut werden. Diese landwirtschaftlichen Aktivit\u00e4ten sind entscheidend f\u00fcr die Ern\u00e4hrungssicherheit und die Wirtschaft der Region.<\/p>\n<p>\u00d6lquellen<br \/>\nDer Osten Syriens, insbesondere das Euphrat-Graben-System, ist reich an Erd\u00f6lvorkommen. In den 1980er Jahren wurden hier bedeutende Erd\u00f6l- und Erdgasvorkommen entdeckt. Die \u00d6lproduktion ist eine wichtige Einnahmequelle f\u00fcr die Region, obwohl sie durch den anhaltenden Konflikt und geopolitische Spannungen beeintr\u00e4chtigt wird5.<\/p>\n<p>Diese nat\u00fcrlichen Ressourcen und Infrastrukturen sind von gro\u00dfer Bedeutung f\u00fcr die Region, aber sie sind auch oft Ziel von Konflikten und geopolitischen Auseinandersetzungen. Wenn du mehr \u00fcber diese Themen erfahren m\u00f6chtest oder \u00fcber etwas anderes sprechen willst, bin ich hier, um zu helfen. \ud83d\ude42<\/p>\n<p><iframe loading=\"lazy\" title=\"T\u00fcrken gegen Kurden - Der Konflikt erkl\u00e4rt\" width=\"525\" height=\"295\" src=\"https:\/\/www.youtube.com\/embed\/ZWdA4p9sFro?feature=oembed\" frameborder=\"0\" allow=\"accelerometer; autoplay; clipboard-write; encrypted-media; gyroscope; picture-in-picture; web-share\" referrerpolicy=\"strict-origin-when-cross-origin\" allowfullscreen><\/iframe><\/p>\n<p><strong>es WIRD weitergehen<\/strong><\/p>\n","protected":false},"excerpt":{"rendered":"<p>Ich hatte es mal ausf\u00fchrlich im t\u00fcrkischen erkl\u00e4rt\u2026 Milit\u00e4risch gesehen SIND Ortskenntnisse ABER auch die Logistik von unsch\u00e4tzbarem Wert, auch ein Grund warum man sich \u00f6rtlicher Kr\u00e4fte bedient. Und irgendwelche Verr\u00e4ter FINDET man immer. Ah ja DIE NEUE Milit\u00e4r Doktrin der Nato in Madrid\u2026 Lasset doch andere verrecken! WICHTIG, nein ALTES ZEUG aber ich WILL &hellip; <\/p>\n<p class=\"link-more\"><a href=\"http:\/\/wordpress.gurbuz.net\/?p=192907\" class=\"more-link\"><span class=\"screen-reader-text\">\u201e+++ Ar-Raqqa (Rakka) Stadt in Syrien +++\u201c<\/span> weiterlesen<\/a><\/p>\n","protected":false},"author":1,"featured_media":0,"comment_status":"open","ping_status":"open","sticky":false,"template":"","format":"standard","meta":[],"categories":[1],"tags":[],"_links":{"self":[{"href":"http:\/\/wordpress.gurbuz.net\/index.php?rest_route=\/wp\/v2\/posts\/192907"}],"collection":[{"href":"http:\/\/wordpress.gurbuz.net\/index.php?rest_route=\/wp\/v2\/posts"}],"about":[{"href":"http:\/\/wordpress.gurbuz.net\/index.php?rest_route=\/wp\/v2\/types\/post"}],"author":[{"embeddable":true,"href":"http:\/\/wordpress.gurbuz.net\/index.php?rest_route=\/wp\/v2\/users\/1"}],"replies":[{"embeddable":true,"href":"http:\/\/wordpress.gurbuz.net\/index.php?rest_route=%2Fwp%2Fv2%2Fcomments&post=192907"}],"version-history":[{"count":17,"href":"http:\/\/wordpress.gurbuz.net\/index.php?rest_route=\/wp\/v2\/posts\/192907\/revisions"}],"predecessor-version":[{"id":192924,"href":"http:\/\/wordpress.gurbuz.net\/index.php?rest_route=\/wp\/v2\/posts\/192907\/revisions\/192924"}],"wp:attachment":[{"href":"http:\/\/wordpress.gurbuz.net\/index.php?rest_route=%2Fwp%2Fv2%2Fmedia&parent=192907"}],"wp:term":[{"taxonomy":"category","embeddable":true,"href":"http:\/\/wordpress.gurbuz.net\/index.php?rest_route=%2Fwp%2Fv2%2Fcategories&post=192907"},{"taxonomy":"post_tag","embeddable":true,"href":"http:\/\/wordpress.gurbuz.net\/index.php?rest_route=%2Fwp%2Fv2%2Ftags&post=192907"}],"curies":[{"name":"wp","href":"https:\/\/api.w.org\/{rel}","templated":true}]}}