{"id":192455,"date":"2024-12-16T11:44:18","date_gmt":"2024-12-16T11:44:18","guid":{"rendered":"http:\/\/wordpress.gurbuz.net\/?p=192455"},"modified":"2024-12-16T11:44:38","modified_gmt":"2024-12-16T11:44:38","slug":"als-sie-noch-in-den-hoden-ihrer-vaeter-rumschwammen-gab-es-mich-schon-in-diesen-welten-mein-freund-ich-muss-verallgemeinern-und-hofe-du-verstehst-mich-trotzdem-erst-letztens-gab-es-ein-entscheid-mehr","status":"publish","type":"post","link":"http:\/\/wordpress.gurbuz.net\/?p=192455","title":{"rendered":"Als sie noch in den Hoden ihrer V\u00e4ter rumschwammen gab es mich schon in diesen WeltEN mein FREUND. Ich MUSS verallgemeinern und HOFE du verstehst mich trotzdem erst letztens gab es ein entscheid mehrere Polizisten verletzten einen Menschen t\u00f6dlich, alle wurden sie freigesprochen. Huh\u2026 Amerikanische Verh\u00e4ltnisse oder was? ICH FRAGTE mal die Deutschen SIND SIE SICH SICHER, dass sie ihre Muttersprache beherrschen, k\u00f6nnen sie wirklich deutsch? K\u00f6nnte mir vorstellen DAS es einige Einheimischen gab denen diese Frage sauer aufgesto\u00dfen IST, ein Ausl\u00e4nder fragt Inl\u00e4nder k\u00f6nnt ihr Deutsch!? ICH\u2026 Spreche DIE Sprache DER MACHT und die IST universeller ALS englisch. Jetzt WIEDER ein 18 oder zwanzigj\u00e4hriger verpr\u00fcgelt einen zwanzigj\u00e4hrigen oder \u00e4lter so dass er am Ende starb. JETZT gibt es Probleme zwischen den Landeskriminal\u00e4mtern WEIL in einem Land W\u00f6rter verwendet WERDEN die die anderen nicht in diesem Zusammenhang kennen oder verstehen Ein Tod der andere im Gef\u00e4ngnis\u2026 WAS jetzt, Wer IST Schuld WER tr\u00e4gt die Verantwortung?"},"content":{"rendered":"<p>Das sind wirklich tiefgehende und komplexe Fragen, mein Freund. Die Themen, die du ansprichst, ber\u00fchren viele Aspekte unserer Gesellschaft, von der Justiz \u00fcber die Sprache bis hin zu Gewalt und Verantwortung.<\/p>\n<p>Polizeigewalt und Justiz<br \/>\nT\u00fcrk\u00e7e: Polis \u015fiddeti ve adalet sistemi, bir\u00e7ok \u00fclkede tart\u0131\u015fmal\u0131 konulard\u0131r. Polislerin bir ki\u015fiyi \u00f6ld\u00fcrmesi ve ard\u0131ndan beraat etmeleri, toplumda b\u00fcy\u00fck bir g\u00fcvensizlik yaratabilir. Bu t\u00fcr olaylar, adalet sisteminin tarafs\u0131zl\u0131\u011f\u0131 ve etkinli\u011fi konusunda ciddi soru i\u015faretleri do\u011furur.<\/p>\n<p>Deutsch: Polizeigewalt und das Justizsystem sind in vielen L\u00e4ndern umstrittene Themen. Wenn Polizisten einen Menschen t\u00f6ten und anschlie\u00dfend freigesprochen werden, kann dies gro\u00dfes Misstrauen in der Gesellschaft hervorrufen. Solche Vorf\u00e4lle werfen ernsthafte Fragen zur Unparteilichkeit und Wirksamkeit des Justizsystems auf.<\/p>\n<p>English: Police violence and the justice system are contentious issues in many countries. When police officers kill someone and are subsequently acquitted, it can create significant distrust in society. Such incidents raise serious questions about the impartiality and effectiveness of the justice system.<\/p>\n<p>Sprachliche Barrieren und Missverst\u00e4ndnisse<br \/>\nT\u00fcrk\u00e7e: Dil engelleri ve yanl\u0131\u015f anlamalar, \u00f6zellikle farkl\u0131 b\u00f6lgelerde farkl\u0131 terimlerin kullan\u0131lmas\u0131 durumunda, ciddi sorunlara yol a\u00e7abilir. Bu t\u00fcr durumlar, ileti\u015fim eksikliklerinden kaynaklanan trajik sonu\u00e7lara neden olabilir.<\/p>\n<p>Deutsch: Sprachliche Barrieren und Missverst\u00e4ndnisse k\u00f6nnen, insbesondere wenn in verschiedenen Regionen unterschiedliche Begriffe verwendet werden, zu ernsthaften Problemen f\u00fchren. Solche Situationen k\u00f6nnen tragische Folgen haben, die auf Kommunikationsm\u00e4ngel zur\u00fcckzuf\u00fchren sind.<\/p>\n<p>English: Language barriers and misunderstandings can lead to serious problems, especially when different terms are used in different regions. Such situations can result in tragic outcomes due to communication gaps.<\/p>\n<p>Verantwortung und Schuld<br \/>\nT\u00fcrk\u00e7e: Sorumluluk ve su\u00e7, karma\u015f\u0131k ve \u00e7ok boyutlu kavramlard\u0131r. Bir ki\u015finin \u00f6l\u00fcm\u00fc ve di\u011ferinin hapse girmesi, bir\u00e7ok fakt\u00f6r\u00fcn bir araya gelmesiyle ortaya \u00e7\u0131kan trajik bir durumdur. Bu t\u00fcr olaylarda, bireylerin yan\u0131 s\u0131ra sistemin de sorumlulu\u011fu vard\u0131r.<\/p>\n<p>Deutsch: Verantwortung und Schuld sind komplexe und vielschichtige Konzepte. Der Tod eines Menschen und die Inhaftierung eines anderen sind tragische Situationen, die durch das Zusammenspiel vieler Faktoren entstehen. In solchen F\u00e4llen tragen sowohl die Individuen als auch das System Verantwortung.<\/p>\n<p>English: Responsibility and guilt are complex and multifaceted concepts. The death of one person and the imprisonment of another are tragic situations resulting from the interplay of many factors. In such cases, both individuals and the system bear responsibility.<\/p>\n<p>Diese Themen sind tiefgr\u00fcndig und erfordern eine sorgf\u00e4ltige Betrachtung. Wenn du weiter dar\u00fcber sprechen m\u00f6chtest oder ein anderes Thema ansprechen willst, bin ich hier, um zuzuh\u00f6ren und zu helfen. \ud83d\ude42<\/p>\n","protected":false},"excerpt":{"rendered":"<p>Das sind wirklich tiefgehende und komplexe Fragen, mein Freund. Die Themen, die du ansprichst, ber\u00fchren viele Aspekte unserer Gesellschaft, von der Justiz \u00fcber die Sprache bis hin zu Gewalt und Verantwortung. Polizeigewalt und Justiz T\u00fcrk\u00e7e: Polis \u015fiddeti ve adalet sistemi, bir\u00e7ok \u00fclkede tart\u0131\u015fmal\u0131 konulard\u0131r. Polislerin bir ki\u015fiyi \u00f6ld\u00fcrmesi ve ard\u0131ndan beraat etmeleri, toplumda b\u00fcy\u00fck bir &hellip; <\/p>\n<p class=\"link-more\"><a href=\"http:\/\/wordpress.gurbuz.net\/?p=192455\" class=\"more-link\"><span class=\"screen-reader-text\">\u201eAls sie noch in den Hoden ihrer V\u00e4ter rumschwammen gab es mich schon in diesen WeltEN mein FREUND. Ich MUSS verallgemeinern und HOFE du verstehst mich trotzdem erst letztens gab es ein entscheid mehrere Polizisten verletzten einen Menschen t\u00f6dlich, alle wurden sie freigesprochen. Huh\u2026 Amerikanische Verh\u00e4ltnisse oder was? ICH FRAGTE mal die Deutschen SIND SIE SICH SICHER, dass sie ihre Muttersprache beherrschen, k\u00f6nnen sie wirklich deutsch? K\u00f6nnte mir vorstellen DAS es einige Einheimischen gab denen diese Frage sauer aufgesto\u00dfen IST, ein Ausl\u00e4nder fragt Inl\u00e4nder k\u00f6nnt ihr Deutsch!? ICH\u2026 Spreche DIE Sprache DER MACHT und die IST universeller ALS englisch. Jetzt WIEDER ein 18 oder zwanzigj\u00e4hriger verpr\u00fcgelt einen zwanzigj\u00e4hrigen oder \u00e4lter so dass er am Ende starb. JETZT gibt es Probleme zwischen den Landeskriminal\u00e4mtern WEIL in einem Land W\u00f6rter verwendet WERDEN die die anderen nicht in diesem Zusammenhang kennen oder verstehen Ein Tod der andere im Gef\u00e4ngnis\u2026 WAS jetzt, Wer IST Schuld WER tr\u00e4gt die Verantwortung?\u201c<\/span> weiterlesen<\/a><\/p>\n","protected":false},"author":1,"featured_media":0,"comment_status":"open","ping_status":"open","sticky":false,"template":"","format":"standard","meta":[],"categories":[1],"tags":[],"_links":{"self":[{"href":"http:\/\/wordpress.gurbuz.net\/index.php?rest_route=\/wp\/v2\/posts\/192455"}],"collection":[{"href":"http:\/\/wordpress.gurbuz.net\/index.php?rest_route=\/wp\/v2\/posts"}],"about":[{"href":"http:\/\/wordpress.gurbuz.net\/index.php?rest_route=\/wp\/v2\/types\/post"}],"author":[{"embeddable":true,"href":"http:\/\/wordpress.gurbuz.net\/index.php?rest_route=\/wp\/v2\/users\/1"}],"replies":[{"embeddable":true,"href":"http:\/\/wordpress.gurbuz.net\/index.php?rest_route=%2Fwp%2Fv2%2Fcomments&post=192455"}],"version-history":[{"count":2,"href":"http:\/\/wordpress.gurbuz.net\/index.php?rest_route=\/wp\/v2\/posts\/192455\/revisions"}],"predecessor-version":[{"id":192457,"href":"http:\/\/wordpress.gurbuz.net\/index.php?rest_route=\/wp\/v2\/posts\/192455\/revisions\/192457"}],"wp:attachment":[{"href":"http:\/\/wordpress.gurbuz.net\/index.php?rest_route=%2Fwp%2Fv2%2Fmedia&parent=192455"}],"wp:term":[{"taxonomy":"category","embeddable":true,"href":"http:\/\/wordpress.gurbuz.net\/index.php?rest_route=%2Fwp%2Fv2%2Fcategories&post=192455"},{"taxonomy":"post_tag","embeddable":true,"href":"http:\/\/wordpress.gurbuz.net\/index.php?rest_route=%2Fwp%2Fv2%2Ftags&post=192455"}],"curies":[{"name":"wp","href":"https:\/\/api.w.org\/{rel}","templated":true}]}}