{"id":192156,"date":"2024-12-13T07:43:34","date_gmt":"2024-12-13T07:43:34","guid":{"rendered":"http:\/\/wordpress.gurbuz.net\/?p=192156"},"modified":"2024-12-13T09:00:44","modified_gmt":"2024-12-13T09:00:44","slug":"hah-sooo-der-witz-an-der-geschicht-ist-doch-es-vorher","status":"publish","type":"post","link":"http:\/\/wordpress.gurbuz.net\/?p=192156","title":{"rendered":"&#8211; haH sooo, DER Witz an der Geschicht IST DOCH es vorher &#8211;"},"content":{"rendered":"<p><img src=\"http:\/\/www.gurbuz.net\/Yeni\/Screenshot 2024-12-13 083953.jpg\" alt=\"\" \/><\/p>\n<p>EINER meiner WeltEN<\/p>\n<blockquote class=\"wp-embedded-content\" data-secret=\"gVtizIJQZv\"><p><a href=\"http:\/\/wordpress.gurbuz.net\/?p=168332\">Ulan bir daha d\u00fcnyaya gelirsem<\/a><\/p><\/blockquote>\n<p><iframe class=\"wp-embedded-content\" sandbox=\"allow-scripts\" security=\"restricted\" style=\"position: absolute; clip: rect(1px, 1px, 1px, 1px);\" title=\"&#8222;Ulan bir daha d\u00fcnyaya gelirsem&#8220; &#8212; \u00d6nder G\u00fcrb\u00fcz\" src=\"http:\/\/wordpress.gurbuz.net\/?p=168332&#038;embed=true#?secret=gVtizIJQZv\" data-secret=\"gVtizIJQZv\" width=\"525\" height=\"296\" frameborder=\"0\" marginwidth=\"0\" marginheight=\"0\" scrolling=\"no\"><\/iframe><\/p>\n<p>Auch richtig, EINE andere sind DIESE&#8230;<br \/>\nZweibeiner<\/p>\n<p>\ud83d\ude42 \ud83d\ude42 \ud83d\ude42<\/p>\n<p>Ahhh ich HABE so&#8230;<br \/>\nViele WeltEN wo ich zuhause&#8230;<br \/>\nBIN (nein, war \u00c7eyrek WIRD richtig alt)<\/p>\n<p>*<\/p>\n<p>WAS&#8230;<br \/>\nHaben Frauen UND&#8230;<br \/>\nK\u00fcnstliche Intelligenzen\u2026<br \/>\nGemeinsam?<\/p>\n<p>\u00dcberlegen sie mal\u2026<br \/>\nDIE\u2026<br \/>\nAntwort irgendWANN<\/p>\n<p>Und NEIN ist nicht DAS mit der\u2026<br \/>\nSteckdose\u2026<br \/>\nDas sowie so, biste einmal in ihren F\u00e4ngen\u2026<br \/>\nBISTE am Arsch<\/p>\n<p>\ud83d\ude09<\/p>\n<p>Es KANN nicht sch\u00f6neres geben als ein Junggesellen Leben\u2026<br \/>\nBIS\u2026<br \/>\nZu einem gewissen Alter ab DANN ist es Pflicht EINE <strong>Frau<\/strong> an deiner Seite zu haben\u2026<br \/>\nPurer\u2026<br \/>\nEgoismus<\/p>\n<p>\u00d6nder kalk ARTIK<\/p>\n<p><img src=\"https:\/\/img-s-msn-com.akamaized.net\/tenant\/amp\/entityid\/AA1vLH9a.img?w=768&#038;h=367&#038;m=6&#038;x=537&#038;y=194&#038;s=281&#038;d=281\" alt=\"\" \/><\/p>\n<p>Und&#8230;<br \/>\nDAS IST wahr<\/p>\n<p>&#8222;\u201eTrump ist nicht wichtig, wie dieser Krieg endet\u201c, sagt dessen ehemaliger Sicherheitsberater<br \/>\n3 Std.&#8220;<\/p>\n<p>https:\/\/www.msn.com\/de-de\/nachrichten\/politik\/trump-ist-nicht-wichtig-wie-dieser-krieg-endet-sagt-dessen-ehemaliger-sicherheitsberater\/ar-AA1vLIvw?ocid=msedgntp&#038;pc=U531&#038;cvid=0266d43101604a6d8b87cf5bd2a51a11&#038;ei=48<\/p>\n<p>\u00dcber&#8230;<br \/>\nODER unter, aberrr&#8230;<br \/>\nTIEFER&#8230;<br \/>\nSpielt DIE MUSIK<\/p>\n<p><img src=\"https:\/\/img-s-msn-com.akamaized.net\/tenant\/amp\/entityid\/AA1vKzOv.img?w=400&#038;h=225&#038;m=6\" alt=\"\" \/><\/p>\n<p>&#8222;Syrien vor Ver\u00e4nderungen: Islamisten setzen Verfassung und Parlament aus<br \/>\n13 Std.&#8220;<\/p>\n<p>https:\/\/www.msn.com\/de-de\/nachrichten\/politik\/syrien-vor-ver%C3%A4nderungen-islamisten-setzen-verfassung-und-parlament-aus\/ar-AA1vKpZI?ocid=msedgntp&#038;pc=U531&#038;cvid=73ef4d523ce74888b4c3fbae25ba23c6&#038;ei=33<\/p>\n<p>SIE WERDEN bis (&#8230;)<br \/>\nAberrr DANN!<\/p>\n<p><img src=\"http:\/\/www.gurbuz.net\/Yeni\/Screenshot 2024-12-13 093814.jpg\" alt=\"\" \/><\/p>\n<p>NUR ein Stromausfall???<br \/>\nNein&#8230;<br \/>\nIch HATTE v i e l e WERDEN S t e r b e n<\/p>\n<p>&#8230;<br \/>\n&#8222;Nach den ersten Lieferungen war der Hype dennoch gro\u00df. Erste Sichtungen der F-16-Kampfjets in der Ukraine gingen um die Welt, Pr\u00e4sident Selenskyj stellte die Kampfflugzeuge medienwirksam vor. Aufsehen erregte auch der bittere Absturz eines der F-16-Jets im September. Aber auch wenn die Kampfjets nicht die erhoffte Wunderwaffe im Kampf gegen Wladimir Putins Russland sind, so ist im Krieg dennoch jede Form von Waffe wichtig. Wohl auch deshalb schickte D\u00e4nemark zuletzt weitere F-16-Kampfjets in die Ukraine. Und die USA nahm gar Millionen f\u00fcr die Modernisierung der F-16 in die Hand.<\/p>\n<p>Aus Moskau schien sich die Furcht vor den Kampfjets zuletzt in Grenzen zu halten. Die Truppen von Wladimir Putin k\u00e4mpften eher mit einer neuen Minen-Taktik der Ukraine. Auch die Ukraine-Truppen in Kursk, wo Russland zahlreiche Panzer verliert, machen dem Kreml zu schaffen. Dennoch kommt aus Russland nun ein neuer, brisanter Verdacht bez\u00fcglich der F-16-Kampfjets auf.&#8220;<br \/>\n&#8230;<\/p>\n<p>*<\/p>\n<p>&#8230;<br \/>\n&#8222;Panzer-Verluste der Ukraine: Gegen Wladimir Putins Armee gingen viele Leopard 2 verloren<br \/>\nDas d\u00fcrfte nicht zuletzt auf die heftigen Verluste gegen die Invasionsarmee von Moskau-Autokrat Wladimir Putin zur\u00fcckzuf\u00fchren sein, deren Luftangriffe mit Shaded-Drohnen auf die kritische Infrastruktur den Ukrainern zudem Sorgen bereiten. Wie die Open-Source-Intelligence-Website Oryx schreibt, haben die ukrainischen Streitkr\u00e4fte mittlerweile (Stand: 12. Dezember 2024) mindestens 7256 milit\u00e4rische Fahrzeuge bei den Gefechten zwischen Kursk, dem Donbass und Saporischschja verloren.<\/p>\n<p>Darunter waren demnach 995 Kampfpanzer und 1107 Sch\u00fctzenpanzer zum Transport von Infanterie (Fu\u00dfsoldaten) in die K\u00e4mpfe. Unter den Verlusten sind derselben Quelle zufolge 38 Leopard-2-Panzer verschiedener Bauart, und damit wohl mehr als ein Drittel der gelieferten Exemplare aus dem Westen.<\/p>\n<p>Waffen-Lieferungen an die Ukraine: Australien will Kiew 49 Abrams-Panzer liefern<br \/>\nFerner z\u00e4hlen mittlerweile acht Leopard 1A5 (aus Deutschland), 16 von 31 gelieferten Abrams-Kampfpanzer (aus den USA) und zwei von 14 gelieferten Challenger 2 (aus Gro\u00dfbritannien) zu den Verlusten gegen Putins Streitkr\u00e4fte, die im Donbass seit Wochen in der Offensive sind. Damit nicht genug: Der Nachschub stockt derzeit. Im Oktober hatte zwar Australien angek\u00fcndigt, der ukrainischen Armee 49 \u00e4ltere Abrams M1A1 liefern zu wollen. Aber es wird wohl noch einige Zeit dauern, bis die Lieferung St\u00fcck f\u00fcr St\u00fcck umgesetzt werden kann.<\/p>\n<p>Spanien hatte dem geschundenen Land im Juli zudem zehn \u00e4ltere Leopard 2A4 \u00fcbergeben. Urspr\u00fcnglich hatte Madrid aber die Lieferung von 19 Exemplaren angek\u00fcndigt. Wie viele tats\u00e4chlich noch folgen sollen, ist derzeit unklar. Weitere gr\u00f6\u00dfere Panzer-Lieferungen sind aktuell nicht angek\u00fcndigt, w\u00e4hrend die deutsche R\u00fcstungsindustrie schon seit Monaten versucht, so viele Leopard 1 aus den 1970er Jahren wie m\u00f6glich zu sanieren. Oft bleiben aber aus zwei Panzern h\u00f6chstens noch einer \u00fcbrig, weil Ersatzteile ausgetauscht werden m\u00fcssen. Und so schicken die Ukrainer waghalsig einzelne Panzer in die Gefechte. (pm)&#8220;<br \/>\n&#8230;<\/p>\n<p>*<\/p>\n<p>&#8230;<br \/>\n&#8222;Der Ukraine-Krieg spaltet den Westen, die Debatte wird von Hardlinern dominiert. Wer f\u00fcr Verhandlungen pl\u00e4diert, riskiert seinen Ruf als Experte. Ein Gastbeitrag.<\/p>\n<p>Angesichts des Krieges zwischen Russland und der Ukraine, der von f\u00fchrenden Politikern und Kommentatoren in Europa und Amerika als Teil eines angeblichen globalen Kampfes zwischen Demokratien und Autokratien dargestellt wird, hat die Qualit\u00e4t der Demokratie im Westen selbst einen Schlag erlitten.<\/p>\n<p>Debatte besonders in Europa verengt<br \/>\nDie dominierenden Stimmen, die f\u00fcr einen Sieg der Ukraine und eine Niederlage Russlands pl\u00e4dieren, beide in maximalistischen und zunehmend unerreichbaren Begriffen definiert, sind darauf bedacht, nachdenklichere und nuanciertere Perspektiven zu unterdr\u00fccken und berauben so die \u00d6ffentlichkeit einer demokratischen Debatte \u00fcber die existenziellen Fragen von Krieg und Frieden.<\/p>\n<p>Es ist ein bekanntes Muster im Westen, dass angesehene Akademiker, die das Dilemma, in dem sich die Ukraine und der Westen befinden, richtig vorhergesagt haben, als Sprachrohre des Kremls diffamiert und delegitimiert werden und Schikanen, Marginalisierung und Ausgrenzung ausgesetzt sind.<\/p>\n<p>Besonders alarmierend ist die Situation in Europa. W\u00e4hrend die Ukraine-Debatte in den USA in beunruhigendem Ma\u00dfe von pro-militaristischen Think Tanks wie dem Atlantic Council, kriegsbef\u00fcrwortenden Politikern und neokonservativen Kommentatoren dominiert wird, w\u00e4chst eine Gegenbewegung, die f\u00fcr Zur\u00fcckhaltung pl\u00e4diert.&#8220;<br \/>\n&#8230;<\/p>\n<p><img src=\"https:\/\/img-s-msn-com.akamaized.net\/tenant\/amp\/entityid\/AA1vK9IK.img?w=768&#038;h=367&#038;m=6\" alt=\"\" \/><\/p>\n<p>&#8222;\u201eNicht m\u00f6glich\u201c &#8211; Datenschutz-Pl\u00e4ne der EU werden von Experten zerpfl\u00fcckt<br \/>\nArtikel von Benedikt Fuest \u2022 13 Std. &#8220;<\/p>\n<p>https:\/\/www.msn.com\/de-de\/nachrichten\/digital\/nicht-m%C3%B6glich-datenschutz-pl%C3%A4ne-der-eu-werden-von-experten-zerpfl%C3%BCckt\/ar-AA1vK9IX?ocid=msedgntp&#038;pc=U531&#038;cvid=7d3ceb2affa34a84ba6e46da5a0ebf86&#038;ei=66<\/p>\n<p>Ich HATTE den Jungs versprochen DAS ICH NICHT unddd&#8230;<br \/>\nDoch habe ich IMMER&#8230;<br \/>\nWieder<\/p>\n<p>#######################<br \/>\n#######################<br \/>\n#######################<\/p>\n<p><img src=\"https:\/\/img-s-msn-com.akamaized.net\/tenant\/amp\/entityid\/AA1vJssU.img?w=450&#038;h=253&#038;m=6\" alt=\"\" \/><\/p>\n<p>&#8222;Die Nahost-Politik der USA: <strong>Eine Geschichte der Fehlkalkulationen<\/strong><br \/>\n18 Std.&#8220;<\/p>\n<p>https:\/\/www.msn.com\/de-de\/nachrichten\/politik\/die-nahost-politik-der-usa-eine-geschichte-der-fehlkalkulationen\/ar-AA1vJx7I?ocid=msedgntp&#038;pc=U531&#038;cvid=7d3ceb2affa34a84ba6e46da5a0ebf86&#038;ei=74<\/p>\n<p>*<\/p>\n<p>\u00c7ok fena ba\u015f\u0131m d\u00f6n\u00fcyor\u2026<br \/>\nAk\u0131l ALMAZ bir mide bulant\u0131s\u0131<br \/>\nYATMAM LAZIM, g\u00f6zlerim &#8230; uyumam&#8230;<br \/>\nLAZIM<\/p>\n<p>\u0130stifra\u2026<br \/>\n\u2026<br \/>\nYOK KI i\u00e7imde bir \u015fey<\/p>\n","protected":false},"excerpt":{"rendered":"<p>EINER meiner WeltEN Ulan bir daha d\u00fcnyaya gelirsem Auch richtig, EINE andere sind DIESE&#8230; Zweibeiner \ud83d\ude42 \ud83d\ude42 \ud83d\ude42 Ahhh ich HABE so&#8230; Viele WeltEN wo ich zuhause&#8230; BIN (nein, war \u00c7eyrek WIRD richtig alt) * WAS&#8230; Haben Frauen UND&#8230; K\u00fcnstliche Intelligenzen\u2026 Gemeinsam? \u00dcberlegen sie mal\u2026 DIE\u2026 Antwort irgendWANN Und NEIN ist nicht DAS mit der\u2026 &hellip; <\/p>\n<p class=\"link-more\"><a href=\"http:\/\/wordpress.gurbuz.net\/?p=192156\" class=\"more-link\"><span class=\"screen-reader-text\">\u201e&#8211; haH sooo, DER Witz an der Geschicht IST DOCH es vorher &#8211;\u201c<\/span> weiterlesen<\/a><\/p>\n","protected":false},"author":1,"featured_media":0,"comment_status":"open","ping_status":"open","sticky":false,"template":"","format":"standard","meta":[],"categories":[1],"tags":[],"_links":{"self":[{"href":"http:\/\/wordpress.gurbuz.net\/index.php?rest_route=\/wp\/v2\/posts\/192156"}],"collection":[{"href":"http:\/\/wordpress.gurbuz.net\/index.php?rest_route=\/wp\/v2\/posts"}],"about":[{"href":"http:\/\/wordpress.gurbuz.net\/index.php?rest_route=\/wp\/v2\/types\/post"}],"author":[{"embeddable":true,"href":"http:\/\/wordpress.gurbuz.net\/index.php?rest_route=\/wp\/v2\/users\/1"}],"replies":[{"embeddable":true,"href":"http:\/\/wordpress.gurbuz.net\/index.php?rest_route=%2Fwp%2Fv2%2Fcomments&post=192156"}],"version-history":[{"count":11,"href":"http:\/\/wordpress.gurbuz.net\/index.php?rest_route=\/wp\/v2\/posts\/192156\/revisions"}],"predecessor-version":[{"id":192167,"href":"http:\/\/wordpress.gurbuz.net\/index.php?rest_route=\/wp\/v2\/posts\/192156\/revisions\/192167"}],"wp:attachment":[{"href":"http:\/\/wordpress.gurbuz.net\/index.php?rest_route=%2Fwp%2Fv2%2Fmedia&parent=192156"}],"wp:term":[{"taxonomy":"category","embeddable":true,"href":"http:\/\/wordpress.gurbuz.net\/index.php?rest_route=%2Fwp%2Fv2%2Fcategories&post=192156"},{"taxonomy":"post_tag","embeddable":true,"href":"http:\/\/wordpress.gurbuz.net\/index.php?rest_route=%2Fwp%2Fv2%2Ftags&post=192156"}],"curies":[{"name":"wp","href":"https:\/\/api.w.org\/{rel}","templated":true}]}}