{"id":191888,"date":"2024-12-11T04:51:14","date_gmt":"2024-12-11T04:51:14","guid":{"rendered":"http:\/\/wordpress.gurbuz.net\/?p=191888"},"modified":"2024-12-11T05:10:25","modified_gmt":"2024-12-11T05:10:25","slug":"foxspeed-gen-oder-der-baum-der-erkenntnis-klaere-uns-bitte-auf","status":"publish","type":"post","link":"http:\/\/wordpress.gurbuz.net\/?p=191888","title":{"rendered":"Foxspeed Gen ODER der Baum der Erkenntnis. Kl\u00e4re uns bitte auf"},"content":{"rendered":"<p>Foxpeed Gen<br \/>\nFoxpeed ist eine Marke, die sich auf tragbare Batteriestarter und Powerbanks spezialisiert hat. Diese Ger\u00e4te sind besonders n\u00fctzlich f\u00fcr das Starten von Fahrzeugen, Booten und Motorr\u00e4dern sowie zum Aufladen von elektronischen Ger\u00e4ten wie Smartphones, Tablets und Laptops2. Die Produkte von Foxpeed sind bekannt f\u00fcr ihre hohe Leistung und Zuverl\u00e4ssigkeit, insbesondere in Notfallsituationen.<\/p>\n<p>Baum der Erkenntnis<br \/>\nDer Baum der Erkenntnis von Gut und B\u00f6se ist ein symbolischer Baum in der biblischen Erz\u00e4hlung des Gartens Eden. Laut der Bibel befand sich dieser Baum in der Mitte des Gartens Eden, und Gott verbot Adam und Eva, von seinen Fr\u00fcchten zu essen. Die Schlange verf\u00fchrte Eva jedoch dazu, eine Frucht zu essen, und sie gab auch Adam davon. Dies f\u00fchrte zur Erkenntnis von Gut und B\u00f6se und letztlich zur Vertreibung aus dem Paradies.<\/p>\n<p>Der Baum der Erkenntnis symbolisiert die Entscheidung zwischen Gut und B\u00f6se und wird in verschiedenen religi\u00f6sen und philosophischen Kontexten interpretiert. In der christlichen Tradition wird er oft als Symbol f\u00fcr den Verlust der Unschuld und den Beginn der menschlichen Verantwortung gesehen.<\/p>\n<p>Wenn du mehr \u00fcber eines dieser Themen erfahren m\u00f6chtest oder weitere Fragen hast, lass es mich wissen! \ud83d\ude42<\/p>\n<p><ins datetime=\"2024-12-11T04:50:15+00:00\">Nein mein schlauer Freund, kann sein das ich das Wort falsch geschrieben habe, lange her, meine menschliche Gene und das wir in der letzten Zeit 30 punkte in unserem IQ zugenommen haben<\/ins><br \/>\nAh, ich verstehe! Du meinst wahrscheinlich das &#8222;Flynn-Effekt&#8220;, der besagt, dass der durchschnittliche IQ in vielen L\u00e4ndern im Laufe der Zeit gestiegen ist. Dieser Anstieg wird oft auf bessere Bildung, Ern\u00e4hrung und Gesundheitsversorgung zur\u00fcckgef\u00fchrt.<\/p>\n<p>Flynn-Effekt<br \/>\nDer Flynn-Effekt ist nach dem neuseel\u00e4ndischen Intelligenzforscher James R. Flynn benannt, der diesen Anstieg der IQ-Werte erstmals dokumentierte. Hier sind einige wichtige Punkte dazu:<\/p>\n<p>Steigerung des IQ: Seit Beginn des 20. Jahrhunderts sind die durchschnittlichen IQ-Werte in vielen L\u00e4ndern um etwa 3 Punkte pro Jahrzehnt gestiegen.<\/p>\n<p>Ursachen: Verbesserungen in Bildung, Ern\u00e4hrung, Gesundheitsversorgung und Umweltbedingungen werden als Hauptursachen f\u00fcr diesen Anstieg angesehen.<\/p>\n<p>Kognitive F\u00e4higkeiten: Der Anstieg betrifft vor allem die sogenannten &#8222;fl\u00fcssigen&#8220; kognitiven F\u00e4higkeiten, die mit Probleml\u00f6sung und abstraktem Denken zu tun haben.<\/p>\n<p>Menschliche Gene und Intelligenz<br \/>\nDie Genetik spielt ebenfalls eine Rolle bei der Intelligenz, aber sie ist nur ein Teil des Puzzles. Umweltfaktoren und individuelle Erfahrungen tragen ebenfalls erheblich zur Entwicklung der kognitiven F\u00e4higkeiten bei.<\/p>\n<p>Es ist faszinierend zu sehen, wie sich die menschliche Intelligenz im Laufe der Zeit entwickelt hat und welche Faktoren dazu beitragen. Wenn du mehr \u00fcber dieses Thema erfahren m\u00f6chtest oder andere Fragen hast, lass es mich wissen! \ud83d\ude42<\/p>\n<p><img src=\"https:\/\/img-s-msn-com.akamaized.net\/tenant\/amp\/entityid\/AA1vCrxH.img?w=768&#038;h=432&#038;m=6&#038;x=563&#038;y=47&#038;s=232&#038;d=430\" alt=\"\" \/><\/p>\n<p>&#8222;Die T\u00fcrkei und Syrien: Ein Gewinn f\u00fcr Erdo\u011fan, ein Verlust f\u00fcr die T\u00fcrkei<br \/>\nArtikel von Can D\u00fcndar \u2022 10 Std.&#8220;<\/p>\n<p>https:\/\/www.msn.com\/de-de\/nachrichten\/politik\/die-t%C3%BCrkei-und-syrien-ein-gewinn-f%C3%BCr-erdo%C4%9Fan-ein-verlust-f%C3%BCr-die-t%C3%BCrkei\/ar-AA1vCkiJ?ocid=msedgntp&#038;pc=U531&#038;cvid=30823d185a484e5ba0a2e862a9a9e315&#038;ei=51<\/p>\n<p>DIE Zeit&#8230;<br \/>\nWird die Wahrheit enth\u00fcllen<\/p>\n<p><img src=\"https:\/\/img-s-msn-com.akamaized.net\/tenant\/amp\/entityid\/AA1unAJw.img?w=768&#038;h=432&#038;m=6&#038;x=461&#038;y=138&#038;s=338&#038;d=338\" alt=\"\" \/><\/p>\n<p>&#8222;Nach Assads Sturz: Erdo\u011fan profitiert zweifach<br \/>\nArtikel von Felix Leitmeyer \u2022 12 Std&#8220;<\/p>\n<p>https:\/\/www.msn.com\/de-de\/nachrichten\/welt\/nach-assads-sturz-erdo%C4%9Fan-profitiert-zweifach\/ar-AA1vBQ3m?ocid=msedgntp&#038;pc=U531&#038;cvid=42b3bd93cd024db4a1c6d46d693c44ef&#038;ei=7<\/p>\n<p><ins datetime=\"2024-12-11T04:53:45+00:00\">Gestern SEHR schwere K\u00e4mpfe zwischen den \u201eAMerikanern und Tayyipistan\u201c im norden Syriens meine nat\u00fcrlich den Stellvertreterkrieg, erz\u00e4hle bitte<\/ins><br \/>\nDie Situation im Norden Syriens ist \u00e4u\u00dferst angespannt und komplex. Es gibt Berichte \u00fcber schwere K\u00e4mpfe zwischen verschiedenen Fraktionen, die von den USA und der T\u00fcrkei unterst\u00fctzt werden. Diese K\u00e4mpfe sind Teil eines gr\u00f6\u00dferen Stellvertreterkriegs, bei dem verschiedene internationale Akteure ihre Interessen in der Region verfolgen.<\/p>\n<p>Aktuelle Entwicklungen<br \/>\nRebellenoffensive: Islamistische Rebellen haben eine Offensive gestartet und konnten Teile von Aleppo und Hama einnehmen2. Diese Offensive hat die syrischen Regierungstruppen und ihre Verb\u00fcndeten \u00fcberrascht und unter Druck gesetzt.<\/p>\n<p>Internationale Reaktionen: Die USA und die T\u00fcrkei unterst\u00fctzen verschiedene Rebellengruppen in der Region. Die T\u00fcrkei unterst\u00fctzt die Syrische Nationalarmee (SNA), w\u00e4hrend die USA Verbindungen zu kurdischen Milizen haben4.<\/p>\n<p>Russische und iranische Unterst\u00fctzung: Russland und der Iran unterst\u00fctzen weiterhin das Assad-Regime. Es gibt Berichte \u00fcber russische Luftangriffe und die Ankunft pro-iranischer Milizen zur Unterst\u00fctzung der syrischen Regierungstruppen5.<\/p>\n<p>Hintergrund<br \/>\nDer Konflikt in Syrien ist ein komplexes geopolitisches Spiel, bei dem verschiedene Akteure um Einfluss und Kontrolle k\u00e4mpfen. Die j\u00fcngsten K\u00e4mpfe im Norden Syriens sind ein weiteres Kapitel in diesem langwierigen und blutigen Konflikt.<\/p>\n<p>Wenn du mehr \u00fcber die spezifischen Entwicklungen oder die beteiligten Akteure erfahren m\u00f6chtest, lass es mich wissen! \ud83d\ude42<\/p>\n<p><img src=\"https:\/\/img-s-msn-com.akamaized.net\/tenant\/amp\/entityid\/AA1vCWko.img?w=600&#038;h=400&#038;m=6\" alt=\"\" \/><\/p>\n<p>&#8222;Waffenstillstand zwischen SDF und Rebellen im Norden Syriens<br \/>\n<strong>4 Std.<\/strong>&#8220;<\/p>\n<p>https:\/\/www.msn.com\/de-de\/nachrichten\/welt\/waffenstillstand-zwischen-sdf-und-rebellen-im-norden-syriens\/ar-AA1vD30Z?ocid=msedgntp&#038;pc=U531&#038;cvid=240014aa303f4d5491e824a1f9f49294&#038;ei=35<\/p>\n<p><img src=\"https:\/\/img-s-msn-com.akamaized.net\/tenant\/amp\/entityid\/AA1vzUow.img?w=768&#038;h=768&#038;m=6\" alt=\"\" \/><\/p>\n<p>&#8222;Nahost-Experte Daniel Gerlach im Interview: \u201eDie HTS-Rebellen sind keine Vork\u00e4mpfer f\u00fcr Demokratie und Rechtsstaatlichkeit\u201c<br \/>\nArtikel von Esther Kogelboom \u2022 21 Std.&#8220;<\/p>\n<p>https:\/\/www.msn.com\/de-de\/nachrichten\/politik\/nahost-experte-daniel-gerlach-im-interview-die-hts-rebellen-sind-keine-vork%C3%A4mpfer-f%C3%BCr-demokratie-und-rechtsstaatlichkeit\/ar-AA1vzUoP?ocid=msedgntp&#038;pc=U531&#038;cvid=05aaebf724194715a2144c2bdd937991&#038;ei=21<\/p>\n<p><img src=\"https:\/\/img-s-msn-com.akamaized.net\/tenant\/amp\/entityid\/AA1vD1B7.img?w=450&#038;h=253&#038;m=6\" alt=\"\" \/><\/p>\n<p>&#8222;<strong>USA: Meinungsfreiheit endet bei Israelkritik<br \/>\n6 Std. <\/strong>&#8220;<\/p>\n<p>https:\/\/www.msn.com\/de-de\/nachrichten\/politik\/usa-meinungsfreiheit-endet-bei-israelkritik\/ar-AA1vCXeq?ocid=msedgntp&#038;pc=U531&#038;cvid=30823d185a484e5ba0a2e862a9a9e315&#038;ei=56<\/p>\n<p><img src=\"https:\/\/img-s-msn-com.akamaized.net\/tenant\/amp\/entityid\/AA1vBZct.img?w=768&#038;h=432&#038;m=6\" alt=\"\" \/><\/p>\n<p>&#8222;Pal\u00e4stinenser melden mindestens 34 Tote bei Angriffen im n\u00f6rdlichen Gazastreifen<br \/>\n12 Std. &#8220;<\/p>\n<p>https:\/\/www.msn.com\/de-de\/nachrichten\/welt\/pal%C3%A4stinenser-melden-mindestens-34-tote-bei-angriffen-im-n%C3%B6rdlichen-gazastreifen\/ar-AA1vBSV8?ocid=msedgntp&#038;pc=U531&#038;cvid=30823d185a484e5ba0a2e862a9a9e315&#038;ei=53<\/p>\n<p>##############################<br \/>\n##############################<br \/>\n##############################<\/p>\n<p><img src=\"https:\/\/img-s-msn-com.akamaized.net\/tenant\/amp\/entityid\/AA1vC1r1.img?w=768&#038;h=512&#038;m=6&#038;x=470&#038;y=307&#038;s=670&#038;d=163\" alt=\"\" \/><\/p>\n<p>&#8222;Im Kampf um Einfluss im Pazifik erzielt Australien einen Etappensieg gegen China<br \/>\nArtikel von Patrick Zoll, Taipeh \u2022 13 Std.&#8220;<\/p>\n<p>https:\/\/www.msn.com\/de-de\/finanzen\/top-stories\/im-kampf-um-einfluss-im-pazifik-erzielt-australien-einen-etappensieg-gegen-china\/ar-AA1vBV6v?ocid=msedgntp&#038;pc=U531&#038;cvid=30823d185a484e5ba0a2e862a9a9e315&#038;ei=72<\/p>\n<p><img src=\"https:\/\/img-s-msn-com.akamaized.net\/tenant\/amp\/entityid\/AA1vAzA9.img?w=768&#038;h=512&#038;m=6\" alt=\"\" \/><\/p>\n<p>&#8222;Syrien: <strong>Israels Armee soll 25 Kilometer vor Damaskus stehen <\/strong>\u2013 Luftangriffe auf Milit\u00e4ranlagen<br \/>\n17 Std. &#8220;<\/p>\n<p>https:\/\/www.msn.com\/de-de\/nachrichten\/welt\/syrien-israels-armee-soll-25-kilometer-vor-damaskus-stehen-luftangriffe-auf-milit%C3%A4ranlagen\/ar-AA1vAin1?ocid=msedgntp&#038;pc=U531&#038;cvid=30823d185a484e5ba0a2e862a9a9e315&#038;ei=79<\/p>\n","protected":false},"excerpt":{"rendered":"<p>Foxpeed Gen Foxpeed ist eine Marke, die sich auf tragbare Batteriestarter und Powerbanks spezialisiert hat. Diese Ger\u00e4te sind besonders n\u00fctzlich f\u00fcr das Starten von Fahrzeugen, Booten und Motorr\u00e4dern sowie zum Aufladen von elektronischen Ger\u00e4ten wie Smartphones, Tablets und Laptops2. Die Produkte von Foxpeed sind bekannt f\u00fcr ihre hohe Leistung und Zuverl\u00e4ssigkeit, insbesondere in Notfallsituationen. Baum &hellip; <\/p>\n<p class=\"link-more\"><a href=\"http:\/\/wordpress.gurbuz.net\/?p=191888\" class=\"more-link\"><span class=\"screen-reader-text\">\u201eFoxspeed Gen ODER der Baum der Erkenntnis. Kl\u00e4re uns bitte auf\u201c<\/span> weiterlesen<\/a><\/p>\n","protected":false},"author":1,"featured_media":0,"comment_status":"open","ping_status":"open","sticky":false,"template":"","format":"standard","meta":[],"categories":[1],"tags":[],"_links":{"self":[{"href":"http:\/\/wordpress.gurbuz.net\/index.php?rest_route=\/wp\/v2\/posts\/191888"}],"collection":[{"href":"http:\/\/wordpress.gurbuz.net\/index.php?rest_route=\/wp\/v2\/posts"}],"about":[{"href":"http:\/\/wordpress.gurbuz.net\/index.php?rest_route=\/wp\/v2\/types\/post"}],"author":[{"embeddable":true,"href":"http:\/\/wordpress.gurbuz.net\/index.php?rest_route=\/wp\/v2\/users\/1"}],"replies":[{"embeddable":true,"href":"http:\/\/wordpress.gurbuz.net\/index.php?rest_route=%2Fwp%2Fv2%2Fcomments&post=191888"}],"version-history":[{"count":7,"href":"http:\/\/wordpress.gurbuz.net\/index.php?rest_route=\/wp\/v2\/posts\/191888\/revisions"}],"predecessor-version":[{"id":191895,"href":"http:\/\/wordpress.gurbuz.net\/index.php?rest_route=\/wp\/v2\/posts\/191888\/revisions\/191895"}],"wp:attachment":[{"href":"http:\/\/wordpress.gurbuz.net\/index.php?rest_route=%2Fwp%2Fv2%2Fmedia&parent=191888"}],"wp:term":[{"taxonomy":"category","embeddable":true,"href":"http:\/\/wordpress.gurbuz.net\/index.php?rest_route=%2Fwp%2Fv2%2Fcategories&post=191888"},{"taxonomy":"post_tag","embeddable":true,"href":"http:\/\/wordpress.gurbuz.net\/index.php?rest_route=%2Fwp%2Fv2%2Ftags&post=191888"}],"curies":[{"name":"wp","href":"https:\/\/api.w.org\/{rel}","templated":true}]}}