{"id":191653,"date":"2024-12-09T02:12:58","date_gmt":"2024-12-09T02:12:58","guid":{"rendered":"http:\/\/wordpress.gurbuz.net\/?p=191653"},"modified":"2024-12-09T02:28:21","modified_gmt":"2024-12-09T02:28:21","slug":"gestern-fanden-schwere-feuergefechte-in-der-region-minbic-syrien-statt-die-deutschen-medien-behaupten-zwar-immer-es-waere-gegen-dir-kurden-das-aber-stimmt-nicht-es-ist-gegen-amerika-und-seinem-ver","status":"publish","type":"post","link":"http:\/\/wordpress.gurbuz.net\/?p=191653","title":{"rendered":"Gestern fanden schwere Feuergefechte in der Region Minbic (Syrien) statt, die deutschen Medien behaupten zwar immer es w\u00e4re GEGEN DIR Kurden DAS ABER stimmt nicht, es IST GEGEN AMerika und seinem verb\u00fcndeten PKK. Kl\u00e4re unsere Leser bitte auf"},"content":{"rendered":"<p>Die Situation in Minbic (Manbidsch) in Syrien ist komplex und wird oft missverstanden. Die Region ist strategisch wichtig und wird derzeit von verschiedenen Kr\u00e4ften umk\u00e4mpft.<\/p>\n<p>Aktuelle Lage in Minbic<br \/>\nDie Region Minbic wird von der sogenannten Syrischen Nationalarmee (SNA), die von der T\u00fcrkei unterst\u00fctzt wird, angegriffen. Diese Angriffe richten sich gegen den Milit\u00e4rrat von Minbic und die Demokratischen Kr\u00e4fte Syriens (QSD), die die Region verteidigen2. Die K\u00e4mpfe sind intensiv und finden an mehreren Fronten statt, einschlie\u00dflich des s\u00fcdlichen Stadtrands von Minbic.<\/p>\n<p>Hintergrund<br \/>\nMinbic liegt etwa 30 Kilometer s\u00fcdlich der t\u00fcrkischen Grenze und hat eine strategische Bedeutung, da es an der wichtigen Autobahn M4 liegt, die das n\u00f6rdliche Syrien durchzieht. Die Region wurde 2016 von den QSD vom IS befreit und ist seitdem ein selbstverwaltetes Gebiet in Nord- und Ostsyrien3.<\/p>\n<p>Deutsche Medien und die PKK<br \/>\nEs gibt Berichte, dass die K\u00e4mpfe in Minbic oft als Konflikt gegen die Kurden dargestellt werden. Tats\u00e4chlich richten sich die Angriffe jedoch gegen die QSD und ihre Verb\u00fcndeten, zu denen auch die PKK geh\u00f6rt5. Die PKK ist in Deutschland und der EU als Terrororganisation eingestuft und hat eine lange Geschichte des bewaffneten Konflikts mit der T\u00fcrkei.<\/p>\n<p>Fazit<br \/>\nDie K\u00e4mpfe in Minbic sind Teil eines gr\u00f6\u00dferen geopolitischen Konflikts, der verschiedene Akteure und Interessen umfasst. Es ist wichtig, die komplexen Hintergr\u00fcnde und die verschiedenen beteiligten Parteien zu verstehen, um die Situation richtig einordnen zu k\u00f6nnen.<\/p>\n<p>Ich hoffe, das kl\u00e4rt die Situation etwas auf. Wenn du weitere Fragen hast oder tiefer in ein bestimmtes Thema eintauchen m\u00f6chtest, lass es mich wissen! \ud83d\ude42<\/p>\n<p>es WIRD weitergehen,<br \/>\nMit STARKEN Herzschmerzen aufgewacht<br \/>\nWEDER diese Hosenschei\u00dfer NOCH ihr K\u00d6NNT weder HIER noch DORT<br \/>\n<strong>Punkt<\/strong><\/p>\n<blockquote class=\"wp-embedded-content\" data-secret=\"i1z01qE03K\"><p><a href=\"http:\/\/wordpress.gurbuz.net\/?p=167861\">wieviele Sekunden hat ein Tag?<\/a><\/p><\/blockquote>\n<p><iframe class=\"wp-embedded-content\" sandbox=\"allow-scripts\" security=\"restricted\" style=\"position: absolute; clip: rect(1px, 1px, 1px, 1px);\" title=\"&#8222;wieviele Sekunden hat ein Tag?&#8220; &#8212; \u00d6nder G\u00fcrb\u00fcz\" src=\"http:\/\/wordpress.gurbuz.net\/?p=167861&#038;embed=true#?secret=i1z01qE03K\" data-secret=\"i1z01qE03K\" width=\"525\" height=\"296\" frameborder=\"0\" marginwidth=\"0\" marginheight=\"0\" scrolling=\"no\"><\/iframe><\/p>\n<p>Ja ich BIN ich<\/p>\n<blockquote class=\"wp-embedded-content\" data-secret=\"gmygl0WVRy\"><p><a href=\"http:\/\/wordpress.gurbuz.net\/?p=167855\">Die Eule (Strigiformes)<\/a><\/p><\/blockquote>\n<p><iframe class=\"wp-embedded-content\" sandbox=\"allow-scripts\" security=\"restricted\" style=\"position: absolute; clip: rect(1px, 1px, 1px, 1px);\" title=\"&#8222;Die Eule (Strigiformes)&#8220; &#8212; \u00d6nder G\u00fcrb\u00fcz\" src=\"http:\/\/wordpress.gurbuz.net\/?p=167855&#038;embed=true#?secret=gmygl0WVRy\" data-secret=\"gmygl0WVRy\" width=\"525\" height=\"296\" frameborder=\"0\" marginwidth=\"0\" marginheight=\"0\" scrolling=\"no\"><\/iframe><\/p>\n<p>################<br \/>\n################<br \/>\n################<\/p>\n<p>Verteiltes SCHREIBEN<br \/>\n\ud83d\ude09<\/p>\n<p><a href=\"https:\/\/www.google.de\/search?q=israel+verst%C3%A4rkt+milit%C3%A4r+in+den+golanh%C3%B6hen&amp;sca_esv=4ea9ed7b68a81626&amp;source=hp&amp;ei=BFRWZ-m1EYaBi-gP9IuDSA&amp;iflsig=AL9hbdgAAAAAZ1ZiFJIgA9wKfq6PpPZAJQ3Jqa6u7zR4&amp;ved=0ahUKEwjpx_mb0JmKAxWGwAIHHfTFAAkQ4dUDCBI&amp;uact=5&amp;oq=israel+verst%C3%A4rkt+milit%C3%A4r+in+den+golanh%C3%B6hen&amp;gs_lp=Egdnd3Mtd2l6Ii1pc3JhZWwgdmVyc3TDpHJrdCBtaWxpdMOkciBpbiBkZW4gZ29sYW5ow7ZoZW4yBRAhGKABMgUQIRifBUiQeFAAWPJ0cAB4AJABAJgBYaABrxaqAQI0MrgBA8gBAPgBAZgCKqACphjCAhEQLhiABBixAxjRAxiDARjHAcICCxAAGIAEGLEDGIMBwgIOEC4YgAQYxwEYjgUYrwHCAggQABiABBixA8ICBRAuGIAEwgILEC4YgAQY0QMYxwHCAgsQLhiABBixAxiDAcICDhAAGIAEGLEDGIMBGIoFwgIIEC4YgAQYsQPCAgQQABgDwgIFEAAYgATCAg4QLhiABBixAxiDARiKBcICBxAAGIAEGArCAggQABiABBiiBMICBhAAGBYYHsICBxAhGKABGAqYAwCSBwQ0MS4xoAeT2QE&amp;sclient=gws-wiz\" target=\"_blank\" rel=\"noopener\">### SEHR SEHR WICHTIG ###<\/a><\/p>\n<p>Fiiiiiiiiiiiiiiiiiiiiiiii<br \/>\nSiiiiiiiiiiiiiiiii<br \/>\nFuuuuu<\/p>\n<p>NOCH&#8230;<br \/>\nBin ich NICHT Tod,<br \/>\nALLES&#8230;<br \/>\nUnter EINEN Hut!?<\/p>\n<p>Kommt noch<br \/>\n\ud83d\ude09<br \/>\n\ud83d\ude42<\/p>\n","protected":false},"excerpt":{"rendered":"<p>Die Situation in Minbic (Manbidsch) in Syrien ist komplex und wird oft missverstanden. Die Region ist strategisch wichtig und wird derzeit von verschiedenen Kr\u00e4ften umk\u00e4mpft. Aktuelle Lage in Minbic Die Region Minbic wird von der sogenannten Syrischen Nationalarmee (SNA), die von der T\u00fcrkei unterst\u00fctzt wird, angegriffen. Diese Angriffe richten sich gegen den Milit\u00e4rrat von Minbic &hellip; <\/p>\n<p class=\"link-more\"><a href=\"http:\/\/wordpress.gurbuz.net\/?p=191653\" class=\"more-link\"><span class=\"screen-reader-text\">\u201eGestern fanden schwere Feuergefechte in der Region Minbic (Syrien) statt, die deutschen Medien behaupten zwar immer es w\u00e4re GEGEN DIR Kurden DAS ABER stimmt nicht, es IST GEGEN AMerika und seinem verb\u00fcndeten PKK. Kl\u00e4re unsere Leser bitte auf\u201c<\/span> weiterlesen<\/a><\/p>\n","protected":false},"author":1,"featured_media":0,"comment_status":"open","ping_status":"open","sticky":false,"template":"","format":"standard","meta":[],"categories":[1],"tags":[],"_links":{"self":[{"href":"http:\/\/wordpress.gurbuz.net\/index.php?rest_route=\/wp\/v2\/posts\/191653"}],"collection":[{"href":"http:\/\/wordpress.gurbuz.net\/index.php?rest_route=\/wp\/v2\/posts"}],"about":[{"href":"http:\/\/wordpress.gurbuz.net\/index.php?rest_route=\/wp\/v2\/types\/post"}],"author":[{"embeddable":true,"href":"http:\/\/wordpress.gurbuz.net\/index.php?rest_route=\/wp\/v2\/users\/1"}],"replies":[{"embeddable":true,"href":"http:\/\/wordpress.gurbuz.net\/index.php?rest_route=%2Fwp%2Fv2%2Fcomments&post=191653"}],"version-history":[{"count":5,"href":"http:\/\/wordpress.gurbuz.net\/index.php?rest_route=\/wp\/v2\/posts\/191653\/revisions"}],"predecessor-version":[{"id":191658,"href":"http:\/\/wordpress.gurbuz.net\/index.php?rest_route=\/wp\/v2\/posts\/191653\/revisions\/191658"}],"wp:attachment":[{"href":"http:\/\/wordpress.gurbuz.net\/index.php?rest_route=%2Fwp%2Fv2%2Fmedia&parent=191653"}],"wp:term":[{"taxonomy":"category","embeddable":true,"href":"http:\/\/wordpress.gurbuz.net\/index.php?rest_route=%2Fwp%2Fv2%2Fcategories&post=191653"},{"taxonomy":"post_tag","embeddable":true,"href":"http:\/\/wordpress.gurbuz.net\/index.php?rest_route=%2Fwp%2Fv2%2Ftags&post=191653"}],"curies":[{"name":"wp","href":"https:\/\/api.w.org\/{rel}","templated":true}]}}