{"id":191515,"date":"2024-12-07T21:13:58","date_gmt":"2024-12-07T21:13:58","guid":{"rendered":"http:\/\/wordpress.gurbuz.net\/?p=191515"},"modified":"2024-12-07T21:42:16","modified_gmt":"2024-12-07T21:42:16","slug":"191515","status":"publish","type":"post","link":"http:\/\/wordpress.gurbuz.net\/?p=191515","title":{"rendered":"&#8222;Im Untersuchungsausschuss des Bundestags kritisiert ein T\u00dcV-Physiker Aussagen von Robert Habeck zum Weiterbetrieb der Kernkraftwerke. Auch ein AKW-Betreiber wirft dem Wirtschaftsminister vor, er habe in einem Vermerk die Unwahrheit* gesagt. Ausgerechnet ein Konkurrent widerspricht.&#8220;"},"content":{"rendered":"<p><img src=\"https:\/\/img-s-msn-com.akamaized.net\/tenant\/amp\/entityid\/AA1vaXk0.img?w=768&#038;h=576&#038;m=6&#038;x=566&#038;y=135&#038;s=108&#038;d=108\" alt=\"\" \/><br \/>\nim t\u00fcrkischen;<br \/>\nK\u00f6rperSPRACHE<\/p>\n<p><img src=\"https:\/\/img-s-msn-com.akamaized.net\/tenant\/amp\/entityid\/AA1uWnp9.img?w=768&#038;h=367&#038;m=6&#038;x=602&#038;y=117&#038;s=181&#038;d=181\" alt=\"\" \/><\/p>\n<p>&#8222;Im Untersuchungsausschuss des Bundestags kritisiert ein T\u00dcV-Physiker Aussagen von Robert Habeck zum Weiterbetrieb der Kernkraftwerke. Auch ein AKW-Betreiber wirft dem Wirtschaftsminister vor, er habe in einem Vermerk die Unwahrheit gesagt. Ausgerechnet ein Konkurrent widerspricht.&#8220;<\/p>\n<p>https:\/\/www.msn.com\/de-de\/finanzen\/top-stories\/technische-falschbehauptungen-akw-betreiber-macht-habeck-schwere-vorw%C3%BCrfe\/ar-AA1uWkSD?ocid=winp2fpswipe&#038;cvid=177d39e02d5b49dca24cb60dd6ffa2a5&#038;ei=31<\/p>\n<p>* &#8222;Rechtliche Relevanz: Die L\u00fcge muss in einem Zusammenhang stehen, der einen Rechtsbezug aufweist. So ist das blo\u00dfe L\u00fcgen im Alltag oder das Erz\u00e4hlen einer unwahren Geschichte ohne rechtliche Folgen nicht strafbar. Vorsatz: Der L\u00fcgner muss die Unwahrheit seiner Aussage kennen und bewusst die Falschinformation verbreiten.10.10.2023&#8220;<\/p>\n<p>https:\/\/www.juraforum.de\/lexikon\/luege#:~:text=Rechtliche%20Relevanz%3A%20Die%20L%C3%BCge%20muss,und%20bewusst%20die%20Falschinformation%20verbreiten.<\/p>\n<p><img src=\"https:\/\/img-s-msn-com.akamaized.net\/tenant\/amp\/entityid\/AA1vcqpj.img?w=768&#038;h=768&#038;m=6&#038;x=437&#038;y=241&#038;s=159&#038;d=159\" alt=\"\" \/><\/p>\n<p>&#8222;Die Stimmung kippt: Mehrheit der Ukrainer inzwischen f\u00fcr Gebietsabtretungen an Russland<br \/>\nArtikel von Tobias Mayer, Valeriia Semeniuk \u2022 <strong>4Tage <\/strong>&#8220;<\/p>\n<p>https:\/\/www.msn.com\/de-de\/nachrichten\/politik\/die-stimmung-kippt-mehrheit-der-ukrainer-inzwischen-f%C3%BCr-gebietsabtretungen-an-russland\/ar-AA1vcjfy?ocid=winp2fpswipe&#038;cvid=44df082dbbce46bd9d67d761981ec2cf&#038;ei=57<\/p>\n<p><img src=\"https:\/\/img-s-msn-com.akamaized.net\/tenant\/amp\/entityid\/AA1vs9gm.img?w=768&#038;h=512&#038;m=6\" alt=\"\" \/><\/p>\n<p>Syrien WAR trotzallem KEIN Irak&#8230;<br \/>\nHoffentlich wird es zu keinem<\/p>\n<p><img src=\"https:\/\/img-s-msn-com.akamaized.net\/tenant\/amp\/entityid\/AA1vrILl.img?w=768&#038;h=512&#038;m=6\" alt=\"\" \/><\/p>\n<p>ERINNERE an die Worte DER MUMIE<\/p>\n<p>&#8222;Donald Trump \u00fcber Syrien: \u201eDas ist nicht unser Kampf \u2013 mischen Sie sich nicht ein\u201c<br \/>\nArtikel von Katerina Alexandridi \u2022 5 Std.&#8220;<\/p>\n<p>https:\/\/www.msn.com\/de-de\/nachrichten\/politik\/donald-trump-%C3%BCber-syrien-das-ist-nicht-unser-kampf-mischen-sie-sich-nicht-ein\/ar-AA1vrDGl?ocid=msedgntp&#038;pc=U531&#038;cvid=131cc63b53314af3baa383e7551bd8c2&#038;ei=40<\/p>\n<blockquote class=\"wp-embedded-content\" data-secret=\"CMlRtJHcO5\"><p><a href=\"http:\/\/wordpress.gurbuz.net\/?p=167713\">Ja, AUCH weil ICH KANN<\/a><\/p><\/blockquote>\n<p><iframe class=\"wp-embedded-content\" sandbox=\"allow-scripts\" security=\"restricted\" style=\"position: absolute; clip: rect(1px, 1px, 1px, 1px);\" title=\"&#8222;Ja, AUCH weil ICH KANN&#8220; &#8212; \u00d6nder G\u00fcrb\u00fcz\" src=\"http:\/\/wordpress.gurbuz.net\/?p=167713&#038;embed=true#?secret=CMlRtJHcO5\" data-secret=\"CMlRtJHcO5\" width=\"525\" height=\"296\" frameborder=\"0\" marginwidth=\"0\" marginheight=\"0\" scrolling=\"no\"><\/iframe><\/p>\n<p>auch du wei\u00dft NICHT was alles ich noch K\u00d6NNTE&#8230;<br \/>\nAberrrrrrrrrrrrrrr&#8230;<br \/>\nSIE<br \/>\n<a href=\"http:\/\/www.gurbuz.net\/Yeni\/Screenshot 2024-12-07 210935.jpg\" rel=\"noopener\" target=\"_blank\">+<\/a><br \/>\n<a href=\"http:\/\/www.gurbuz.net\/Yeni\/Screenshot 2024-12-07 210728.jpg\" rel=\"noopener\" target=\"_blank\">+<\/a><\/p>\n<p><img src=\"https:\/\/img-s-msn-com.akamaized.net\/tenant\/amp\/entityid\/AA1vosDK.img?w=768&#038;h=501&#038;m=6\" alt=\"\" \/><br \/>\nT\u00fcrken, die sich 1999 erneut in ihrem Heimatland einb\u00fcrgern lie\u00dfen, haben einem Urteil des Verwaltungsgerichts D\u00fcsseldorfs zufolge trotzdem noch Anspruch auf die zuvor erworbene deutsche Staatsb\u00fcrgerschaft. Geklagt hatten zwei Betroffene.<br \/>\n\u00a9 INA FASSBENDER<\/p>\n<p>https:\/\/www.msn.com\/de-de\/nachrichten\/politik\/gericht-kein-verlust-von-deutschem-pass-durch-t%C3%BCrkische-staatsb%C3%BCrgerschaft\/ar-AA1vowEG?ocid=msedgntp&#038;pc=U531&#038;cvid=77409d98efb04073a9b8bb1566eedd08&#038;ei=59<\/p>\n","protected":false},"excerpt":{"rendered":"<p>im t\u00fcrkischen; K\u00f6rperSPRACHE &#8222;Im Untersuchungsausschuss des Bundestags kritisiert ein T\u00dcV-Physiker Aussagen von Robert Habeck zum Weiterbetrieb der Kernkraftwerke. Auch ein AKW-Betreiber wirft dem Wirtschaftsminister vor, er habe in einem Vermerk die Unwahrheit gesagt. Ausgerechnet ein Konkurrent widerspricht.&#8220; https:\/\/www.msn.com\/de-de\/finanzen\/top-stories\/technische-falschbehauptungen-akw-betreiber-macht-habeck-schwere-vorw%C3%BCrfe\/ar-AA1uWkSD?ocid=winp2fpswipe&#038;cvid=177d39e02d5b49dca24cb60dd6ffa2a5&#038;ei=31 * &#8222;Rechtliche Relevanz: Die L\u00fcge muss in einem Zusammenhang stehen, der einen Rechtsbezug aufweist. So ist das &hellip; <\/p>\n<p class=\"link-more\"><a href=\"http:\/\/wordpress.gurbuz.net\/?p=191515\" class=\"more-link\"><span class=\"screen-reader-text\">\u201e&#8222;Im Untersuchungsausschuss des Bundestags kritisiert ein T\u00dcV-Physiker Aussagen von Robert Habeck zum Weiterbetrieb der Kernkraftwerke. Auch ein AKW-Betreiber wirft dem Wirtschaftsminister vor, er habe in einem Vermerk die Unwahrheit* gesagt. Ausgerechnet ein Konkurrent widerspricht.&#8220;\u201c<\/span> weiterlesen<\/a><\/p>\n","protected":false},"author":1,"featured_media":0,"comment_status":"open","ping_status":"open","sticky":false,"template":"","format":"standard","meta":[],"categories":[1],"tags":[],"_links":{"self":[{"href":"http:\/\/wordpress.gurbuz.net\/index.php?rest_route=\/wp\/v2\/posts\/191515"}],"collection":[{"href":"http:\/\/wordpress.gurbuz.net\/index.php?rest_route=\/wp\/v2\/posts"}],"about":[{"href":"http:\/\/wordpress.gurbuz.net\/index.php?rest_route=\/wp\/v2\/types\/post"}],"author":[{"embeddable":true,"href":"http:\/\/wordpress.gurbuz.net\/index.php?rest_route=\/wp\/v2\/users\/1"}],"replies":[{"embeddable":true,"href":"http:\/\/wordpress.gurbuz.net\/index.php?rest_route=%2Fwp%2Fv2%2Fcomments&post=191515"}],"version-history":[{"count":10,"href":"http:\/\/wordpress.gurbuz.net\/index.php?rest_route=\/wp\/v2\/posts\/191515\/revisions"}],"predecessor-version":[{"id":191525,"href":"http:\/\/wordpress.gurbuz.net\/index.php?rest_route=\/wp\/v2\/posts\/191515\/revisions\/191525"}],"wp:attachment":[{"href":"http:\/\/wordpress.gurbuz.net\/index.php?rest_route=%2Fwp%2Fv2%2Fmedia&parent=191515"}],"wp:term":[{"taxonomy":"category","embeddable":true,"href":"http:\/\/wordpress.gurbuz.net\/index.php?rest_route=%2Fwp%2Fv2%2Fcategories&post=191515"},{"taxonomy":"post_tag","embeddable":true,"href":"http:\/\/wordpress.gurbuz.net\/index.php?rest_route=%2Fwp%2Fv2%2Ftags&post=191515"}],"curies":[{"name":"wp","href":"https:\/\/api.w.org\/{rel}","templated":true}]}}