{"id":191412,"date":"2024-12-06T13:30:03","date_gmt":"2024-12-06T13:30:03","guid":{"rendered":"http:\/\/wordpress.gurbuz.net\/?p=191412"},"modified":"2024-12-06T13:43:22","modified_gmt":"2024-12-06T13:43:22","slug":"auch-mir-ist-er-schon-aufgefallen","status":"publish","type":"post","link":"http:\/\/wordpress.gurbuz.net\/?p=191412","title":{"rendered":"auch MIR IST ER schon aufgefallen"},"content":{"rendered":"<p>&#8222;&#8220;Rassistische Aussagen&#8220;<br \/>\nPolizist provoziert im Netz \u2013 Amnesty International reicht Beschwerde ein<br \/>\nvon Kerstin Herrnkind<br \/>\n05. Dezember 2024  20:45 Uh<\/p>\n<p>Manuel Ostermann, Vizechef der Deutschen Polizeigewerkschaft, f\u00e4llt mit \u00c4u\u00dferungen auf, die grenzwertig sind. Oder grenz\u00fcberschreitend, wie Amnesty International findet.&#8220;<\/p>\n<p>https:\/\/www.stern.de\/gesellschaft\/manuel-ostermann&#8211;dienstaufsichtsbeschwerde-gegen-polizeigewerkschafter-35285642.html<\/p>\n<p>Eben&#8230;<br \/>\nIn DEN &#8222;Nachrichten&#8220;<\/p>\n<p>Ich verkneife mir jetzt mal mein Kommentar UND WENN er als Privatmann ODER als Gewerkschafter spricht DAS PROBLEM IST in seinem \u201eTitel\u201c steck folgendes:<br \/>\n&#8211; Vizechef <strong>der Deutschen Polizeigewerkschaft<\/strong> \u2013<br \/>\nUnd DAS reicht, wie gesagt AUCH MIR ist er aufgefallen<\/p>\n<p>*<\/p>\n<p>Es geht mir nicht gut&#8230;<br \/>\nDeswegen<\/p>\n<p>*<\/p>\n<p>ES&#8230;<br \/>\nWIRD alles NOCH VIEL SCH\u00d6NER&#8230;<br \/>\n3 Jahre Habeckiii BIS das in Ordnung kommt min. 5 bis 10 Jahre&#8230;<br \/>\nTayyipistan mehr als 20 Jahre WIRD min. 30 bis 50 Jahre dauern WENN nicht noch mehr<\/p>\n<p>&#8222;Konjunktur: Produktion sinkt im Oktober \u00fcberraschend \u2013 \u201eIndustriekonjunktur im Abschwung\u201c<br \/>\nArtikel von , Reuters \u2022 5 Std. &#8220;<\/p>\n<p>https:\/\/www.msn.com\/de-de\/finanzen\/top-stories\/konjunktur-produktion-sinkt-im-oktober-%C3%BCberraschend-industriekonjunktur-im-abschwung\/ar-AA1vnjUO?ocid=msedgntp&#038;pc=U531&#038;cvid=80fb5f869c8c49c2beb918dbb9797fa2&#038;ei=37<\/p>\n","protected":false},"excerpt":{"rendered":"<p>&#8222;&#8220;Rassistische Aussagen&#8220; Polizist provoziert im Netz \u2013 Amnesty International reicht Beschwerde ein von Kerstin Herrnkind 05. Dezember 2024 20:45 Uh Manuel Ostermann, Vizechef der Deutschen Polizeigewerkschaft, f\u00e4llt mit \u00c4u\u00dferungen auf, die grenzwertig sind. Oder grenz\u00fcberschreitend, wie Amnesty International findet.&#8220; https:\/\/www.stern.de\/gesellschaft\/manuel-ostermann&#8211;dienstaufsichtsbeschwerde-gegen-polizeigewerkschafter-35285642.html Eben&#8230; In DEN &#8222;Nachrichten&#8220; Ich verkneife mir jetzt mal mein Kommentar UND WENN er als &hellip; <\/p>\n<p class=\"link-more\"><a href=\"http:\/\/wordpress.gurbuz.net\/?p=191412\" class=\"more-link\"><span class=\"screen-reader-text\">\u201eauch MIR IST ER schon aufgefallen\u201c<\/span> weiterlesen<\/a><\/p>\n","protected":false},"author":1,"featured_media":0,"comment_status":"open","ping_status":"open","sticky":false,"template":"","format":"standard","meta":[],"categories":[1],"tags":[],"_links":{"self":[{"href":"http:\/\/wordpress.gurbuz.net\/index.php?rest_route=\/wp\/v2\/posts\/191412"}],"collection":[{"href":"http:\/\/wordpress.gurbuz.net\/index.php?rest_route=\/wp\/v2\/posts"}],"about":[{"href":"http:\/\/wordpress.gurbuz.net\/index.php?rest_route=\/wp\/v2\/types\/post"}],"author":[{"embeddable":true,"href":"http:\/\/wordpress.gurbuz.net\/index.php?rest_route=\/wp\/v2\/users\/1"}],"replies":[{"embeddable":true,"href":"http:\/\/wordpress.gurbuz.net\/index.php?rest_route=%2Fwp%2Fv2%2Fcomments&post=191412"}],"version-history":[{"count":5,"href":"http:\/\/wordpress.gurbuz.net\/index.php?rest_route=\/wp\/v2\/posts\/191412\/revisions"}],"predecessor-version":[{"id":191417,"href":"http:\/\/wordpress.gurbuz.net\/index.php?rest_route=\/wp\/v2\/posts\/191412\/revisions\/191417"}],"wp:attachment":[{"href":"http:\/\/wordpress.gurbuz.net\/index.php?rest_route=%2Fwp%2Fv2%2Fmedia&parent=191412"}],"wp:term":[{"taxonomy":"category","embeddable":true,"href":"http:\/\/wordpress.gurbuz.net\/index.php?rest_route=%2Fwp%2Fv2%2Fcategories&post=191412"},{"taxonomy":"post_tag","embeddable":true,"href":"http:\/\/wordpress.gurbuz.net\/index.php?rest_route=%2Fwp%2Fv2%2Ftags&post=191412"}],"curies":[{"name":"wp","href":"https:\/\/api.w.org\/{rel}","templated":true}]}}