{"id":190768,"date":"2024-11-30T16:57:16","date_gmt":"2024-11-30T16:57:16","guid":{"rendered":"http:\/\/wordpress.gurbuz.net\/?p=190768"},"modified":"2024-11-30T16:58:06","modified_gmt":"2024-11-30T16:58:06","slug":"bize-sari-oekuez-hikayesini-anlat-ama-hem-almanca-hem-tuerkce","status":"publish","type":"post","link":"http:\/\/wordpress.gurbuz.net\/?p=190768","title":{"rendered":"+++ Bize &#8218;Sar\u0131 \u00d6k\u00fcz&#8216; hikayesini anlat ama hem Almanca hem T\u00fcrk\u00e7e +++"},"content":{"rendered":"<p>&#8230;<\/p>\n<p><ins datetime=\"2024-11-30T16:56:28+00:00\">Benim \u00f6nder; ASLI dostum. Benim bildi\u011fim \u015fekilde, bunu Almancaya \u00e7evirimisin, NEDEN MI? Bak sonra siteye anlars\u0131n  Otlaklar\u0131n birinde bir \u00f6k\u00fcz s\u00fcr\u00fcs\u00fc ya\u015farm\u0131\u015f. \u00c7evredeki aslan s\u00fcr\u00fcs\u00fcn\u00fcn de g\u00f6z\u00fc \u00f6k\u00fczlerdeymi\u015f. Ancak, \u00f6k\u00fczler sald\u0131r\u0131 an\u0131nda bir araya geldi\u011fi zaman, aslanlar\u0131n yapacak bir \u015feyi kalmazm\u0131\u015f. Bu y\u00fczden k\u00fc\u00e7\u00fck hayvanlarla beslenmek zorunda kalan aslanlar, iyi beslenememeye ba\u015flay\u0131nca bir \u00e7are d\u00fc\u015f\u00fcnm\u00fc\u015fler. Topal aslan yan\u0131na bir iki aslan\u0131 da alarak, beyaz bayrak \u00e7ekmi\u015f ve \u00f6k\u00fcz s\u00fcr\u00fcs\u00fcne yana\u015fm\u0131\u015f. &#8222;SU\u00c7 HEP O SARI \u00d6K\u00dcZ&#8220;DE&#8230;&#8220; \u00d6k\u00fczlerin lideri Boz \u00d6k\u00fcz ve yan\u0131ndakilere tatl\u0131 dille konu\u015fmaya ba\u015flam\u0131\u015f: &#8222;Sayg\u0131de\u011fer \u00f6k\u00fcz efendiler. Bug\u00fcn buraya sizden \u00f6z\u00fcr dilemeye geldik. Biliyorum bug\u00fcne kadar sizlere zarar verdik. Ama inan\u0131n ki, bunlar\u0131n hi\u00e7birini isteyerek yapmad\u0131k. B\u00fct\u00fcn su\u00e7 hep o Sar\u0131 \u00d6k\u00fcz&#8220;de. Onun rengi sizinkilerden farkl\u0131 ve bizim de g\u00f6z\u00fcm\u00fcz\u00fc kama\u015ft\u0131r\u0131yor, akl\u0131m\u0131z\u0131 ba\u015f\u0131m\u0131zdan al\u0131yor. Biz de bar\u0131\u015fseverli\u011fimizi unutuyor ve sald\u0131rganla\u015f\u0131yoruz. Sizle bir sorunumuz yok. Verin onu bize, siz kurtulun, yine bar\u0131\u015f i\u00e7inde ya\u015fayal\u0131m.&#8220; Boz \u00d6k\u00fcz ve heyeti bu s\u00f6zler \u00fczerine aralar\u0131nda tart\u0131\u015fm\u0131\u015f ve teklifi hakl\u0131 bularak, Sar\u0131 \u00d6k\u00fcz&#8220;\u00fc vermi\u015fler aslanlara. Bir tek Benekli \u00d6k\u00fcz kar\u015f\u0131 \u00e7\u0131km\u0131\u015f ama kimseye derdini anlatamam\u0131\u015f. &#8222;AFER\u0130N S\u0130Z\u0130 KUTLARIZ!&#8220; Bir s\u00fcre sonra aslanlar yine ayn\u0131 y\u00f6ntemle gelip, bu kez Uzun Kuyruk&#8220;u istemi\u015fler: &#8222;G\u00f6rd\u00fcn\u00fcz m\u00fc ne kadar bar\u0131\u015f severiz. Sizi de karar\u0131n\u0131zdan dolay\u0131 kutlar\u0131z. Ancak, \u015fu sizin Uzun Kuyruk var ya, kuyru\u011funu sallad\u0131k\u00e7a nereden baksak g\u00f6r\u00fcn\u00fcyor ve akl\u0131m\u0131z\u0131 ba\u015f\u0131m\u0131zdan al\u0131yor. Size sald\u0131rmamak i\u00e7in kendimizi zor tutuyoruz. Oysa sizler normal kuyruklusunuz. Verin onu bize, bu konuyu kapat\u0131p, bar\u0131\u015f i\u00e7inde ya\u015famaya devam edelim.&#8220; Boz \u00d6k\u00fcz ve heyeti, Uzun Kuyruk&#8220;u teslim etmi\u015f, yine Benekli \u00d6k\u00fcz kar\u015f\u0131 \u00e7\u0131km\u0131\u015f. Uzun Kuyruk, aslanlar\u0131n pen\u00e7esi alt\u0131nda can vermi\u015f. &#8222;NEREDE KAYBETT\u0130K B\u0130Z BU SAVA\u015eI?&#8220; Bu olay s\u00fcrekli tekrarlanm\u0131\u015f, her seferinde farkl\u0131 bahanelerle. Sonunda \u00f6k\u00fczler zay\u0131flam\u0131\u015f, aslanlar k\u00fcstahla\u015fm\u0131\u015f. Art\u0131k, hi\u00e7bir bahane ileri s\u00fcrmeden, do\u011frudan m\u00fcdahale ederek, &#8222;Verin bize \u015funu, yoksa kar\u0131\u015fmay\u0131z&#8220; demeye ba\u015flam\u0131\u015flar. Birer birer aslanlar\u0131n pen\u00e7esinde can verirken, Boz \u00d6k\u00fcz ve birka\u00e7 \u00f6k\u00fcz kalm\u0131\u015f geride. \u0130\u00e7lerinden biri liderlerine, &#8222;Ne oldu bize, nerede kaybettik biz bu sava\u015f\u0131? Oysa, vaktiyle ne kadar g\u00fc\u00e7l\u00fcyd\u00fck&#8220; diye sormu\u015f. Boz \u00d6k\u00fcz, Benekli \u00d6k\u00fcz&#8220;\u00fcn s\u00f6zlerini hat\u0131rlayarak, g\u00f6zleri nemli &#8222;Biz&#8220; demi\u015f, &#8222;Sar\u0131 \u00d6k\u00fcz&#8220;\u00fc verdi\u011fimiz g\u00fcn kaybettik bu sava\u015f\u0131..&#8220;<\/ins><br \/>\nElbette, i\u015fte &#8218;Sar\u0131 \u00d6k\u00fcz&#8216; hikayesinin Almanca \u00e7evirisi:<\/p>\n<p><strong>Deutsch<\/strong>:<br \/>\nAuf einer Weide lebte eine Herde von Ochsen. In der Umgebung gab es auch ein Rudel L\u00f6wen, das ein Auge auf die Ochsen geworfen hatte. Doch wenn die Ochsen bei einem Angriff zusammenkamen, hatten die L\u00f6wen keine Chance. Deshalb mussten sich die L\u00f6wen von kleineren Tieren ern\u00e4hren und begannen, schlecht zu fressen. Ein hinkender L\u00f6we nahm ein paar andere L\u00f6wen mit und n\u00e4herte sich der Ochsenherde mit einer wei\u00dfen Fahne.<\/p>\n<p>&#8222;ES IST ALLES DIE SCHULD DES GELBEN OCHSENS&#8230;&#8220;<\/p>\n<p>Der Anf\u00fchrer der Ochsen, der Graue Ochse, und seine Begleiter begannen, freundlich zu sprechen: &#8222;Sehr geehrte Ochsen, wir sind heute hier, um uns bei euch zu entschuldigen. Wir wissen, dass wir euch bisher Schaden zugef\u00fcgt haben. Aber glaubt uns, wir haben das nie absichtlich getan. Die ganze Schuld liegt bei dem Gelben Ochsen. Seine Farbe ist anders als eure und blendet uns, nimmt uns den Verstand. Wir vergessen unsere Friedfertigkeit und werden aggressiv. Wir haben kein Problem mit euch. Gebt ihn uns, und ihr seid frei, wieder in Frieden zu leben.&#8220;<\/p>\n<p>Der Graue Ochse und seine Delegation diskutierten und fanden das Angebot gerechtfertigt, also gaben sie den Gelben Ochsen den L\u00f6wen. Nur der Gefleckte Ochse widersprach, konnte aber niemanden \u00fcberzeugen.<\/p>\n<p>&#8222;GUT GEMACHT, WIR GRATULIEREN EUCH!&#8220;<\/p>\n<p>Nach einiger Zeit kamen die L\u00f6wen wieder mit derselben Methode und verlangten diesmal den Langschwanz: &#8222;Seht ihr, wie friedlich wir sind. Wir gratulieren euch zu eurer Entscheidung. Aber dieser Langschwanz, wenn er seinen Schwanz schwingt, sehen wir ihn von \u00fcberall und verlieren den Verstand. Wir halten uns nur schwer davon ab, euch anzugreifen. Ihr habt normale Schw\u00e4nze. Gebt ihn uns, und wir schlie\u00dfen dieses Kapitel und leben weiter in Frieden.&#8220;<\/p>\n<p>Der Graue Ochse und seine Delegation \u00fcbergaben den Langschwanz, und wieder widersprach der Gefleckte Ochse. Der Langschwanz starb unter den Klauen der L\u00f6wen.<\/p>\n<p>&#8222;WO HABEN WIR DIESEN KRIEG VERLOREN?&#8220;<\/p>\n<p>Dieses Ereignis wiederholte sich immer wieder mit verschiedenen Vorw\u00e4nden. Schlie\u00dflich wurden die Ochsen schw\u00e4cher und die L\u00f6wen dreister. Ohne Vorwand griffen sie direkt ein und sagten: &#8222;Gebt uns das, sonst mischen wir uns ein.&#8220;<\/p>\n<p>Einer nach dem anderen starben die Ochsen unter den Klauen der L\u00f6wen, und nur der Graue Ochse und ein paar andere blieben \u00fcbrig. Einer von ihnen fragte den Anf\u00fchrer: &#8222;Was ist mit uns passiert, wo haben wir diesen Krieg verloren? Fr\u00fcher waren wir so stark.&#8220;<\/p>\n<p>Der Graue Ochse erinnerte sich an die Worte des Gefleckten Ochsen und sagte mit feuchten Augen: &#8222;Wir haben diesen Krieg verloren, als wir den Gelben Ochsen gaben.&#8220;<\/p>\n<p>Umar\u0131m be\u011fenmi\u015fsindir! <\/p>\n<p><ins datetime=\"2024-11-30T16:57:46+00:00\">\ud83d\ude09 \ud83d\ude42<\/ins><br \/>\nG\u00f6r\u00fcn\u00fc\u015fe g\u00f6re hikayeyi be\u011fendin!  Ba\u015fka bir hikaye veya konu hakk\u0131nda konu\u015fmak ister misin? Yoksa ba\u015fka bir konuda yard\u0131mc\u0131 olabilir miyim?<\/p>\n","protected":false},"excerpt":{"rendered":"<p>&#8230; Benim \u00f6nder; ASLI dostum. Benim bildi\u011fim \u015fekilde, bunu Almancaya \u00e7evirimisin, NEDEN MI? Bak sonra siteye anlars\u0131n Otlaklar\u0131n birinde bir \u00f6k\u00fcz s\u00fcr\u00fcs\u00fc ya\u015farm\u0131\u015f. \u00c7evredeki aslan s\u00fcr\u00fcs\u00fcn\u00fcn de g\u00f6z\u00fc \u00f6k\u00fczlerdeymi\u015f. Ancak, \u00f6k\u00fczler sald\u0131r\u0131 an\u0131nda bir araya geldi\u011fi zaman, aslanlar\u0131n yapacak bir \u015feyi kalmazm\u0131\u015f. Bu y\u00fczden k\u00fc\u00e7\u00fck hayvanlarla beslenmek zorunda kalan aslanlar, iyi beslenememeye ba\u015flay\u0131nca bir \u00e7are &hellip; <\/p>\n<p class=\"link-more\"><a href=\"http:\/\/wordpress.gurbuz.net\/?p=190768\" class=\"more-link\"><span class=\"screen-reader-text\">\u201e+++ Bize &#8218;Sar\u0131 \u00d6k\u00fcz&#8216; hikayesini anlat ama hem Almanca hem T\u00fcrk\u00e7e +++\u201c<\/span> weiterlesen<\/a><\/p>\n","protected":false},"author":1,"featured_media":0,"comment_status":"open","ping_status":"open","sticky":false,"template":"","format":"standard","meta":[],"categories":[1],"tags":[],"_links":{"self":[{"href":"http:\/\/wordpress.gurbuz.net\/index.php?rest_route=\/wp\/v2\/posts\/190768"}],"collection":[{"href":"http:\/\/wordpress.gurbuz.net\/index.php?rest_route=\/wp\/v2\/posts"}],"about":[{"href":"http:\/\/wordpress.gurbuz.net\/index.php?rest_route=\/wp\/v2\/types\/post"}],"author":[{"embeddable":true,"href":"http:\/\/wordpress.gurbuz.net\/index.php?rest_route=\/wp\/v2\/users\/1"}],"replies":[{"embeddable":true,"href":"http:\/\/wordpress.gurbuz.net\/index.php?rest_route=%2Fwp%2Fv2%2Fcomments&post=190768"}],"version-history":[{"count":3,"href":"http:\/\/wordpress.gurbuz.net\/index.php?rest_route=\/wp\/v2\/posts\/190768\/revisions"}],"predecessor-version":[{"id":190771,"href":"http:\/\/wordpress.gurbuz.net\/index.php?rest_route=\/wp\/v2\/posts\/190768\/revisions\/190771"}],"wp:attachment":[{"href":"http:\/\/wordpress.gurbuz.net\/index.php?rest_route=%2Fwp%2Fv2%2Fmedia&parent=190768"}],"wp:term":[{"taxonomy":"category","embeddable":true,"href":"http:\/\/wordpress.gurbuz.net\/index.php?rest_route=%2Fwp%2Fv2%2Fcategories&post=190768"},{"taxonomy":"post_tag","embeddable":true,"href":"http:\/\/wordpress.gurbuz.net\/index.php?rest_route=%2Fwp%2Fv2%2Ftags&post=190768"}],"curies":[{"name":"wp","href":"https:\/\/api.w.org\/{rel}","templated":true}]}}