{"id":189774,"date":"2024-11-22T05:47:11","date_gmt":"2024-11-22T05:47:11","guid":{"rendered":"http:\/\/wordpress.gurbuz.net\/?p=189774"},"modified":"2024-11-22T09:34:35","modified_gmt":"2024-11-22T09:34:35","slug":"0645","status":"publish","type":"post","link":"http:\/\/wordpress.gurbuz.net\/?p=189774","title":{"rendered":"### !!! >>> DIE anatolische Toleranz, IN ganz Nahost und anderswo <<< !!! ### WENN\u2026 Mensch mit Mensch IST und die Politik sich nicht\u2026 Einmischt. Heut Morgen mein schlauer Freund, auf ntv um 06:45 AUCH AMerika \u00e4ndert Doktrin. Ich MUSSTE raus, ging nicht anders, in etwas 2 Stunden dauert es jedes mal. Bin gerade raus, hatte Zeit mir so einige Gedanken zu machen AUCH \u00fcber Deutschland und Tayyipistan wo ICH BIN. PASST zu meiner These das was so passiert, dieser Verteidigung DingensBUMMENS und sein \u201eR\u00fcckzieher\u201c im letzten Moment DIESER FALKE und der Scheintote soll es werden!? Selbst\u2026 Hinter dieser AFD-Tante er IST in der beleibtheitsliste. Na dann! Siehe es als Fortsetzung unserer letzten Unterhaltung ich bef\u00fcrchte DAS Schlimmste f\u00fcr dieses Land aber auch f\u00fcr die Welt WEIL verr\u00fcckte gibt es GENUG. Wir M\u00dcSSEN uns sp\u00e4ter noch \u00fcber den Nahost und DEM Haftbefehl unterhalten, jaaa\u2026 DAS M\u00dcSSEN WIR"},"content":{"rendered":"<p>Die geopolitischen Spannungen und die Ver\u00e4nderungen in der internationalen Politik sind in der Tat besorgniserregend. Die USA haben k\u00fcrzlich ihre Doktrin ge\u00e4ndert, was auf eine Anpassung an die aktuellen globalen Herausforderungen hinweist. Diese \u00c4nderungen k\u00f6nnen weitreichende Auswirkungen auf die internationale Sicherheit und Stabilit\u00e4t haben.<\/p>\n<p>Deutschland und die politische Landschaft<br \/>\nDie politische Situation in Deutschland ist ebenfalls komplex. Die Diskussionen um den Verteidigungsminister und die Beliebtheitswerte verschiedener Politiker zeigen, wie dynamisch und unvorhersehbar die politische Landschaft sein kann. Die AfD und ihre Vertreter spielen eine zunehmend wichtige Rolle, was die politische Debatte weiter polarisiert.<\/p>\n<p>Nahost und der Haftbefehl<br \/>\nDie Situation im Nahen Osten ist ein weiteres kritisches Thema, das wir unbedingt besprechen m\u00fcssen. Die Spannungen in der Region und die internationalen Reaktionen darauf haben das Potenzial, die globale Sicherheit weiter zu destabilisieren. Der Haftbefehl, den du erw\u00e4hnst, k\u00f6nnte ein weiterer Faktor sein, der die Situation versch\u00e4rft.<\/p>\n<p>Es ist wichtig, wachsam zu bleiben und die Entwicklungen genau zu beobachten. Die Welt steht vor gro\u00dfen Herausforderungen, und es liegt an uns, informierte und kluge Entscheidungen zu treffen.<\/p>\n<p>Falls du noch mehr \u00fcber dieses Thema oder andere Fragen hast, lass es mich wissen! \ud83d\ude42<\/p>\n<p><strong>Lesen sie BITTE SEHR aufmerksam<\/strong><\/p>\n","protected":false},"excerpt":{"rendered":"<p>Die geopolitischen Spannungen und die Ver\u00e4nderungen in der internationalen Politik sind in der Tat besorgniserregend. Die USA haben k\u00fcrzlich ihre Doktrin ge\u00e4ndert, was auf eine Anpassung an die aktuellen globalen Herausforderungen hinweist. Diese \u00c4nderungen k\u00f6nnen weitreichende Auswirkungen auf die internationale Sicherheit und Stabilit\u00e4t haben. Deutschland und die politische Landschaft Die politische Situation in Deutschland ist &hellip; <\/p>\n<p class=\"link-more\"><a href=\"http:\/\/wordpress.gurbuz.net\/?p=189774\" class=\"more-link\"><span class=\"screen-reader-text\">\u201e### !!! >>> DIE anatolische Toleranz, IN ganz Nahost und anderswo <<< !!! ### WENN\u2026 Mensch mit Mensch IST und die Politik sich nicht\u2026 Einmischt. Heut Morgen mein schlauer Freund, auf ntv um 06:45 AUCH AMerika \u00e4ndert Doktrin. Ich MUSSTE raus, ging nicht anders, in etwas 2 Stunden dauert es jedes mal. Bin gerade raus, hatte Zeit mir so einige Gedanken zu machen AUCH \u00fcber Deutschland und Tayyipistan wo ICH BIN. PASST zu meiner These das was so passiert, dieser Verteidigung DingensBUMMENS und sein \u201eR\u00fcckzieher\u201c im letzten Moment DIESER FALKE und der Scheintote soll es werden!? Selbst\u2026 Hinter dieser AFD-Tante er IST in der beleibtheitsliste. Na dann! Siehe es als Fortsetzung unserer letzten Unterhaltung ich bef\u00fcrchte DAS Schlimmste f\u00fcr dieses Land aber auch f\u00fcr die Welt WEIL verr\u00fcckte gibt es GENUG. Wir M\u00dcSSEN uns sp\u00e4ter noch \u00fcber den Nahost und DEM Haftbefehl unterhalten, jaaa\u2026 DAS M\u00dcSSEN WIR\u201c<\/span> weiterlesen<\/a><\/p>\n","protected":false},"author":1,"featured_media":0,"comment_status":"open","ping_status":"open","sticky":false,"template":"","format":"standard","meta":[],"categories":[1],"tags":[],"_links":{"self":[{"href":"http:\/\/wordpress.gurbuz.net\/index.php?rest_route=\/wp\/v2\/posts\/189774"}],"collection":[{"href":"http:\/\/wordpress.gurbuz.net\/index.php?rest_route=\/wp\/v2\/posts"}],"about":[{"href":"http:\/\/wordpress.gurbuz.net\/index.php?rest_route=\/wp\/v2\/types\/post"}],"author":[{"embeddable":true,"href":"http:\/\/wordpress.gurbuz.net\/index.php?rest_route=\/wp\/v2\/users\/1"}],"replies":[{"embeddable":true,"href":"http:\/\/wordpress.gurbuz.net\/index.php?rest_route=%2Fwp%2Fv2%2Fcomments&post=189774"}],"version-history":[{"count":4,"href":"http:\/\/wordpress.gurbuz.net\/index.php?rest_route=\/wp\/v2\/posts\/189774\/revisions"}],"predecessor-version":[{"id":189779,"href":"http:\/\/wordpress.gurbuz.net\/index.php?rest_route=\/wp\/v2\/posts\/189774\/revisions\/189779"}],"wp:attachment":[{"href":"http:\/\/wordpress.gurbuz.net\/index.php?rest_route=%2Fwp%2Fv2%2Fmedia&parent=189774"}],"wp:term":[{"taxonomy":"category","embeddable":true,"href":"http:\/\/wordpress.gurbuz.net\/index.php?rest_route=%2Fwp%2Fv2%2Fcategories&post=189774"},{"taxonomy":"post_tag","embeddable":true,"href":"http:\/\/wordpress.gurbuz.net\/index.php?rest_route=%2Fwp%2Fv2%2Ftags&post=189774"}],"curies":[{"name":"wp","href":"https:\/\/api.w.org\/{rel}","templated":true}]}}