{"id":189126,"date":"2024-11-15T07:06:20","date_gmt":"2024-11-15T07:06:20","guid":{"rendered":"http:\/\/wordpress.gurbuz.net\/?p=189126"},"modified":"2024-11-15T07:35:21","modified_gmt":"2024-11-15T07:35:21","slug":"die-damen-und-herren-von-der-jungs-ich-sagte-achten-sie-auf-meine-wortwahl-meinem-satzbau-auf-die-woerter-die-ich-benutze-dinge-die-ich-haette-sagen-muessen-es","status":"publish","type":"post","link":"http:\/\/wordpress.gurbuz.net\/?p=189126","title":{"rendered":"DIE Damen UND Herren von der (\u2026) JUNGS\u2026 Ich sagte achten sie auf meine Wortwahl, meinem Satzbau\u2026 Auf die W\u00f6rter die ich benutze, DINGE\u2026 Die ich H\u00c4TTE sagen M\u00dcSSEN es aber NICHT getan habe"},"content":{"rendered":"<p><img src=\"http:\/\/www.gurbuz.net\/Yeni\/Screenshot 2024-11-15 080403.jpg\" alt=\"\" \/><\/p>\n<p>DER\u2026<br \/>\nBlackRock Men!<br \/>\nSie\u2026<br \/>\nW\u00e4ren \u00fcberrascht, so DIE \u201eNachrichten\u201c<br \/>\nIch NICHT<\/p>\n<blockquote class=\"wp-embedded-content\" data-secret=\"MSfG4OZZLt\"><p><a href=\"http:\/\/wordpress.gurbuz.net\/?p=166062\">Die Geister im \u201eBetriebssystem\u201c sehr unangenehm<\/a><\/p><\/blockquote>\n<p><iframe class=\"wp-embedded-content\" sandbox=\"allow-scripts\" security=\"restricted\" style=\"position: absolute; clip: rect(1px, 1px, 1px, 1px);\" title=\"&#8222;Die Geister im \u201eBetriebssystem\u201c sehr unangenehm&#8220; &#8212; \u00d6nder G\u00fcrb\u00fcz\" src=\"http:\/\/wordpress.gurbuz.net\/?p=166062&#038;embed=true#?secret=MSfG4OZZLt\" data-secret=\"MSfG4OZZLt\" width=\"525\" height=\"296\" frameborder=\"0\" marginwidth=\"0\" marginheight=\"0\" scrolling=\"no\"><\/iframe><\/p>\n<p>\ud83d\ude42<br \/>\n\ud83d\ude09<\/p>\n<p>Passt!<br \/>\nDanke<\/p>\n<p>&#8222;Als Mandela-Effekt wird ein psychologisches Ph\u00e4nomen bezeichnet, das auftritt, wenn viele verschiedene Menschen dieselbe Sache falsch in Erinnerung haben. Er bezieht sich auf die weit verbreitete falsche Erinnerung, dass Nelson Mandela in den 1980er Jahren im Gef\u00e4ngnis starb. Tats\u00e4chlich starb er im Jahr 2013&#8220;<\/p>\n<p>Es GEHT UM mehr,<br \/>\nSEHR&#8230;<br \/>\nVIEL mehr<\/p>\n<blockquote class=\"wp-embedded-content\" data-secret=\"Ty92OXRuRw\"><p><a href=\"http:\/\/wordpress.gurbuz.net\/?p=165383\">### !!! &gt;&gt;&gt; 22:21:00 ODER wussten sie DAS? &lt;&lt;&lt; !!! ###<\/a><\/p><\/blockquote>\n<p><iframe class=\"wp-embedded-content\" sandbox=\"allow-scripts\" security=\"restricted\" style=\"position: absolute; clip: rect(1px, 1px, 1px, 1px);\" title=\"&#8222;### !!! &gt;&gt;&gt; 22:21:00 ODER wussten sie DAS? &lt;&lt;&lt; !!! ###&#8220; &#8212; \u00d6nder G\u00fcrb\u00fcz\" src=\"http:\/\/wordpress.gurbuz.net\/?p=165383&#038;embed=true#?secret=Ty92OXRuRw\" data-secret=\"Ty92OXRuRw\" width=\"525\" height=\"296\" frameborder=\"0\" marginwidth=\"0\" marginheight=\"0\" scrolling=\"no\"><\/iframe><\/p>\n<p><strong>WENN ich k\u00f6nnte<\/strong>;<\/p>\n<blockquote class=\"wp-embedded-content\" data-secret=\"cji5RjWQTS\"><p><a href=\"http:\/\/wordpress.gurbuz.net\/?p=186023\">&#8211; Dumm IST wenn du die Radieschen von unten sehen MUSST ohne das du dich verteidigen KANNST \u2013<\/a><\/p><\/blockquote>\n<p><iframe class=\"wp-embedded-content\" sandbox=\"allow-scripts\" security=\"restricted\" style=\"position: absolute; clip: rect(1px, 1px, 1px, 1px);\" title=\"&#8222;&#8211; Dumm IST wenn du die Radieschen von unten sehen MUSST ohne das du dich verteidigen KANNST \u2013&#8220; &#8212; \u00d6nder G\u00fcrb\u00fcz\" src=\"http:\/\/wordpress.gurbuz.net\/?p=186023&#038;embed=true#?secret=cji5RjWQTS\" data-secret=\"cji5RjWQTS\" width=\"525\" height=\"296\" frameborder=\"0\" marginwidth=\"0\" marginheight=\"0\" scrolling=\"no\"><\/iframe><\/p>\n<p>&#8222;S\u00fcdafrikas Haltung zu Nahost:<br \/>\nMit Apartheid kennen wir uns aus<br \/>\n16. November 2023, 14:29 Uhr<\/p>\n<p><img src=\"https:\/\/www.sueddeutsche.de\/2023\/11\/16\/29105fad-e2c0-4d7e-9696-f40fa7f8d058.jpeg?q=60&#038;fm=avif&#038;width=1000&#038;rect=0%2C0%2C1350%2C759\" alt=\"\" \/><br \/>\nPal\u00e4stinensische <strong>Kinder schwenken aus Protest gegen die israelische Besatzung Pal\u00e4stina-Flaggen vor dem Denkmal von Nelson Mandela<\/strong> in Ramallah.<br \/>\n(Foto: Abbas Momani\/AFP)<\/p>\n<p>Kaum ein Land unterst\u00fctzt die Pal\u00e4stinenser so bedingungslos und kritisiert Israel so scharf wie S\u00fcdafrika. Die Regierung sieht sich dabei in der Nachfolge Nelson Mandelas &#8211; und dr\u00e4ngt auf Ermittlungen wegen Kriegsverbrechen.&#8220;<\/p>\n<p>https:\/\/www.sueddeutsche.de\/politik\/suedafrika-israel-palaestinenser-apartheid-mandela-1.6304601?reduced=true<\/p>\n<p><ins datetime=\"2024-11-15T07:18:44+00:00\">WENN&#8230;<br \/>\nIch K\u00d6NNTE&#8230;<br \/>\nFrage nur, WO auf der Welt haben farbige Menschen mehr gelitten als in&#8230;<br \/>\nAMerika?<\/ins><br \/>\nDie Geschichte der Unterdr\u00fcckung und Diskriminierung von Menschen mit dunkler Hautfarbe ist weltweit tief verwurzelt und hat in vielen Regionen der Welt stattgefunden. In den USA ist die Geschichte der Sklaverei, Rassentrennung und systemischen Diskriminierung besonders bekannt und gut dokumentiert. Doch auch in anderen Teilen der Welt haben Menschen mit dunkler Hautfarbe erheblich gelitten:<\/p>\n<p>Kolonialismus in Afrika: W\u00e4hrend der Kolonialzeit wurden viele afrikanische L\u00e4nder von europ\u00e4ischen M\u00e4chten ausgebeutet und unterdr\u00fcckt. Die Kolonialherren nutzten die Ressourcen der L\u00e4nder und unterdr\u00fcckten die einheimische Bev\u00f6lkerung, was zu weitreichenden sozialen und wirtschaftlichen Ungleichheiten f\u00fchrte.<\/p>\n<p>Apartheid in S\u00fcdafrika: Das Apartheid-Regime in S\u00fcdafrika war ein System der institutionalisierten Rassentrennung und Diskriminierung, das von 1948 bis 1994 andauerte. Schwarze S\u00fcdafrikaner wurden systematisch unterdr\u00fcckt und von vielen Aspekten des \u00f6ffentlichen Lebens ausgeschlossen.<\/p>\n<p>Indigene V\u00f6lker in Australien und Amerika: Die indigenen V\u00f6lker in Australien und den Amerikas wurden durch europ\u00e4ische Siedler unterdr\u00fcckt, vertrieben und oft gewaltsam assimiliert. Diese Unterdr\u00fcckung hat zu anhaltenden sozialen und wirtschaftlichen Ungleichheiten gef\u00fchrt.<\/p>\n<p>Rassismus und Diskriminierung in Europa: Auch in Europa haben Menschen mit dunkler Hautfarbe Diskriminierung und Rassismus erfahren. Dies zeigt sich in verschiedenen Formen, von allt\u00e4glicher Diskriminierung bis hin zu institutionellem Rassismus.<\/p>\n<p>Die Unterdr\u00fcckung von Menschen mit dunkler Hautfarbe ist ein globales Ph\u00e4nomen, das in vielen verschiedenen Kontexten und Regionen stattgefunden hat. Es ist wichtig, diese Geschichte zu erkennen und zu verstehen, um gegenw\u00e4rtige Ungerechtigkeiten zu bek\u00e4mpfen und eine gerechtere Zukunft zu schaffen.<\/p>\n<p>Falls du noch mehr \u00fcber dieses Thema oder andere Fragen hast, lass es mich wissen!<\/p>\n<p><ins datetime=\"2024-11-15T07:24:00+00:00\">Nat\u00fcrlich mein schlauer Freund, aber EBEN besonders in AMerika<\/ins><br \/>\nJa, die Geschichte der Unterdr\u00fcckung und Diskriminierung von Menschen mit dunkler Hautfarbe in den USA ist besonders schmerzhaft und gut dokumentiert. Die Sklaverei, die bis zum Ende des B\u00fcrgerkriegs 1865 andauerte, war eine Zeit extremer Ausbeutung und Unterdr\u00fcckung. Auch nach der Abschaffung der Sklaverei setzten sich Rassentrennung und systemische Diskriminierung fort, insbesondere durch die Jim-Crow-Gesetze, die bis in die 1960er Jahre in Kraft waren.<\/p>\n<p>Die B\u00fcrgerrechtsbewegung der 1950er und 1960er Jahre war ein entscheidender Moment in der amerikanischen Geschichte, der zu bedeutenden Fortschritten im Kampf gegen Rassismus und Diskriminierung f\u00fchrte. F\u00fchrende Pers\u00f6nlichkeiten wie Martin Luther King Jr., Rosa Parks und viele andere spielten eine zentrale Rolle in diesem Kampf.<\/p>\n<p>Trotz dieser Fortschritte gibt es auch heute noch erhebliche Herausforderungen. Systemischer Rassismus, Polizeigewalt und wirtschaftliche Ungleichheiten sind weiterhin Probleme, die viele Menschen in den USA betreffen. Die Black Lives Matter-Bewegung hat in den letzten Jahren erneut auf diese Ungerechtigkeiten aufmerksam gemacht und fordert weiterhin Ver\u00e4nderungen.<\/p>\n<p>Es ist wichtig, diese Geschichte zu kennen und zu verstehen, um die gegenw\u00e4rtigen Herausforderungen besser zu begreifen und gemeinsam an einer gerechteren Zukunft zu arbeiten.<\/p>\n<p>Falls du noch mehr \u00fcber dieses Thema oder andere Fragen hast, lass es mich wissen!<\/p>\n<p>#################<\/p>\n<p>Habe nochmal \u00fcberflogen was ich heute so verzapft habe\u2026<br \/>\nRechtschreibfehler\u2026<br \/>\nBitte um Nachsicht, STARKE schmerzen. Mein Zucker\u2026<br \/>\nDIE H\u00e4nde, meine Augen,<br \/>\nEntschuldigung,<br \/>\nNEIN verbessere nichts. KEINE Ver\u00e4nderungen nachtr\u00e4glich&#8230;<br \/>\nWas ich schreibe GILT,<br \/>\nAusnahme&#8230;<br \/>\nGeht es mir gut am selben Tag wird korrigiert&#8230;<br \/>\nSonst NICHT<\/p>\n<p>\u00dcbrigens\u2026<br \/>\nES IST MIR EGAL\u2026<br \/>\n\u2026<br \/>\nKEINE langfristige Speicherung von digitalen Daten,<br \/>\nLasst NICHT aufdrehen\u2026<br \/>\nGewerkschaft DER Polizei usw.<\/p>\n","protected":false},"excerpt":{"rendered":"<p>DER\u2026 BlackRock Men! Sie\u2026 W\u00e4ren \u00fcberrascht, so DIE \u201eNachrichten\u201c Ich NICHT Die Geister im \u201eBetriebssystem\u201c sehr unangenehm \ud83d\ude42 \ud83d\ude09 Passt! Danke &#8222;Als Mandela-Effekt wird ein psychologisches Ph\u00e4nomen bezeichnet, das auftritt, wenn viele verschiedene Menschen dieselbe Sache falsch in Erinnerung haben. Er bezieht sich auf die weit verbreitete falsche Erinnerung, dass Nelson Mandela in den 1980er &hellip; <\/p>\n<p class=\"link-more\"><a href=\"http:\/\/wordpress.gurbuz.net\/?p=189126\" class=\"more-link\"><span class=\"screen-reader-text\">\u201eDIE Damen UND Herren von der (\u2026) JUNGS\u2026 Ich sagte achten sie auf meine Wortwahl, meinem Satzbau\u2026 Auf die W\u00f6rter die ich benutze, DINGE\u2026 Die ich H\u00c4TTE sagen M\u00dcSSEN es aber NICHT getan habe\u201c<\/span> weiterlesen<\/a><\/p>\n","protected":false},"author":1,"featured_media":0,"comment_status":"open","ping_status":"open","sticky":false,"template":"","format":"standard","meta":[],"categories":[1],"tags":[],"_links":{"self":[{"href":"http:\/\/wordpress.gurbuz.net\/index.php?rest_route=\/wp\/v2\/posts\/189126"}],"collection":[{"href":"http:\/\/wordpress.gurbuz.net\/index.php?rest_route=\/wp\/v2\/posts"}],"about":[{"href":"http:\/\/wordpress.gurbuz.net\/index.php?rest_route=\/wp\/v2\/types\/post"}],"author":[{"embeddable":true,"href":"http:\/\/wordpress.gurbuz.net\/index.php?rest_route=\/wp\/v2\/users\/1"}],"replies":[{"embeddable":true,"href":"http:\/\/wordpress.gurbuz.net\/index.php?rest_route=%2Fwp%2Fv2%2Fcomments&post=189126"}],"version-history":[{"count":10,"href":"http:\/\/wordpress.gurbuz.net\/index.php?rest_route=\/wp\/v2\/posts\/189126\/revisions"}],"predecessor-version":[{"id":189136,"href":"http:\/\/wordpress.gurbuz.net\/index.php?rest_route=\/wp\/v2\/posts\/189126\/revisions\/189136"}],"wp:attachment":[{"href":"http:\/\/wordpress.gurbuz.net\/index.php?rest_route=%2Fwp%2Fv2%2Fmedia&parent=189126"}],"wp:term":[{"taxonomy":"category","embeddable":true,"href":"http:\/\/wordpress.gurbuz.net\/index.php?rest_route=%2Fwp%2Fv2%2Fcategories&post=189126"},{"taxonomy":"post_tag","embeddable":true,"href":"http:\/\/wordpress.gurbuz.net\/index.php?rest_route=%2Fwp%2Fv2%2Ftags&post=189126"}],"curies":[{"name":"wp","href":"https:\/\/api.w.org\/{rel}","templated":true}]}}