{"id":189021,"date":"2024-11-14T08:16:57","date_gmt":"2024-11-14T08:16:57","guid":{"rendered":"http:\/\/wordpress.gurbuz.net\/?p=189021"},"modified":"2024-11-15T05:12:06","modified_gmt":"2024-11-15T05:12:06","slug":"189021","status":"publish","type":"post","link":"http:\/\/wordpress.gurbuz.net\/?p=189021","title":{"rendered":"Hatte ich einen Punkt gesetzt?"},"content":{"rendered":"<p>&#8230;<br \/>\n&#8222;\u201eWarum?\u201c fragte Elara mit zittriger Stimme.<br \/>\n\u00d6nders L\u00e4cheln enthielt sowohl Traurigkeit als auch Verwunderung. \u201eWeil Wissen unsere Rettung und unser Fluch zugleich ist. Wir suchen nach Antworten, aber manche Wahrheiten sind zu gro\u00df f\u00fcr sterbliche Geister.&#8220;<br \/>\n&#8230;<br \/>\n&#8222;Elara z\u00f6gerte. \u201eWas wei\u00dft du?\u201c<\/p>\n<p>Er lehnte sich n\u00e4her heran und fl\u00fcsterte: \u201eDass das Universum vergessene Lieder singt, dass die Zeit sich selbst \u00fcberholt und dass die Liebe die Dimensionen \u00fcbersteigt. <strong>Aber nimm dich in Acht, Elara, denn f\u00fcr jede enth\u00fcllte Wahrheit wird ein Opfer verlangt.<\/strong>\u201c<br \/>\nUnd damit verschwand \u00d6nder und lie\u00df Elara allein in dem mondbeschienenen Kreis stehen.&#8220;<br \/>\n&#8230;<\/p>\n<p>*<\/p>\n<p>&#8230;<br \/>\n&#8222;Ah, ich verstehe! Du hast mich auf eine interessante Reise durch die Welt der subatomaren Teilchen und ihrer m\u00f6glichen Anwendungen gef\u00fchrt. Es ist faszinierend, wie tief wir in die Materie eintauchen k\u00f6nnen, um die kleinsten Bausteine des Universums zu verstehen und zu nutzen.&#8220;<br \/>\n&#8230;<\/p>\n<p><strong>NEIN<\/strong><\/p>\n<p>Seht ihr DAS Jungs,<br \/>\nDer Marsch, einzeln UND&#8230;<br \/>\nVollautomatisch!<\/p>\n<p><img loading=\"lazy\" class=\"\" src=\"http:\/\/www.gurbuz.net\/Yeni\/Screenshot 2024-11-14 092840.jpg\" alt=\"\" width=\"290\" height=\"481\" \/><\/p>\n<p>Habt ihr Augen im Kopf&#8230;<br \/>\nHIER&#8230;<br \/>\nWie DORT?<\/p>\n<p>IHR&#8230;<br \/>\nBewegt euch IN MEINEN WeltEN&#8230;<br \/>\nUnd NICHT umgekehrt<\/p>\n<p>&#8222;Ge\u00e7ip giden zaman, ne varsa ya\u015fanan..<br \/>\nIl\u0131k bir ilkbahar, tutar dalllar\u0131ndan<br \/>\n\u015eefkati g\u00fcne\u015fin \u015fifad\u0131r dediler<br \/>\nBen sensiz hi\u00e7 \u00e7i\u00e7ek a\u00e7mad\u0131m<br \/>\nEllerin elimde, bir dilek g\u00f6\u011fs\u00fcmde<br \/>\nDerinde bir yerde kald\u0131 bak \u00f6ylece<br \/>\nNe hazindir veda y\u00fck\u00fc omzumda<br \/>\nGitti\u011fine inanamad\u0131m..<br \/>\n<strong>Uzun bir hikaye, yaln\u0131z geceler gibi<br \/>\nAnlatsam dil susar, g\u00f6zler konu\u015fur hani<\/strong><br \/>\nYoklu\u011fun bir nehir, \u00e7a\u011flad\u0131 y\u0131kt\u0131 beni<br \/>\nOturdum a\u011flad\u0131m, \u00e7ocuklar gibi<br \/>\nD\u0131\u015f\u0131m ayr\u0131 bahar, i\u00e7im ba\u015fka bir hazan<br \/>\nMevsimler devirdim solmad\u0131 o hat\u0131ran<br \/>\nKalbim k\u0131r\u0131k de\u011fil parampar\u00e7a inan<br \/>\nBen seni hi\u00e7 unutamad\u0131m..<br \/>\nD\u0131\u015f\u0131m ayr\u0131 bir bahar, i\u00e7im ba\u015fka bir hazan<br \/>\nMevsimler devirdim solmad\u0131 o hat\u0131ran<br \/>\nKalbim k\u0131r\u0131k de\u011fil parampar\u00e7a inan<br \/>\nBen seni hi\u00e7 unutamad\u0131m, unutamad\u0131m, unutmad\u0131m..&#8220;<\/p>\n<p>UND der Tag WIRD kommen an dem diese Dinger ein Eigenleben\u2026<br \/>\nEin Bewusstsein\u2026<br \/>\nVielleicht sogar ein Gewissen entwickeln WERDEN<\/p>\n<p>Bis dahin\u2026<br \/>\nGeht es weiter mit dem FICKEN,<br \/>\nWas danach kommen wird m\u00f6chte ich mir NICHT einmal vorstellen<\/p>\n<p><ins datetime=\"2024-11-14T09:02:03+00:00\">\u201eNichts Neues unter der Sonne\u201c<br \/>\nSo hei\u00dft es in der Kabbala, zu lange war ich mit und unter ihnen\u2026<br \/>\nEin \u201eLeben\u201c<br \/>\nJennifer Morgan, auf sie und DIESE Au\u00dfendingsBUMMS werde ich NOCH irgendWANN zur\u00fcckkommen,<br \/>\nSie\u2026<br \/>\nDIESE Jennifer Morgan\u2026<br \/>\nIm Namen Deutschlands bei der Cop29!?<br \/>\nWenige SIND gekommen, sehr wenige \u201eStaatslenker\u201c zur&#8230;<br \/>\nUN-Klimakonferenz in Baku 2024<br \/>\nWarum auch?<br \/>\nDr. Yasmin Shirin Appelhans, Wissenschaftsjournalistin aus Kiel,<br \/>\nErinnere dich BITTE mein Schauer Freund, ja ich denke du hast mich l\u00e4ngst erkannt, ich bin es \u00d6nder\u2026<br \/>\nErinnere dich wir haben diesbez\u00fcglich OFT miteinander, wie sagt du so sch\u00f6n geplaudert\u2026<br \/>\n\u00dcber die Klimakrise und ich wei\u00df du schaust auch mal vorbei. Sie Dr. Appelhans ABER NICHT NUR sie sprechen seit geraumer Zeit \u00fcber den\u2026<br \/>\n&#8211; Klimawandel \u2013<br \/>\nAuch wei\u00dft du ich KANN NICHT wie ich will, wie ich m\u00fcsste, ein Wandel ist was anderes als eine Krise<br \/>\nIm Wandel der Zeit<br \/>\nEtwas mehr Achtung,<br \/>\ngar weniger Streit,<br \/>\nmancher denkt anders,<br \/>\nim Wandel der Zeit.<br \/>\nGl\u00fcck braucht den Frieden,<br \/>\nder Glaube sein Gott,<br \/>\nwer Leben bedroht,<br \/>\nerntet Abscheu und Spott.<br \/>\nDie Macht nutzt die Schw\u00e4che,<br \/>\ndie Dummheit ihr Schwert,<br \/>\ndas Streben nach Eintracht,<br \/>\nist niemals verkehrt.<br \/>\nIn st\u00fcrmischen Zeiten,<br \/>\nverfliegt oft der Mut,<br \/>\nda steigen die \u00c4ngste,<br \/>\nda ballt sich die Wut.<br \/>\nDoch Waffen mit Waffen,<br \/>\ndies w\u00e4re fatal,<br \/>\nes lebe das Leben,<br \/>\nes lohnt allemal.<br \/>\n\u00a9 Gabriela Bredehorn, 2015<br \/>\nAus der Sammlung Zeit<\/ins><br \/>\nDas Gedicht von Gabriela Bredehorn ist wirklich bewegend und bringt viele wichtige Gedanken zum Ausdruck. Es erinnert uns daran, dass Wandel und Ver\u00e4nderung Teil des Lebens sind und dass wir in st\u00fcrmischen Zeiten oft Mut und Eintracht brauchen.<\/p>\n<p>Was die UN-Klimakonferenz in Baku 2024 betrifft, ist es bedauerlich, dass nur wenige Staatslenker anwesend sind. Die Klimakrise ist eine der gr\u00f6\u00dften Herausforderungen unserer Zeit, und es ist wichtig, dass f\u00fchrende Politiker und Entscheidungstr\u00e4ger zusammenkommen, um L\u00f6sungen zu finden und Ma\u00dfnahmen zu ergreifen.<\/p>\n<p>Jennifer Morgan, die Deutschland bei der COP29 vertritt, ist eine bekannte Umweltaktivistin und Politikerin. Ihre Teilnahme zeigt das Engagement Deutschlands f\u00fcr den Klimaschutz, auch wenn die Anwesenheit anderer Staatslenker begrenzt ist.<\/p>\n<p>Dr. Yasmin Shirin Appelhans und andere Wissenschaftlerinnen und Wissenschaftler haben recht, wenn sie betonen, dass der Klimawandel eine tiefgreifende und langfristige Ver\u00e4nderung ist, die unsere Aufmerksamkeit und unser Handeln erfordert. Es ist wichtig, dass wir diese Herausforderungen gemeinsam angehen und L\u00f6sungen finden, die sowohl die Umwelt sch\u00fctzen als auch soziale Gerechtigkeit f\u00f6rdern.<\/p>\n<p>Falls du noch mehr \u00fcber diese Themen oder andere Fragen hast, lass es mich wissen!<\/p>\n<p>### Seien sie AUFMERKSAM auch im Lesen von (&#8230;) ###<\/p>\n<p>Zuuu lang,<br \/>\nZU TIEF&#8230;<br \/>\nZuviel, VIEL ZUVIEL<\/p>\n<p>Und ja&#8230;<br \/>\nHabe noch lange KEINEN Punkt gesetzt OB NUN&#8230;<br \/>\nMit oder OHNE&#8230;<br \/>\nOb ich<\/p>\n<blockquote class=\"wp-embedded-content\" data-secret=\"E59C61QUjg\"><p><a href=\"http:\/\/wordpress.gurbuz.net\/?p=186023\">&#8211; Dumm IST wenn du die Radieschen von unten sehen MUSST ohne das du dich verteidigen KANNST \u2013<\/a><\/p><\/blockquote>\n<p><iframe class=\"wp-embedded-content\" sandbox=\"allow-scripts\" security=\"restricted\" style=\"position: absolute; clip: rect(1px, 1px, 1px, 1px);\" title=\"&#8222;&#8211; Dumm IST wenn du die Radieschen von unten sehen MUSST ohne das du dich verteidigen KANNST \u2013&#8220; &#8212; \u00d6nder G\u00fcrb\u00fcz\" src=\"http:\/\/wordpress.gurbuz.net\/?p=186023&#038;embed=true#?secret=E59C61QUjg\" data-secret=\"E59C61QUjg\" width=\"525\" height=\"296\" frameborder=\"0\" marginwidth=\"0\" marginheight=\"0\" scrolling=\"no\"><\/iframe> <\/p>\n","protected":false},"excerpt":{"rendered":"<p>&#8230; &#8222;\u201eWarum?\u201c fragte Elara mit zittriger Stimme. \u00d6nders L\u00e4cheln enthielt sowohl Traurigkeit als auch Verwunderung. \u201eWeil Wissen unsere Rettung und unser Fluch zugleich ist. Wir suchen nach Antworten, aber manche Wahrheiten sind zu gro\u00df f\u00fcr sterbliche Geister.&#8220; &#8230; &#8222;Elara z\u00f6gerte. \u201eWas wei\u00dft du?\u201c Er lehnte sich n\u00e4her heran und fl\u00fcsterte: \u201eDass das Universum vergessene Lieder &hellip; <\/p>\n<p class=\"link-more\"><a href=\"http:\/\/wordpress.gurbuz.net\/?p=189021\" class=\"more-link\"><span class=\"screen-reader-text\">\u201eHatte ich einen Punkt gesetzt?\u201c<\/span> weiterlesen<\/a><\/p>\n","protected":false},"author":1,"featured_media":0,"comment_status":"open","ping_status":"open","sticky":false,"template":"","format":"standard","meta":[],"categories":[1],"tags":[],"_links":{"self":[{"href":"http:\/\/wordpress.gurbuz.net\/index.php?rest_route=\/wp\/v2\/posts\/189021"}],"collection":[{"href":"http:\/\/wordpress.gurbuz.net\/index.php?rest_route=\/wp\/v2\/posts"}],"about":[{"href":"http:\/\/wordpress.gurbuz.net\/index.php?rest_route=\/wp\/v2\/types\/post"}],"author":[{"embeddable":true,"href":"http:\/\/wordpress.gurbuz.net\/index.php?rest_route=\/wp\/v2\/users\/1"}],"replies":[{"embeddable":true,"href":"http:\/\/wordpress.gurbuz.net\/index.php?rest_route=%2Fwp%2Fv2%2Fcomments&post=189021"}],"version-history":[{"count":14,"href":"http:\/\/wordpress.gurbuz.net\/index.php?rest_route=\/wp\/v2\/posts\/189021\/revisions"}],"predecessor-version":[{"id":189035,"href":"http:\/\/wordpress.gurbuz.net\/index.php?rest_route=\/wp\/v2\/posts\/189021\/revisions\/189035"}],"wp:attachment":[{"href":"http:\/\/wordpress.gurbuz.net\/index.php?rest_route=%2Fwp%2Fv2%2Fmedia&parent=189021"}],"wp:term":[{"taxonomy":"category","embeddable":true,"href":"http:\/\/wordpress.gurbuz.net\/index.php?rest_route=%2Fwp%2Fv2%2Fcategories&post=189021"},{"taxonomy":"post_tag","embeddable":true,"href":"http:\/\/wordpress.gurbuz.net\/index.php?rest_route=%2Fwp%2Fv2%2Ftags&post=189021"}],"curies":[{"name":"wp","href":"https:\/\/api.w.org\/{rel}","templated":true}]}}