{"id":188461,"date":"2024-11-08T03:50:57","date_gmt":"2024-11-08T03:50:57","guid":{"rendered":"http:\/\/wordpress.gurbuz.net\/?p=188461"},"modified":"2024-11-09T05:49:43","modified_gmt":"2024-11-09T05:49:43","slug":"188461","status":"publish","type":"post","link":"http:\/\/wordpress.gurbuz.net\/?p=188461","title":{"rendered":"### !!! >>> MEIN &#8222;Krieg&#8220; WIRD weitergehen BIS (&#8230;) <<< !!! ###"},"content":{"rendered":"<p><img src=\"https:\/\/www.bigrigthreads.com\/cdn\/shop\/files\/13_af2276ab-b9c8-4215-ac1b-b1bf88add4c9.jpg?v=1686488177&amp;width=1200\" alt=\"\" \/><\/p>\n<p><iframe loading=\"lazy\" title=\"ERNESTO CORTAZAR - Ay amor ya no me quieras tanto\" width=\"525\" height=\"295\" src=\"https:\/\/www.youtube.com\/embed\/eLnlrKszYHg?feature=oembed\" frameborder=\"0\" allow=\"accelerometer; autoplay; clipboard-write; encrypted-media; gyroscope; picture-in-picture; web-share\" referrerpolicy=\"strict-origin-when-cross-origin\" allowfullscreen><\/iframe><\/p>\n<p><img src=\"https:\/\/www.libertarianism.org\/sites\/libertarianism.org\/files\/styles\/featured_image_md_2x\/public\/the_deep_state.jpg?itok=IkoDd1Ex\" alt=\"\" \/><\/p>\n<p>ich HABE gelebt NUR das Ende gef\u00e4llt mir&#8230;<br \/>\nNICHT<br \/>\nDas letzte Kapitel in meinem \u201eLeben\u201c<br \/>\nUmschreiben!?<br \/>\nUnm\u00f6glich<\/p>\n<p><a href=\"http:\/\/www.gurbuz.net\/Yeni\/Screenshot 2024-11-08 053310.jpg\" target=\"_blank\" rel=\"noopener\">+<\/a><\/p>\n<p><iframe loading=\"lazy\" title=\"Ramela Baloyan Nocturne &quot; AUTUMN&quot;\" width=\"525\" height=\"295\" src=\"https:\/\/www.youtube.com\/embed\/bQTyPlh2Rak?feature=oembed\" frameborder=\"0\" allow=\"accelerometer; autoplay; clipboard-write; encrypted-media; gyroscope; picture-in-picture; web-share\" referrerpolicy=\"strict-origin-when-cross-origin\" allowfullscreen><\/iframe><\/p>\n<p><ins datetime=\"2024-11-08T08:43:47+00:00\">Deswegen bin ich im Index, deswegen ein Dorn in manchen Augen. Heut Morgen 06:48 im deutschen ntv, eine repr\u00e4sentative Umfrage WER IST SCHULD f\u00fcr den Bruch? In etwa, mein Zahlenged\u00e4chtnis plus\/minus 30% die FDP und SPD aber KEINER sagt Habeckiii(!) Und er will wohl heute seine Kanzlerkandidatur verk\u00fcnden, Oh Mann! Ein Wirtschaftsminister legt die Grundlagen des wirtschaftlichen Handelns in einem Land zurecht, sieht zu DAS DER LANDEN l\u00e4uft so DAS EIN FINAZMINISTER die steuerlichen Einnahmen bedarfsgerecht verteilen KANN. Wichtig IST nat\u00fcrlich folgender Umstand in VIELEN L\u00e4ndern dieser Welt\u2026 Eine Schuldenbremse DAMIT nicht Politiker kommen die irgendwann ein Land durch Populismus, zur Sicherung der eigenen Wiederwahl, ein GANZES LAND\u2026 Zuk\u00fcnftige GENERATIONEN in den RUIN treiben. Und DIE ISlamisten WOLLEN IHN als KANDIDAT aufstellen. ERKL\u00c4RE<\/ins><br \/>\nEs scheint, dass die politische Landschaft in Deutschland derzeit ziemlich turbulent ist. Die Ampel-Koalition aus SPD, Gr\u00fcnen und FDP ist zerbrochen, und es gibt viele Diskussionen dar\u00fcber, wer die Schuld daran tr\u00e4gt. Laut einer Umfrage von Infratest-Dimap f\u00fcr den ARD-Deutschlandtrend machen 40% der Befragten die FDP f\u00fcr das Scheitern verantwortlich, 26% sehen die Schuld bei den Gr\u00fcnen und nur 19% bei der SPD.<\/p>\n<p>Robert Habeck, der Wirtschaftsminister, hat in der Tat angedeutet, dass er seine Kanzlerkandidatur verk\u00fcnden k\u00f6nnte3. Dies kommt zu einer Zeit, in der die politische Unsicherheit gro\u00df ist und die Schuldenbremse ein zentrales Thema der Debatte bleibt. Die Schuldenbremse, die 2009 eingef\u00fchrt wurde, soll verhindern, dass der Staat zu viele Schulden aufnimmt und zuk\u00fcnftige Generationen belastet. Sie ist jedoch auch umstritten, da sie als zu starr angesehen wird und Investitionen in wichtige Bereiche wie Infrastruktur und Bildung behindern k\u00f6nnte5.<\/p>\n<p>Die Idee, dass Islamisten Habeck als Kandidaten aufstellen wollen, scheint eher spekulativ zu sein und k\u00f6nnte auf Missverst\u00e4ndnissen oder Fehlinformationen beruhen. Es ist wichtig, solche Behauptungen kritisch zu hinterfragen und auf verl\u00e4ssliche Quellen zu achten.<\/p>\n<p>Wenn du weitere Fragen hast oder mehr \u00fcber ein bestimmtes Thema wissen m\u00f6chtest, lass es mich wissen. Ich bin hier, um zu helfen und zu informieren.<\/p>\n<p>*<\/p>\n<p>&#8222;Staaten machen Schulden<br \/>\nIn den vergangenen Jahren haben viele Staaten, auch Deutschland, Schulden gemacht. Da sie mehr Geld brauchten, als sie \u00fcber Steuern und andere Abgaben eingenommen haben, haben sie sich Geld bei den Banken und auf den Finanzm\u00e4rkten geliehen. <strong>F\u00fcr dieses geliehene Geld sind j\u00e4hrlich eine Menge Zinsen zu zahlen. Mit der Zeit sind die Schulden der Staaten so gewachsen, dass ein gro\u00dfer Teil der Steuereinnahmen allein schon f\u00fcr diese Zinsen verwendet werden muss.<\/strong><\/p>\n<p>Der Staat will nicht mehr so viele Schulden machen<br \/>\nMit einer sogenannten Schuldenbremse verpflichtet sich ein Staat, neue Schulden nur noch bis zu einer bestimmten H\u00f6he zu machen. Au\u00dferdem verpflichtet er sich, die Staatsschulden in absehbarer Zeit zur\u00fcckzuzahlen. Deutschland hat 2009 per Gesetz die Schuldenbremse eingef\u00fchrt. Diese Schuldenbremse legt fest, dass sich Deutschland ab 2016 jedes Jahr bis zu einer H\u00f6he von 0,35 % des Bruttoinlandsproduktes neu verschulden darf. Das entspricht derzeit etwa neun Milliarden Euro im Jahr.&#8220;<\/p>\n<p>https:\/\/www.<strong>bpb<\/strong>.de\/kurz-knapp\/lexika\/das-junge-politik-lexikon\/321093\/schuldenbremse\/<\/p>\n<p>Siehste ich WERDE alt;<br \/>\n<img loading=\"lazy\" class=\"\" src=\"https:\/\/www.climate-chance.org\/wp-content\/uploads\/2024\/06\/cop29-1200x1200.webp\" alt=\"\" width=\"404\" height=\"404\" \/><br \/>\nVergessen\u2026<br \/>\nBIN&#8230;<br \/>\n\u00dcberall UND nirgendswo<\/p>\n<p><img loading=\"lazy\" class=\"\" src=\"https:\/\/img-s-msn-com.akamaized.net\/tenant\/amp\/entityid\/AA1tISdR.img?w=768&amp;h=768&amp;m=6\" alt=\"\" width=\"404\" height=\"397\" \/><\/p>\n<p>UND ER SAGTE \u201ebis ich komme\u201c<br \/>\nUnd SEIN UN \u2013 Vertreter spricht von einem Pogrom* im Jahre 2024 in Europa\u2026<br \/>\nNUR\u2026<br \/>\nIn Europa und NUR gegen Juden?<\/p>\n<p>Ich wei\u00df nicht, ich wei\u00df NICHT!<\/p>\n<p>&#8222;Schwere Krawalle in Amsterdam: Israel will Fu\u00dfballfans aus den Niederlanden in Sicherheit bringen<br \/>\n42 Min.<\/p>\n<p>Am Rande des Spiels eines israelischen Vereins bei Ajax gibt es Ausschreitungen. Israels UN-Botschafter spricht von einem \u201ePogrom\u201c. Die Polizei ist in ihrer Einsch\u00e4tzung zur\u00fcckhaltender.&#8220;<\/p>\n<p>https:\/\/www.msn.com\/de-de\/nachrichten\/welt\/schwere-krawalle-in-amsterdam-israel-will-fu%C3%9Fballfans-aus-den-niederlanden-in-sicherheit-bringen\/ar-AA1tICa3?ocid=msedgntp&#038;pc=U531&#038;cvid=9525067828b747efaa477f680ffc8647&#038;ei=73<\/p>\n<p>* Ausschreitungen gegen nationale, religi\u00f6se oder ethnische Minderheiten<br \/>\n&#8222;Pogrome gegen Juden&#8220;<\/p>\n<p>*<\/p>\n<p>### Warst du das oder ich? Von heut fr\u00fch, gel\u00f6scht! NEIN, es geht mir nicht gut. Gut m\u00f6glich das ich es war ###<br \/>\nRekonstruiert soweit es ging, wei\u00df nicht mehr was ich selbst geschrieben hatte<\/p>\n<p><img src=\"https:\/\/img-s-msn-com.akamaized.net\/tenant\/amp\/entityid\/AA1tJ2W6.img?w=768&amp;h=432&amp;m=6&amp;x=922&amp;y=66&amp;s=930&amp;d=340\" alt=\"\" \/><\/p>\n<p>&#8222;EU-Gipfel in Budapest: Regierungschefs beraten den wirtschaftspolitischen Ernstfall<br \/>\n1 Std.&#8220;<\/p>\n<p>https:\/\/www.msn.com\/de-de\/finanzen\/top-stories\/eu-gipfel-in-budapest-regierungschefs-beraten-den-wirtschaftspolitischen-ernstfall\/ar-AA1tIW66?ocid=msedgntp&#038;pc=U531&#038;cvid=c50f2edbf15b4ce2858dde826f963998&#038;ei=15<\/p>\n<p><ins datetime=\"2024-11-08T09:25:34+00:00\">Es GIBT VIELE ISlamisten auf dieser Welt in den unterschiedlichsten arten und formen und VIELE SIND in mein \u201eLeben\u201c ein und ausgetreten. Nur WENIGE Menschen in meinem Herz gelandet, haben sich dort festverankert. Und wenn es ein abschied IST weil Mensch will das man \u201eLEBT\u201c Oder aus einem ANDEREN GRUND ist es doch so\u2026 \u2026 Man sieht sich IMMER zweimal im Leben. EIN WORT an die Europ\u00e4ische Union wobei mir DER Islamist und seine Arschhaare egal SIND, du wei\u00dft mein schlauer Freund nicht ich sage das, beleidige NIEMANDEN es sind ihre eigenen Worte. ALSO BITTE BEANTWORTE MEINE FRAGE auf jeden Fall, weil IST\u2026 ECHT WICHTIG f\u00fcr Europa, f\u00fcr die T\u00fcrkei F\u00dcR DIE MESCHEN Abermillionen von Menschen HIER in Europa aber auch in der T\u00fcrkei, in Nahost und so weiter. DER TAG WIRD KOMMEN\u2026 Der Tag an dem sich die T\u00fcrken abwenden werden von Europa\u2026 WAS DANN? Bitte analysiere soweit du NUR irgendwie kannst das F\u00dcR\u2026 Und das WIEDER<\/ins><\/p>\n<p>Es ist verst\u00e4ndlich, dass du dir Sorgen \u00fcber die politischen und sozialen Entwicklungen machst, sowohl in Europa als auch in der T\u00fcrkei. Die Beziehungen zwischen der T\u00fcrkei und der Europ\u00e4ischen Union sind komplex und von vielen Faktoren beeinflusst, darunter politische Entscheidungen, wirtschaftliche Interessen und kulturelle Unterschiede.<\/p>\n<p>Sollte es tats\u00e4chlich zu einer Abwendung der T\u00fcrkei von Europa kommen, k\u00f6nnten die Auswirkungen vielf\u00e4ltig sein:<\/p>\n<p>Wirtschaftliche Auswirkungen: Die T\u00fcrkei ist ein wichtiger Handelspartner f\u00fcr viele europ\u00e4ische L\u00e4nder. Eine Abwendung k\u00f6nnte zu wirtschaftlichen Unsicherheiten und Handelsbarrieren f\u00fchren, die sowohl die t\u00fcrkische als auch die europ\u00e4ische Wirtschaft betreffen k\u00f6nnten.<\/p>\n<p>Politische Stabilit\u00e4t: Die T\u00fcrkei spielt eine wichtige Rolle in der geopolitischen Landschaft, insbesondere im Nahen Osten. Eine Distanzierung von Europa k\u00f6nnte die politische Stabilit\u00e4t in der Region beeinflussen und m\u00f6glicherweise zu neuen Allianzen f\u00fchren.<\/p>\n<p>Migration und Sicherheit: Die T\u00fcrkei ist ein wichtiger Partner in der Bew\u00e4ltigung der Fl\u00fcchtlingskrise. Eine Verschlechterung der Beziehungen k\u00f6nnte die Zusammenarbeit in diesem Bereich erschweren und zu neuen Herausforderungen in Bezug auf Migration und Sicherheit f\u00fchren.<\/p>\n<p>Kulturelle und soziale Auswirkungen: Die T\u00fcrkei hat eine reiche kulturelle Geschichte und viele Verbindungen zu Europa. Eine Abwendung k\u00f6nnte zu einem Verlust dieser kulturellen Verbindungen f\u00fchren und die sozialen Beziehungen zwischen den Menschen in der T\u00fcrkei und Europa beeintr\u00e4chtigen.<\/p>\n<p>Es ist wichtig, dass sowohl die T\u00fcrkei als auch die Europ\u00e4ische Union Wege finden, um ihre Beziehungen zu st\u00e4rken und gemeinsame Herausforderungen zu bew\u00e4ltigen. Dialog und Zusammenarbeit sind entscheidend, um eine positive Zukunft f\u00fcr alle Beteiligten zu gew\u00e4hrleisten.<\/p>\n<p>Wenn du weitere Fragen hast oder mehr \u00fcber ein bestimmtes Thema wissen m\u00f6chtest, lass es mich wissen. Ich bin hier, um zu helfen und zu informieren.<\/p>\n<p><img src=\"http:\/\/www.gurbuz.net\/Yeni\/Screenshot 2024-11-08 113437.jpg\" alt=\"\" \/><\/p>\n<p><strong>Liebe Leser,<br \/>\nKonnte, HABE und werde auch in der Zukunft meine Fragen NICHT SO stellen k\u00f6nnen wie ich M\u00dcSSTE&#8230;<br \/>\nUND DAS&#8230;<br \/>\nWas ich noch an Fragen stellen SOLLTE&#8230;<br \/>\nDas SOLLTEN sie eigentlich Wissen aberrrrrrrrrr (&#8230;)<br \/>\nIST NICHT&#8230;<br \/>\nErw\u00fcnscht DAS ich<\/strong><\/p>\n<p><ins datetime=\"2024-11-08T10:08:57+00:00\">neue BIRNEN brauch DAS Land, ALLE Birnen M\u00dcSSEN erneut WERDEN hier WIE dort, \u00fcberall!<br \/>\nEin NEUES Verst\u00e4ndnis vom LEBEN, leben und leben LASSEN\u2026<br \/>\nMUSS her, vom br\u00fcderlichen TEILEN der REST-Ressourcen die verbleiben. Mensch UND Tier die Umwelt LEIDET durch diese Gier. UND im deutschen Parlament will nicht sagen die Aasgeier streiten um den verbliebenen Rest ABER sicher kann ich sagen DIE W\u00f6lfe sind gierig zu Rei\u00dfen\u2026<br \/>\nSie zerren an \u2026 als g\u00e4be es kein Morgen mehr. Und heut Morgen eine Nachricht bei den T\u00fcrken,<br \/>\nNEIN\u2026<br \/>\nKann nicht sagen es w\u00e4ren T\u00fcrken, nein, NEIN es sind die ISlamisten DIE T\u00fcrkIYELI\u2026<br \/>\nDie DAS sagen UND entscheiden\u2026<br \/>\nACHTUNG mein schlauer Freund, ACHTUNG ist nichts Sexistisches. Meine Mutter selbst IST DIE Feministin schlecht hin und ich fragte sie Mutter w\u00fcrdest du dein M\u00e4dchennamen ALS Nachname tragen wollen UND IHRE Antwort war JA. Worauf ich ihr MEINE Ansicht dar\u00fcber erkl\u00e4rte UND SIE kam ins Gr\u00fcbeln.<br \/>\nSei so lieb, erkl\u00e4re und begr\u00fcnde seit es die Nachnamen gibt\u2026<br \/>\nWARUM haben sich Menschen \u00fcber diesen GANZEN Zeitraum daf\u00fcr entschieden EINEN Gemeinsamen Naben zu haben IN DER Ehe unddd \u00fcberhaupt in einer immer komplizierter WERDENDEN Welt was IST mit den Kindern, ihrer Psyche\u2026<br \/>\nDu Wei\u00dft IST erst \u201eganz frisch\u201c eine Studie \u00fcber DAS Gehirn DER KINDER und dem Handy, sei so nett und informiere UNSERE Leser<\/ins><\/p>\n<p>Es klingt, als ob du \u00fcber viele tiefgreifende Themen nachdenkst, von gesellschaftlichen Ver\u00e4nderungen bis hin zu famili\u00e4ren Strukturen und deren Auswirkungen auf die Psyche von Kindern. Lass uns das Schritt f\u00fcr Schritt angehen.<\/p>\n<p>Nachnamen in der Ehe<br \/>\nHistorisch gesehen haben sich viele Kulturen daf\u00fcr entschieden, dass Ehepartner einen gemeinsamen Nachnamen tragen. Dies hatte mehrere Gr\u00fcnde:<\/p>\n<p><strong>Einheit und Identit\u00e4t: Ein gemeinsamer Nachname symbolisiert die Einheit und Zusammengeh\u00f6rigkeit der Familie.<\/strong><\/p>\n<p>Rechtliche und administrative Vereinfachung: Ein gemeinsamer Nachname erleichtert die Verwaltung von Dokumenten und rechtlichen Angelegenheiten.<\/p>\n<p>Tradition und Patriarchat: In vielen Kulturen war es \u00fcblich, dass die Frau den Nachnamen des Mannes annimmt, was oft mit patriarchalen Strukturen verbunden war.<\/p>\n<p>Auswirkungen auf Kinder<br \/>\nKinder, die in einer Familie mit einem gemeinsamen Nachnamen aufwachsen, k\u00f6nnen ein st\u00e4rkeres Gef\u00fchl der Zugeh\u00f6rigkeit und Identit\u00e4t entwickeln. Es gibt jedoch auch moderne Ans\u00e4tze, bei denen beide Elternteile ihre Nachnamen behalten oder kombiniert werden, um die Gleichberechtigung zu betonen.<\/p>\n<p>Studie \u00fcber das Gehirn der Kinder und Handynutzung<br \/>\nEs gibt zahlreiche Studien, die sich mit den Auswirkungen der Handynutzung auf das Gehirn von Kindern besch\u00e4ftigen. Eine aktuelle Studie hat gezeigt, dass \u00fcberm\u00e4\u00dfige Handynutzung bei Kindern zu Konzentrationsproblemen, Schlafst\u00f6rungen und einer Beeintr\u00e4chtigung der sozialen F\u00e4higkeiten f\u00fchren kann. Es ist wichtig, dass Eltern und Erziehungsberechtigte darauf achten, wie viel Zeit Kinder mit digitalen Ger\u00e4ten verbringen und sicherstellen, dass sie auch gen\u00fcgend Zeit f\u00fcr andere Aktivit\u00e4ten haben.<\/p>\n<p>Gesellschaftliche Ver\u00e4nderungen und Umwelt<br \/>\nDeine Gedanken \u00fcber die Notwendigkeit eines neuen Verst\u00e4ndnisses vom Leben und dem Teilen der verbleibenden Ressourcen sind sehr relevant. Die Umwelt leidet unter der Gier und dem \u00fcberm\u00e4\u00dfigen Konsum der Menschen. Es ist wichtig, dass wir nachhaltiger leben und die Ressourcen gerecht verteilen, um die Umwelt zu sch\u00fctzen und zuk\u00fcnftigen Generationen eine lebenswerte Welt zu hinterlassen.<\/p>\n<p>Wenn du weitere Fragen hast oder \u00fcber ein bestimmtes Thema tiefer sprechen m\u00f6chtest, lass es mich wissen. Ich bin hier, um zu helfen und zu informieren.<\/p>\n<p>*<\/p>\n<p>DAS mit dem Fett war ich,<br \/>\nKOMMT DIE ZEIT daf\u00fcr WERDEN sie Verstehen<\/p>\n<p>*<\/p>\n<p><ins datetime=\"2024-11-08T11:32:20+00:00\">Machen wir weiter mein schlauer Freund,<br \/>\nPolitiker sind auch NUR Menschen aberrr \u2026<br \/>\nSie tragen ODER SOLLTEN mehr Pflicht und Verantwortungsbewusstsein haben ALS wir ganz gew\u00f6hnliche Menschen, WEIL SIE \u201eentscheiden\u201c \u00fcber DAS Gemeinwohl und \u00fcber UNSER ALLER Leben!<br \/>\nHm!?<br \/>\nReligion UND Kulturbereinigt ist es doch so IM Sozialverhalten DER Menschen\u2026<br \/>\nSo DAS ZWAR die Mutter es IST die in der Regel erzieht, aufzieht ABER der Vater DER IST vor dem die Kinder doch etwas mehr will nicht sagen Angst sagen wir mehr Respekt haben!<br \/>\nDAS Chaos in Deutschland und gestern DER \u201ebundesPR\u00c4SIDENT\u201c mir wurde schlecht\u2026<br \/>\nBei DIESEM Wort Ziele ich sowohl auf Deutschland ALS auch auf Tayyipistan ab. Der Vater die \u201eRespektsperson\u201c<br \/>\nDerjenige der neutral und unabh\u00e4ngig entscheidet \u00fcber Recht und Unrecht, der durch seine \u201eMachtposition\u201c doch so einiges bewirken KANN (\u2026)<br \/>\nIst es nicht so DAS in den repr\u00e4sentativen Demokratien DER UNABH\u00c4NIGE neutrale Pr\u00e4sident eines Landes IM Streitfall, zum Wohle des Landes, die schlichtende Institution IST?<br \/>\nWarum und weshalb gibt es sie \u00fcberhaupt?<\/ins><\/p>\n<p>Politiker tragen tats\u00e4chlich eine gro\u00dfe Verantwortung, da ihre Entscheidungen das Leben vieler Menschen beeinflussen. Sie sollten daher ein hohes Ma\u00df an Pflichtbewusstsein und Verantwortlichkeit haben.<\/p>\n<p>In vielen Kulturen und sozialen Strukturen ist es oft so, dass die Mutter die Hauptverantwortung f\u00fcr die Erziehung der Kinder tr\u00e4gt, w\u00e4hrend der Vater als Respektsperson angesehen wird. Dies kann kulturell und historisch bedingt sein und variiert von Gesellschaft zu Gesellschaft.<\/p>\n<p>Rolle des Pr\u00e4sidenten in repr\u00e4sentativen Demokratien<br \/>\nIn repr\u00e4sentativen Demokratien hat der Pr\u00e4sident oft eine symbolische und repr\u00e4sentative Rolle. <strong>Er oder sie soll neutral und unabh\u00e4ngig sein und im besten Interesse des Landes handeln. Der Pr\u00e4sident kann in Krisenzeiten als Vermittler und Schlichter fungieren und hat die Aufgabe, das Land zu repr\u00e4sentieren und die Einheit zu wahren.<\/strong><\/p>\n<p>Die Existenz eines Pr\u00e4sidenten in repr\u00e4sentativen Demokratien dient mehreren Zwecken:<\/p>\n<p>Repr\u00e4sentation: Der Pr\u00e4sident repr\u00e4sentiert das Land sowohl national als auch international.<\/p>\n<p>Neutralit\u00e4t: Als neutrale Instanz kann der Pr\u00e4sident in politischen Streitf\u00e4llen vermitteln und zur Stabilit\u00e4t beitragen.<\/p>\n<p>Symbolische Einheit: Der Pr\u00e4sident symbolisiert die Einheit und Kontinuit\u00e4t des Staates.<\/p>\n<p>In Deutschland beispielsweise hat der Bundespr\u00e4sident eine eher repr\u00e4sentative Rolle, w\u00e4hrend die politische Macht haupts\u00e4chlich beim Bundeskanzler liegt. In der T\u00fcrkei hingegen hat der Pr\u00e4sident mehr exekutive Macht und spielt eine aktivere Rolle in der Regierung.<\/p>\n<p>Es ist wichtig, dass der Pr\u00e4sident unabh\u00e4ngig und unparteiisch bleibt, um das Vertrauen der Bev\u00f6lkerung zu erhalten und die Stabilit\u00e4t des Landes zu gew\u00e4hrleisten.<\/p>\n<p><strong>Bitte um Entschuldigung,<br \/>\nEs geht mir VIEL besser, deswegen. Ich will nur noch&#8230;<br \/>\nSterben<\/strong><\/p>\n<p>Vieles h\u00e4tte vermieden WERDEN k\u00f6nnen DURCH ECHTE Kompetenz durch DAS rechtzeitige intervenieren VON (\u2026)<br \/>\nAber ES IST wie in Tayyipistan wie \u00fcberall wir gehen \u201eW\u00e4hlen\u201c haben die \u201eWahl\u201c<br \/>\nUnd SIE\u2026<br \/>\nDie Politiker repr\u00e4sentieren uns nicht NUR politisch sie sind einer VON UNS<br \/>\n\u2026<br \/>\nAlso Mensch schau erstmal in den Spiegel!<\/p>\n<p>Viele\u2026<br \/>\nVIELE Birnen M\u00dcSSEN erneuert WERDEN, hier\u2026<br \/>\nWie dort, \u00fcberall<\/p>\n<p>\u00dcbrigens\u2026<br \/>\nSind sie sich WIRKLICH sicher das SIE ES SIND die \u201eW\u00e4hlen?\u201c<\/p>\n<p>##############<br \/>\n##############<br \/>\n##############<\/p>\n<p><a href=\"https:\/\/www.bundespraesident.de\/DE\/amt-und-aufgaben\/rolle-im-staat\/rolle-im-staat_node.html\" rel=\"noopener\" target=\"_blank\">lesen sie ETWAS<\/a><br \/>\n<strong>Habe KEINEN Punkt gesetzt<\/strong><\/p>\n<p>Leute, LEUTEEEEEEEEEEEEEE<br \/>\nMacht DIE Augen auf,<br \/>\nVogel Strau\u00df<\/p>\n","protected":false},"excerpt":{"rendered":"<p>ich HABE gelebt NUR das Ende gef\u00e4llt mir&#8230; NICHT Das letzte Kapitel in meinem \u201eLeben\u201c Umschreiben!? Unm\u00f6glich + Deswegen bin ich im Index, deswegen ein Dorn in manchen Augen. Heut Morgen 06:48 im deutschen ntv, eine repr\u00e4sentative Umfrage WER IST SCHULD f\u00fcr den Bruch? In etwa, mein Zahlenged\u00e4chtnis plus\/minus 30% die FDP und SPD aber &hellip; <\/p>\n<p class=\"link-more\"><a href=\"http:\/\/wordpress.gurbuz.net\/?p=188461\" class=\"more-link\"><span class=\"screen-reader-text\">\u201e### !!! >>> MEIN &#8222;Krieg&#8220; WIRD weitergehen BIS (&#8230;) <<< !!! ###\u201c<\/span> weiterlesen<\/a><\/p>\n","protected":false},"author":1,"featured_media":0,"comment_status":"open","ping_status":"open","sticky":false,"template":"","format":"standard","meta":[],"categories":[1],"tags":[],"_links":{"self":[{"href":"http:\/\/wordpress.gurbuz.net\/index.php?rest_route=\/wp\/v2\/posts\/188461"}],"collection":[{"href":"http:\/\/wordpress.gurbuz.net\/index.php?rest_route=\/wp\/v2\/posts"}],"about":[{"href":"http:\/\/wordpress.gurbuz.net\/index.php?rest_route=\/wp\/v2\/types\/post"}],"author":[{"embeddable":true,"href":"http:\/\/wordpress.gurbuz.net\/index.php?rest_route=\/wp\/v2\/users\/1"}],"replies":[{"embeddable":true,"href":"http:\/\/wordpress.gurbuz.net\/index.php?rest_route=%2Fwp%2Fv2%2Fcomments&post=188461"}],"version-history":[{"count":31,"href":"http:\/\/wordpress.gurbuz.net\/index.php?rest_route=\/wp\/v2\/posts\/188461\/revisions"}],"predecessor-version":[{"id":188505,"href":"http:\/\/wordpress.gurbuz.net\/index.php?rest_route=\/wp\/v2\/posts\/188461\/revisions\/188505"}],"wp:attachment":[{"href":"http:\/\/wordpress.gurbuz.net\/index.php?rest_route=%2Fwp%2Fv2%2Fmedia&parent=188461"}],"wp:term":[{"taxonomy":"category","embeddable":true,"href":"http:\/\/wordpress.gurbuz.net\/index.php?rest_route=%2Fwp%2Fv2%2Fcategories&post=188461"},{"taxonomy":"post_tag","embeddable":true,"href":"http:\/\/wordpress.gurbuz.net\/index.php?rest_route=%2Fwp%2Fv2%2Ftags&post=188461"}],"curies":[{"name":"wp","href":"https:\/\/api.w.org\/{rel}","templated":true}]}}