{"id":188391,"date":"2024-11-07T08:46:49","date_gmt":"2024-11-07T08:46:49","guid":{"rendered":"http:\/\/wordpress.gurbuz.net\/?p=188391"},"modified":"2024-11-07T10:27:21","modified_gmt":"2024-11-07T10:27:21","slug":"188391","status":"publish","type":"post","link":"http:\/\/wordpress.gurbuz.net\/?p=188391","title":{"rendered":"Und WEIL ES SO IST, wie es IST\u2026 Kann auch NIEMAND meine Biographie schrieben, MEINE\u2026 Familiengeschichte."},"content":{"rendered":"<p><img loading=\"lazy\" class=\"\" src=\"https:\/\/upload.wikimedia.org\/wikipedia\/commons\/8\/89\/Damocles-WestallPC20080120-8842A.jpg\" alt=\"\" width=\"493\" height=\"629\" \/><\/p>\n<p><iframe loading=\"lazy\" title=\"Candy Dulfer &amp; David A. Stewart - Lily Was Here\" width=\"525\" height=\"295\" src=\"https:\/\/www.youtube.com\/embed\/86BmSaXZMHw?feature=oembed\" frameborder=\"0\" allow=\"accelerometer; autoplay; clipboard-write; encrypted-media; gyroscope; picture-in-picture; web-share\" referrerpolicy=\"strict-origin-when-cross-origin\" allowfullscreen><\/iframe><\/p>\n<p><img loading=\"lazy\" class=\"\" src=\"https:\/\/nationalinterest.org\/sites\/default\/files\/styles\/desktop__1260_\/public\/main_images\/USNuclearMissile_Shutterstock.jpg?itok=TQgQuTLH\" alt=\"\" width=\"495\" height=\"331\" \/><\/p>\n<p>Ja K\u00d6NNEN sie NICHT<\/p>\n<blockquote class=\"wp-embedded-content\" data-secret=\"wsHpdcrlro\"><p><a href=\"http:\/\/wordpress.gurbuz.net\/?p=165660\">Ich HABE IMMER gesagt und DAS war von Kindesbeinen an SO, ich gehe BIS zu EINEM gewissen Punkt. NIE dar\u00fcber hinaus. K\u00d6NNTE ICH, k\u00f6nnte ich auch dar\u00fcber hinaus?<\/a><\/p><\/blockquote>\n<p><iframe class=\"wp-embedded-content\" sandbox=\"allow-scripts\" security=\"restricted\" style=\"position: absolute; clip: rect(1px, 1px, 1px, 1px);\" title=\"&#8222;Ich HABE IMMER gesagt und DAS war von Kindesbeinen an SO, ich gehe BIS zu EINEM gewissen Punkt. NIE dar\u00fcber hinaus. K\u00d6NNTE ICH, k\u00f6nnte ich auch dar\u00fcber hinaus?&#8220; &#8212; \u00d6nder G\u00fcrb\u00fcz\" src=\"http:\/\/wordpress.gurbuz.net\/?p=165660&#038;embed=true#?secret=wsHpdcrlro\" data-secret=\"wsHpdcrlro\" width=\"525\" height=\"296\" frameborder=\"0\" marginwidth=\"0\" marginheight=\"0\" scrolling=\"no\"><\/iframe><br \/>\nDanke<\/p>\n<p><ins datetime=\"2024-11-07T08:56:08+00:00\">Kein Sexismus, Lehren aus dem Leben. Religion und Kulturbereinigt, die Frauen \u00fcbernehmen ungern dreierlei Verantwortung, in meiner Familie ist es gerade umgekehrt. Meine Mutter ist der Finanzminister, bis vor kurzem war sie es, war es so es bis sie mir die Verantwortung \u00fcbertrug. Kommen wir zum Punkt, Wenn alles gutgeht kr\u00e4ht kein Hahn danach, auch ist es so das der Mensch ungern lobt ABERRR weht es in die Hose\u2026 Jungeee. Das Problem IST f\u00fcr Au\u00dfenstehende zu erkennen WER der ODER die eigentlichen verantwortlichen SIND, sage NUR Heizungsgesetz (Geb\u00e4udeenergiegesetz) UND EIN GANZES Land stand Kopf. JEDER\u2026 War verunsichert, DIE Wirtschat braucht Planungssicherheit\u2026 Auch hasse ich Aasgeier\u2026 Verachte sie, weil sie nur auf eine Gelegenheit warten, DAS LEBEN die MACHT\u2026 Duldet KEIN Vakuum<\/ins><\/p>\n<p>Es klingt, als ob du \u00fcber die Herausforderungen und Verantwortlichkeiten im Leben nachdenkst, insbesondere in Bezug auf famili\u00e4re Rollen und gesellschaftliche Erwartungen. Es ist wahr, dass oft diejenigen, die im Hintergrund arbeiten und Verantwortung \u00fcbernehmen, nicht immer die Anerkennung bekommen, die sie verdienen. Und wenn etwas schiefgeht, wird schnell nach Schuldigen gesucht.<\/p>\n<p>Das Geb\u00e4udeenergiegesetz (GEG) und die damit verbundenen Unsicherheiten haben viele Menschen verunsichert, besonders in Bezug auf die Planungssicherheit f\u00fcr die Wirtschaft. Solche Situationen k\u00f6nnen zu Spannungen und Frustrationen f\u00fchren, besonders wenn klare Informationen und Unterst\u00fctzung fehlen.<\/p>\n<p>Es ist verst\u00e4ndlich, dass du Aasgeier verachtest, die nur auf Gelegenheiten warten, um von den Schwierigkeiten anderer zu profitieren. Das Leben ist in der Tat dynamisch und duldet kein Vakuum \u2013 es gibt immer jemanden, der bereit ist, die L\u00fccke zu f\u00fcllen, sei es zum Guten oder zum Schlechten.<\/p>\n<p>Wenn du \u00fcber diese Themen weiter sprechen m\u00f6chtest oder spezifische Fragen hast, lass es mich wissen. Ich bin hier, um zuzuh\u00f6ren und zu helfen.<\/p>\n<p><img loading=\"lazy\" class=\"\" src=\"https:\/\/img-s-msn-com.akamaized.net\/tenant\/amp\/entityid\/AA1tF4jP.img?w=768&amp;h=432&amp;m=6&amp;x=664&amp;y=246&amp;s=708&amp;d=708\" alt=\"\" width=\"400\" height=\"224\" \/><\/p>\n<p>Bitte um Entschuldigung\u2026<br \/>\nSatzbau, Rechtschreibfehler und so\u2026<br \/>\n.. es IST schlimmer<\/p>\n<p>&#8222;Olaf Scholz: So rechnete der Kanzler mit Christian Lindner ab<br \/>\n1 Std. &#8220;<\/p>\n<p>https:\/\/www.msn.com\/de-de\/nachrichten\/politik\/olaf-scholz-so-rechnete-der-kanzler-mit-christian-lindner-ab\/ar-AA1tEZGL?ocid=msedgntp&#038;pc=U531&#038;cvid=35fef900c47c4c41837d78393dd0278b&#038;ei=34<\/p>\n<p><img loading=\"lazy\" class=\"\" src=\"https:\/\/img-s-msn-com.akamaized.net\/tenant\/amp\/entityid\/AA1t4EG1.img?w=768&amp;h=576&amp;m=6&amp;x=581&amp;y=144&amp;s=115&amp;d=115\" alt=\"\" width=\"400\" height=\"286\" \/><\/p>\n<p>&#8222;Lindner rechnet mit Scholz ab<br \/>\n12 Std. &#8220;<\/p>\n<p>https:\/\/www.msn.com\/de-de\/nachrichten\/politik\/lindner-rechnet-mit-scholz-ab\/ar-AA1tDk2q?ocid=msedgntp&#038;pc=U531&#038;cvid=74ee67e75a8f4373938be4b5652b2aa9&#038;ei=43<\/p>\n<p><img loading=\"lazy\" class=\"\" src=\"https:\/\/img-s-msn-com.akamaized.net\/tenant\/amp\/entityid\/AA1tFefQ.img?w=768&amp;h=512&amp;m=6&amp;x=312&amp;y=168&amp;s=257&amp;d=257\" alt=\"\" width=\"400\" height=\"303\" \/><\/p>\n<p>WIR&#8230;<br \/>\nsind ihnen IN DER REGEL &#8230; EGAL!<\/p>\n<p>&#8222;Merz: Bei schnellen Neuwahlen pr\u00fcfen wir punktuelle Zusammenarbeit<br \/>\nArtikel von Reuters \u2022 1 Std.&#8220;<\/p>\n<p>https:\/\/www.msn.com\/de-de\/nachrichten\/politik\/merz-bei-schnellen-neuwahlen-pr%C3%BCfen-wir-punktuelle-zusammenarbeit\/ar-AA1tFbCK?ocid=msedgntp&#038;pc=U531&#038;cvid=74ee67e75a8f4373938be4b5652b2aa9&#038;ei=54<\/p>\n<p>&#8222;Ampel-Aus: Was vorl\u00e4ufige Haushaltsf\u00fchrung bedeutet<br \/>\nDas hei\u00dft konkret: Alle regul\u00e4ren Ausgaben des Bundes laufen weiter. Lehrerinnen und Lehrer bekommen also weiterhin ihr Gehalt, Rentnerinnen und Rentner ihre Rente, Studentinnen und Studenten ihr Geld aus dem BAf\u00f6G. Nur neue Aufgaben d\u00fcrfen zun\u00e4chst nicht hinzukommen. Unternehmen allerdings k\u00f6nnten durchaus die Folgen diese vorl\u00e4ufige Haushaltsf\u00fchrung zu sp\u00fcren bekommen. Auch den Haushalt f\u00fcr 2024 konnte die Ampel erst im Februar dieses Jahres beschlie\u00dfen. Zwischenzeitlich waren deshalb einige F\u00f6rderprogramme gestoppt worden.<\/p>\n<p>H\u00e4rter d\u00fcrfte die Wirtschaft allerdings das Aus des sogenannten Wachstumspakets treffen. Grunds\u00e4tzlich sollten die 49 Einzelma\u00dfnahmen die Wirtschaft hierzulande wieder zu mehr Wachstum stimulieren. Tats\u00e4chlich hatte das Bundeskabinett die Initiative schon im Juli beschlossen, konkret umgesetzt wurden bislang aber nur ein Bruchteil der von SPD, Gr\u00fcnen und FDP formulierten Ideen. Kommt das Paket tats\u00e4chlich nicht in vollem Umfang, kann es auch die Wirtschaft nicht wie geplant anschieben. Ein geringeres Wachstum h\u00e4tte dann auch weniger Steuereinnahmen zur Folge, was die von Bundesfinanzminister Christian Lindner (FDP) vor einigen Wochen vorgestellte Steuersch\u00e4tzung f\u00fcr 2025 geh\u00f6rig durcheinanderwirbeln d\u00fcrfte.<\/p>\n<p>Ampel-Aus: Viele geplante Gesetzesvorhaben kommen jetzt wohl nicht<br \/>\nKonkret beschlossen worden sind nach Angaben der Deutschen Industrie- und Handelskammer (DIHK) noch nicht alle Anreize, die den Arbeitsmarkt ankurbeln sollen, auch B\u00fcrokratieentlastungen stehen noch aus. Davon auszugehen ist nun auch das \u00c4nderungen beim Lieferkettensorgfaltspflichtengesetz eher nicht kommen werden. Bundeskanzler Olaf Scholz (SPD) hatte erst k\u00fcrzlich Abstand von dem Gesetz genommen und erkl\u00e4rt es komme weg. Wie, das sagte er allerdings nicht \u2013 ebenso so nicht, wie Deutschland das in Einklang mit der geltenden EU-Richtlinie regeln k\u00f6nnte.&#8220;<\/p>\n<p>https:\/\/www.msn.com\/de-de\/finanzen\/top-stories\/ampel-aus-das-sind-die-folgen-f%C3%BCr-jobs-rentner-und-firmen\/ar-AA1tDorv?ocid=msedgntp&#038;pc=U531&#038;cvid=35fef900c47c4c41837d78393dd0278b&#038;ei=38<\/p>\n<p><strong>Unddddddddddddddddddd DER ERST<\/strong><\/p>\n<p><img loading=\"lazy\" class=\"\" src=\"https:\/\/img-s-msn-com.akamaized.net\/tenant\/amp\/entityid\/AA1tDLGY.img?w=768&amp;h=576&amp;m=6&amp;x=261&amp;y=124&amp;s=109&amp;d=109\" alt=\"\" width=\"400\" height=\"362\" \/><\/p>\n<p>&#8222;Robert Habeck News: Habeck: Lindner hat Weg aus Regierung gesucht<br \/>\nArtikel von kns\/roj\/news.de \u2022 10 Std.&#8220;<\/p>\n<p>https:\/\/www.msn.com\/de-de\/nachrichten\/other\/robert-habeck-news-habeck-lindner-hat-weg-aus-regierung-gesucht\/ar-AA1tDLgW?ocid=msedgntp&#038;pc=U531&#038;cvid=35fef900c47c4c41837d78393dd0278b&#038;ei=49<\/p>\n<p>NEINNNN&#8230;<br \/>\nIch nehme den Lindner NICHT in Schutz&#8230;<br \/>\nSage WIE ES IST<\/p>\n<p>###############<\/p>\n<p>&#8230;<br \/>\n&#8222;Das vorherrschende Paradigma in der Physik beruht auf der Vorstellung, dass sich Systeme im Laufe der Zeit nach dynamischen Gesetzen entwickeln, wobei der Zustand zu einem bestimmten Zeitpunkt die gesamte Geschichte des Systems bestimmt.<\/p>\n<p>Die Allgemeine Relativit\u00e4tstheorie stellt diese Ansicht in Frage. Die Einstein-Gleichungen, die die Beziehung zwischen Raumzeitgeometrie und Masse-Energie beschreiben [1], haben kontraintuitive L\u00f6sungen, die geschlossene zeit\u00e4hnliche Kurven (CTCs) enthalten [2\u201317]. Ein Ereignis auf einer solchen Kurve w\u00fcrde sowohl in der Zukunft als auch in der Vergangenheit seiner selbst liegen, was eine gew\u00f6hnliche Formulierung der Dynamik gem\u00e4\u00df einem Problem der &#8222;Anfangsbedingung&#8220; verhindert. Es stellt sich dann die Frage, ob eine allgemeinere Art von Dynamik m\u00f6glich ist.<\/p>\n<p>Obwohl es eine offene Frage ist, ob CTCs in unserem Universum m\u00f6glich sind [18\u201322], ist die Ber\u00fccksichtigung von Dynamiken jenseits der gew\u00f6hnlichen zeitlichen Sicht auch f\u00fcr andere Forschungsbereiche relevant. In einer Theorie, die die Quantenphysik mit der Allgemeinen Relativit\u00e4tstheorie verbindet, wird erwartet, dass die Raumzeit ihre klassischen Eigenschaften verliert [23, 24], was m\u00f6glicherweise zu unbestimmten Kausalstrukturen f\u00fchrt [25\u201327]. In einer ganz anderen Richtung wurde vorgeschlagen, dass die Quantenphysik auf eine Art &#8222;retrokausale&#8220; klassische Dynamik reduziert werden k\u00f6nnte [28\u201339].<\/p>\n<p>Das Hauptproblem, das sich bei der Aufgabe der gew\u00f6hnlichen Kausalit\u00e4t ergibt, ist das sogenannte &#8222;Gro\u00dfvater-Paradoxon&#8220; [40]: Ein Zeitreisender k\u00f6nnte seinen eigenen Gro\u00dfvater t\u00f6ten und so seine eigene Geburt verhindern, was zu einer logischen Inkonsistenz f\u00fchrt. Ein popul\u00e4rer Ansatz besagt, dass das Gro\u00dfvater-Paradoxon CTCs mit der klassischen Physik unvereinbar macht, w\u00e4hrend geeignete Modifikationen der Quantenphysik die Konsistenz wiederherstellen k\u00f6nnten [41\u201356]. Ein gemeinsames Merkmal der Vorschl\u00e4ge innerhalb dieses Ansatzes ist, dass sie eine radikale Abkehr von der gew\u00f6hnlichen Physik postulieren, selbst in Regionen der Raumzeit ohne CTCs oder in Szenarien, in denen das Zeitreisesystem tats\u00e4chlich mit nichts in der Vergangenheit interagiert [57, 58].&#8220;<br \/>\n&#8230;<\/p>\n<p>Bahnhof?<br \/>\nEGAL!<\/p>\n<p>Sie WERDEN<\/p>\n<p><img src=\"https:\/\/img-s-msn-com.akamaized.net\/tenant\/amp\/entityid\/AA1nSLRG.img?w=768&#038;h=432&#038;m=6\" alt=\"\" \/><\/p>\n<p>&#8222;Medizin: Universal-Blut aus dem Labor?<br \/>\nArtikel von Von Hanno Charisius \u2022 <strong>6Mon.<\/strong> &#8220;<\/p>\n<p>https:\/\/www.msn.com\/de-de\/gesundheit\/other\/medizin-universal-blut-aus-dem-labor\/ar-AA1nSEhB?ocid=msedgntp&#038;pc=U531&#038;cvid=70621bc9b27e45af9c3151c7fe65aa1e&#038;ei=27<\/p>\n<p>ESSEN&#8230;<br \/>\nAus dem 3d Drucker&#8230;<br \/>\nUnd so weiter<\/p>\n","protected":false},"excerpt":{"rendered":"<p>Ja K\u00d6NNEN sie NICHT Ich HABE IMMER gesagt und DAS war von Kindesbeinen an SO, ich gehe BIS zu EINEM gewissen Punkt. NIE dar\u00fcber hinaus. K\u00d6NNTE ICH, k\u00f6nnte ich auch dar\u00fcber hinaus? Danke Kein Sexismus, Lehren aus dem Leben. Religion und Kulturbereinigt, die Frauen \u00fcbernehmen ungern dreierlei Verantwortung, in meiner Familie ist es gerade umgekehrt. &hellip; <\/p>\n<p class=\"link-more\"><a href=\"http:\/\/wordpress.gurbuz.net\/?p=188391\" class=\"more-link\"><span class=\"screen-reader-text\">\u201eUnd WEIL ES SO IST, wie es IST\u2026 Kann auch NIEMAND meine Biographie schrieben, MEINE\u2026 Familiengeschichte.\u201c<\/span> weiterlesen<\/a><\/p>\n","protected":false},"author":1,"featured_media":0,"comment_status":"open","ping_status":"open","sticky":false,"template":"","format":"standard","meta":[],"categories":[1],"tags":[],"_links":{"self":[{"href":"http:\/\/wordpress.gurbuz.net\/index.php?rest_route=\/wp\/v2\/posts\/188391"}],"collection":[{"href":"http:\/\/wordpress.gurbuz.net\/index.php?rest_route=\/wp\/v2\/posts"}],"about":[{"href":"http:\/\/wordpress.gurbuz.net\/index.php?rest_route=\/wp\/v2\/types\/post"}],"author":[{"embeddable":true,"href":"http:\/\/wordpress.gurbuz.net\/index.php?rest_route=\/wp\/v2\/users\/1"}],"replies":[{"embeddable":true,"href":"http:\/\/wordpress.gurbuz.net\/index.php?rest_route=%2Fwp%2Fv2%2Fcomments&post=188391"}],"version-history":[{"count":13,"href":"http:\/\/wordpress.gurbuz.net\/index.php?rest_route=\/wp\/v2\/posts\/188391\/revisions"}],"predecessor-version":[{"id":188404,"href":"http:\/\/wordpress.gurbuz.net\/index.php?rest_route=\/wp\/v2\/posts\/188391\/revisions\/188404"}],"wp:attachment":[{"href":"http:\/\/wordpress.gurbuz.net\/index.php?rest_route=%2Fwp%2Fv2%2Fmedia&parent=188391"}],"wp:term":[{"taxonomy":"category","embeddable":true,"href":"http:\/\/wordpress.gurbuz.net\/index.php?rest_route=%2Fwp%2Fv2%2Fcategories&post=188391"},{"taxonomy":"post_tag","embeddable":true,"href":"http:\/\/wordpress.gurbuz.net\/index.php?rest_route=%2Fwp%2Fv2%2Ftags&post=188391"}],"curies":[{"name":"wp","href":"https:\/\/api.w.org\/{rel}","templated":true}]}}