{"id":187841,"date":"2024-11-01T15:42:04","date_gmt":"2024-11-01T15:42:04","guid":{"rendered":"http:\/\/wordpress.gurbuz.net\/?p=187841"},"modified":"2024-11-01T16:15:27","modified_gmt":"2024-11-01T16:15:27","slug":"im-tuerkischensagen-wir-bana-dokunmayan-yilan-bin-yasasin","status":"publish","type":"post","link":"http:\/\/wordpress.gurbuz.net\/?p=187841","title":{"rendered":"im t\u00fcrkischen sagen wir &#8222;Bana dokunmayan y\u0131lan bin ya\u015fas\u0131n&#8220;"},"content":{"rendered":"<p>Ah ja mein schlauer Freund,<br \/>\n\u201eHoffnung auf Waffenruhe\u201c<br \/>\nDER\u2026<br \/>\nGeheime Plan nach dem ich dich gefragt hatte<\/p>\n<p>\ud83d\ude09<\/p>\n<p>AMErICA&#8230;<br \/>\nI&#8217;m &#8222;alive&#8220;<br \/>\nDon&#8217;t TRY to fuck a fucker<\/p>\n<p>###############<\/p>\n<p>\u00dcbrigens DAS Sergei Wiktorowitsch Lawrow<br \/>\nAu\u00dfenminister der Russischen F\u00f6deration nach Europa kommen WILL&#8230;<br \/>\nIst wichtig<\/p>\n<p>*<\/p>\n<p><img src=\"https:\/\/media0.faz.net\/ppmedia\/w1240\/aktuell\/2081128963\/1.10080084\/1900x850\/erdo-an-am-mittwoch-bei-einem.jpg.webp\" alt=\"\" \/><br \/>\n&#8230;<br \/>\n&#8222;Nas\u0131l yoksulla\u015ft\u0131\u011f\u0131m\u0131zla ba\u015flayay\u0131m\u2026 Ba\u015fkentimiz Ankara\u2019d\u0131r ama zenginli\u011fin ba\u015fkenti hep \u0130stanbul olmu\u015ftur. Bu kentte bile yoksulluk zirveye \u00e7\u0131kt\u0131. \u0130stanbul Planlama Ajans\u0131\u2019n\u0131n istatistiklerine g\u00f6re kentte ya\u015fayan her 5 ki\u015fiden 1\u2019i art\u0131k yoksul. \u0130stanbullular\u0131n y\u00fczde 62,5\u2019i evlerini istedi\u011fi gibi \u0131s\u0131tam\u0131yor, y\u00fczde 61,7\u2019si giyim ihtiyac\u0131n\u0131 kar\u015f\u0131layam\u0131yor, y\u00fczde 34\u2019\u00fc meyve ve sebzeye bile ula\u015fam\u0131yor. Tar\u0131m \u00fclkesi olmakla \u00f6v\u00fcnen T\u00fcrkiye\u2019de ya\u015fan\u0131yor t\u00fcm bunlar! ABD ve Avrupa\u2019da ortalama ki\u015fi ba\u015f\u0131 k\u0131rm\u0131z\u0131 et t\u00fcketimi 40 kiloya kadar \u00e7\u0131karken, bizde 10 kilonun da alt\u0131na d\u00fc\u015ft\u00fc. \u00dc\u00e7 taraf\u0131m\u0131z denizlerle \u00e7evrili ama bal\u0131k t\u00fcketimimiz ayn\u0131 denizi payla\u015ft\u0131\u011f\u0131m\u0131z, Yunanistan\u2019\u0131n d\u00f6rtte biri kadar. N\u00fcfusumuz Yunanistan\u2019\u0131n 8,5 kat\u0131 olmas\u0131na ra\u011fmen\u2026<\/p>\n<p>Sadece son iki haftada ya\u015fad\u0131klar\u0131m\u0131z, demokrasi liman\u0131ndan ne kadar uzakla\u015ft\u0131\u011f\u0131m\u0131z\u0131 da anlatmaya yeter san\u0131r\u0131m. 29 y\u0131ld\u0131r \u0130stanbul\u2019dan t\u00fcm T\u00fcrkiye\u2019ye yay\u0131n yapan, \u00fclkenin en liberal radyo kanallar\u0131ndan biri olan A\u00e7\u0131k Radyo kapat\u0131ld\u0131. Saray\u2019\u0131n sans\u00fcr ayg\u0131t\u0131 RT\u00dcK, slogan\u0131 \u201cK\u00e2inat\u0131n t\u00fcm seslerine, renklerine ve titre\u015fimlerine A\u00e7\u0131k Radyo\u201d olan istasyona daha fazla dayanamad\u0131. 24 Nisan Ermeni Soyk\u0131r\u0131m\u0131n\u0131 Anma G\u00fcn\u00fc\u2019ndeki yay\u0131nda \u201csoyk\u0131r\u0131m\u201d s\u00f6zc\u00fc\u011f\u00fc kullan\u0131ld\u0131\u011f\u0131 i\u00e7in radyonun kap\u0131s\u0131na kilit vurdu! Erdo\u011fan\u2019\u0131n \u201cileri demokrasi\u201dsi bununla da yetinmedi. T\u00fcrkiye\u2019den Almanya\u2019ya ka\u00e7mak zorunda kalan gazeteci Can D\u00fcndar\u2019\u0131nki dahil olmak \u00fczere onlarca gazetecinin X (eski Twitter) hesab\u0131na eri\u015fim engeli getirdi. Saray rejimi, \u00fclkede ya\u015fatmad\u0131klar\u0131n\u0131n seslerinin burada duyulmas\u0131na bile tahamm\u00fcl edemedi.<\/p>\n<p>Bug\u00fcnlerde Meclis\u2019ten ge\u00e7mesi beklenen yeni yasa ise bu \u00fclkede ya\u015fayan gazetecilerin, akademisyenlerin, sivil toplum i\u00e7in \u00e7al\u0131\u015fanlar\u0131n t\u00fcm\u00fcn\u00fc \u201ccasus\u201d ilan edebilir! Rusya ve G\u00fcrcistan\u2019da y\u00fcr\u00fcrl\u00fc\u011fe giren etki ajanl\u0131\u011f\u0131 d\u00fczenlemesinin bir benzeri olan yasa, mu\u011flak metni y\u00fcz\u00fcnden hepimiz 7 y\u0131l hapse girebiliriz. Yasan\u0131n kritik maddesi aynen \u015f\u00f6yle: \u201cDevletin g\u00fcvenli\u011fi veya i\u00e7 ve d\u0131\u015f siyasal yararlar\u0131 aleyhine yabanc\u0131 bir devlet veya organizasyonun stratejik \u00e7\u0131karlar\u0131 do\u011frultusunda su\u00e7 i\u015fleyenler hakk\u0131nda 3 ila 7 y\u0131l hapis cezas\u0131 verilir.\u201d Hani devletin g\u00fcvenli\u011fini anlad\u0131k\u2026 Devletin i\u00e7 ve d\u0131\u015f siyasal yararlar\u0131 nedir? Devletin ba\u015f\u0131 olan, partili cumhurba\u015fkan\u0131n\u0131 ele\u015ftiren bir gazeteci, \u201cdevletin i\u00e7 siyasal yarar\u0131\u201d nedeniyle casus say\u0131labilir mesela\u2026 Hele de benim gibi \u201cyabanc\u0131\u201d bir gazete olan FAZ\u2019a yaz\u0131yorsa\u2026 Yasada \u201corganizasyon\u201d tan\u0131m\u0131 yap\u0131lmad\u0131\u011f\u0131 i\u00e7in, \u00f6rne\u011fin yabanc\u0131 bir sivil toplum \u00f6rg\u00fct\u00fcyle i\u00e7in ara\u015ft\u0131rma yapan akademisyenler hapse girebilir. Bu yasa bu haliyle ge\u00e7erse, T\u00fcrkiye en \u00e7ok \u201ccasus\u201d bar\u0131nd\u0131ran \u00fclke olarak onlarca yeni hapishane in\u015fa etmek zorunda kalabilir.&#8220;<br \/>\n&#8230;<\/p>\n<p>BUNU&#8230;<br \/>\nYAYINLAMAM GEREKTI<\/p>\n","protected":false},"excerpt":{"rendered":"<p>Ah ja mein schlauer Freund, \u201eHoffnung auf Waffenruhe\u201c DER\u2026 Geheime Plan nach dem ich dich gefragt hatte \ud83d\ude09 AMErICA&#8230; I&#8217;m &#8222;alive&#8220; Don&#8217;t TRY to fuck a fucker ############### \u00dcbrigens DAS Sergei Wiktorowitsch Lawrow Au\u00dfenminister der Russischen F\u00f6deration nach Europa kommen WILL&#8230; Ist wichtig * &#8230; &#8222;Nas\u0131l yoksulla\u015ft\u0131\u011f\u0131m\u0131zla ba\u015flayay\u0131m\u2026 Ba\u015fkentimiz Ankara\u2019d\u0131r ama zenginli\u011fin ba\u015fkenti hep \u0130stanbul &hellip; <\/p>\n<p class=\"link-more\"><a href=\"http:\/\/wordpress.gurbuz.net\/?p=187841\" class=\"more-link\"><span class=\"screen-reader-text\">\u201eim t\u00fcrkischen sagen wir &#8222;Bana dokunmayan y\u0131lan bin ya\u015fas\u0131n&#8220;\u201c<\/span> weiterlesen<\/a><\/p>\n","protected":false},"author":1,"featured_media":0,"comment_status":"open","ping_status":"open","sticky":false,"template":"","format":"standard","meta":[],"categories":[1],"tags":[],"_links":{"self":[{"href":"http:\/\/wordpress.gurbuz.net\/index.php?rest_route=\/wp\/v2\/posts\/187841"}],"collection":[{"href":"http:\/\/wordpress.gurbuz.net\/index.php?rest_route=\/wp\/v2\/posts"}],"about":[{"href":"http:\/\/wordpress.gurbuz.net\/index.php?rest_route=\/wp\/v2\/types\/post"}],"author":[{"embeddable":true,"href":"http:\/\/wordpress.gurbuz.net\/index.php?rest_route=\/wp\/v2\/users\/1"}],"replies":[{"embeddable":true,"href":"http:\/\/wordpress.gurbuz.net\/index.php?rest_route=%2Fwp%2Fv2%2Fcomments&post=187841"}],"version-history":[{"count":7,"href":"http:\/\/wordpress.gurbuz.net\/index.php?rest_route=\/wp\/v2\/posts\/187841\/revisions"}],"predecessor-version":[{"id":187848,"href":"http:\/\/wordpress.gurbuz.net\/index.php?rest_route=\/wp\/v2\/posts\/187841\/revisions\/187848"}],"wp:attachment":[{"href":"http:\/\/wordpress.gurbuz.net\/index.php?rest_route=%2Fwp%2Fv2%2Fmedia&parent=187841"}],"wp:term":[{"taxonomy":"category","embeddable":true,"href":"http:\/\/wordpress.gurbuz.net\/index.php?rest_route=%2Fwp%2Fv2%2Fcategories&post=187841"},{"taxonomy":"post_tag","embeddable":true,"href":"http:\/\/wordpress.gurbuz.net\/index.php?rest_route=%2Fwp%2Fv2%2Ftags&post=187841"}],"curies":[{"name":"wp","href":"https:\/\/api.w.org\/{rel}","templated":true}]}}