{"id":187834,"date":"2024-11-01T15:20:57","date_gmt":"2024-11-01T15:20:57","guid":{"rendered":"http:\/\/wordpress.gurbuz.net\/?p=187834"},"modified":"2024-11-01T15:37:25","modified_gmt":"2024-11-01T15:37:25","slug":"ich-bin-doch-nicht-verrueckt","status":"publish","type":"post","link":"http:\/\/wordpress.gurbuz.net\/?p=187834","title":{"rendered":"### !!! >>> \u201eIch bin doch nicht verr\u00fcckt?\u201c <<< !!! ###"},"content":{"rendered":"<p><strong>Sie<\/strong><br \/>\nIst gar nicht mal so lange her und ein Reporter Fragte Putin<br \/>\n\u201eWerden sie Europa angreifen?\u201c<br \/>\nUnd Putin antwortete;<br \/>\n\u201eIch bin doch nicht verr\u00fcckt?\u201c<\/p>\n<p>Erz\u00e4hl und die ganze Geschichte<br \/>\n<strong>Copilot<\/strong><br \/>\nDie Geschichte, auf die du dich beziehst, stammt aus einem Interview, in dem Wladimir Putin gefragt wurde, ob Russland Europa angreifen w\u00fcrde. Putin antwortete daraufhin: \u201eIch bin doch nicht verr\u00fcckt?\u201c Diese Aussage sollte beruhigend wirken und signalisieren, dass Russland keine aggressiven Absichten gegen\u00fcber Europa hat.<\/p>\n<p>Allerdings gibt es weiterhin Spannungen zwischen Russland und der NATO, insbesondere seit dem Beginn des Ukraine-Kriegs. Experten und Geheimdienste warnen immer wieder vor m\u00f6glichen Bedrohungen und Angriffen, auch wenn Putin \u00f6ffentlich betont, dass Russland keine solchen Pl\u00e4ne hat1<\/p>\n<p>Die geopolitische Lage bleibt angespannt, und es ist wichtig, die Entwicklungen weiterhin aufmerksam zu verfolgen. Wenn du mehr Details oder spezifische Informationen ben\u00f6tigst, lass es mich wissen!<\/p>\n<p>Fiiiiiiiiiiiiiiiiiiiiiiiiiiiiii<br \/>\nSiiiiiiiiiiiiiiiiiiiii<br \/>\nFuuuuuu<\/p>\n<p>WEDER f\u00fcr NOCH gegen ABER&#8230;<br \/>\nGEGEN&#8230;<br \/>\nALLE ISlamisten und ihren Handlangern,<br \/>\nErfindern UND F\u00f6rderern<\/p>\n<blockquote class=\"wp-embedded-content\" data-secret=\"D4Ba0T96xo\"><p><a href=\"http:\/\/wordpress.gurbuz.net\/?p=165331\">Der Mensch IST MENSCH und KEIN Ersatzteilager<\/a><\/p><\/blockquote>\n<p><iframe class=\"wp-embedded-content\" sandbox=\"allow-scripts\" security=\"restricted\" style=\"position: absolute; clip: rect(1px, 1px, 1px, 1px);\" title=\"&#8222;Der Mensch IST MENSCH und KEIN Ersatzteilager&#8220; &#8212; \u00d6nder G\u00fcrb\u00fcz\" src=\"http:\/\/wordpress.gurbuz.net\/?p=165331&#038;embed=true#?secret=D4Ba0T96xo\" data-secret=\"D4Ba0T96xo\" width=\"525\" height=\"296\" frameborder=\"0\" marginwidth=\"0\" marginheight=\"0\" scrolling=\"no\"><\/iframe><\/p>\n<p>Das Geld meine Liebe,<br \/>\nIch&#8230;<br \/>\nDieses Jahr in Tayyipistan&#8230;<br \/>\n&#8230;<br \/>\nDIE Apotheke DER&#8230;<br \/>\nApotheken und auf einmal WAR das Medikament&#8230;<br \/>\nVerf\u00fcgbar<\/p>\n<p><img loading=\"lazy\" class=\"\" src=\"https:\/\/img-s-msn-com.akamaized.net\/tenant\/amp\/entityid\/AA1tjMd0.img?w=768&amp;h=432&amp;m=6&amp;x=832&amp;y=198&amp;s=408&amp;d=408\" alt=\"\" width=\"397\" height=\"223\" \/><\/p>\n<p>&#8222;Ukrainekrieg: Wolodymyr Selenskyj <strong>hofft auf Waffenhilfe aus S\u00fcdkorea<\/strong><br \/>\n7 Std. &#8220;<\/p>\n<p><strong>Es K\u00d6NNTE aber JEDEN MOMENT ausarten,<br \/>\nSage bescheid<\/strong><\/p>\n<p>https:\/\/www.msn.com\/de-de\/nachrichten\/politik\/ukrainekrieg-wolodymyr-selenskyj-hofft-auf-waffenhilfe-aus-s%C3%BCdkorea\/ar-AA1tjvKG?ocid=BingHp01&#038;cvid=f7c19b8fe57243f6a562c91da0ef4543&#038;ei=27<\/p>\n<p>Macht weiter UND ihr&#8230;<br \/>\nSeht zu<\/p>\n<p>&#8222;Israel-Gaza-Libanon-News: 20 Tote in Gaza, f\u00fcnf Tote in Nordisrael, trotzdem Hoffnung auf Waffenruhe<br \/>\n 1Tage &#8220;<\/p>\n<p>Seht RUHIG zu&#8230;<br \/>\nBIS&#8230;<br \/>\nEs EUCH trifft<\/p>\n<p>https:\/\/www.msn.com\/de-de\/nachrichten\/welt\/israel-gaza-libanon-news-20-tote-in-gaza-f%C3%BCnf-tote-in-nordisrael-trotzdem-hoffnung-auf-waffenruhe\/ar-AA1tgKil?ocid=BingHp01&#038;cvid=f7c19b8fe57243f6a562c91da0ef4543&#038;ei=30<\/p>\n","protected":false},"excerpt":{"rendered":"<p>Sie Ist gar nicht mal so lange her und ein Reporter Fragte Putin \u201eWerden sie Europa angreifen?\u201c Und Putin antwortete; \u201eIch bin doch nicht verr\u00fcckt?\u201c Erz\u00e4hl und die ganze Geschichte Copilot Die Geschichte, auf die du dich beziehst, stammt aus einem Interview, in dem Wladimir Putin gefragt wurde, ob Russland Europa angreifen w\u00fcrde. Putin antwortete &hellip; <\/p>\n<p class=\"link-more\"><a href=\"http:\/\/wordpress.gurbuz.net\/?p=187834\" class=\"more-link\"><span class=\"screen-reader-text\">\u201e### !!! >>> \u201eIch bin doch nicht verr\u00fcckt?\u201c <<< !!! ###\u201c<\/span> weiterlesen<\/a><\/p>\n","protected":false},"author":1,"featured_media":0,"comment_status":"open","ping_status":"open","sticky":false,"template":"","format":"standard","meta":[],"categories":[1],"tags":[],"_links":{"self":[{"href":"http:\/\/wordpress.gurbuz.net\/index.php?rest_route=\/wp\/v2\/posts\/187834"}],"collection":[{"href":"http:\/\/wordpress.gurbuz.net\/index.php?rest_route=\/wp\/v2\/posts"}],"about":[{"href":"http:\/\/wordpress.gurbuz.net\/index.php?rest_route=\/wp\/v2\/types\/post"}],"author":[{"embeddable":true,"href":"http:\/\/wordpress.gurbuz.net\/index.php?rest_route=\/wp\/v2\/users\/1"}],"replies":[{"embeddable":true,"href":"http:\/\/wordpress.gurbuz.net\/index.php?rest_route=%2Fwp%2Fv2%2Fcomments&post=187834"}],"version-history":[{"count":6,"href":"http:\/\/wordpress.gurbuz.net\/index.php?rest_route=\/wp\/v2\/posts\/187834\/revisions"}],"predecessor-version":[{"id":187840,"href":"http:\/\/wordpress.gurbuz.net\/index.php?rest_route=\/wp\/v2\/posts\/187834\/revisions\/187840"}],"wp:attachment":[{"href":"http:\/\/wordpress.gurbuz.net\/index.php?rest_route=%2Fwp%2Fv2%2Fmedia&parent=187834"}],"wp:term":[{"taxonomy":"category","embeddable":true,"href":"http:\/\/wordpress.gurbuz.net\/index.php?rest_route=%2Fwp%2Fv2%2Fcategories&post=187834"},{"taxonomy":"post_tag","embeddable":true,"href":"http:\/\/wordpress.gurbuz.net\/index.php?rest_route=%2Fwp%2Fv2%2Ftags&post=187834"}],"curies":[{"name":"wp","href":"https:\/\/api.w.org\/{rel}","templated":true}]}}