{"id":187396,"date":"2024-10-28T16:13:04","date_gmt":"2024-10-28T16:13:04","guid":{"rendered":"http:\/\/wordpress.gurbuz.net\/?p=187396"},"modified":"2024-10-28T16:19:07","modified_gmt":"2024-10-28T16:19:07","slug":"in-deutschland-2","status":"publish","type":"post","link":"http:\/\/wordpress.gurbuz.net\/?p=187396","title":{"rendered":"In Deutschland!???"},"content":{"rendered":"<p>&#8222;Spanien<br \/>\nT\u00e4glicher Beifall f\u00fcr die Coronavirus-Bek\u00e4mpfer<br \/>\nDas spanische Gesundheitssystem st\u00f6\u00dft wegen des sich stark ausbreitenden SARS-CoV-2 langsam an seine Grenzen. Die Bev\u00f6lkerung beklatscht \u00c4rzte, Pflegekr\u00e4fte und Co f\u00fcr ihren unerm\u00fcdlichen Einsatz.<\/p>\n<p>Von Manuel Meyer<br \/>\nVer\u00f6ffentlicht: 19.03.2020, 12:31 Uhr&#8220;<\/p>\n<p>https:\/\/www.aerztezeitung.de\/Politik\/Taeglicher-Beifall-fuer-die-Coronavirus-Bekaempfer-407816.html<\/p>\n<p>Auch ihr,<br \/>\nIrgendWANN l\u00f6se ich mein Versprechen ein<\/p>\n<p><iframe loading=\"lazy\" title=\"Deprem An\u0131nda Hem\u015fireler \u00d6nce Bebekleri D\u00fc\u015f\u00fcnd\u00fc\" width=\"525\" height=\"295\" src=\"https:\/\/www.youtube.com\/embed\/KjeTCytEN1I?feature=oembed\" frameborder=\"0\" allow=\"accelerometer; autoplay; clipboard-write; encrypted-media; gyroscope; picture-in-picture; web-share\" referrerpolicy=\"strict-origin-when-cross-origin\" allowfullscreen><\/iframe><\/p>\n<p>NEIN,<br \/>\nAuch se SIND Mensch und haben Herz,<br \/>\nEs WIRD eine interessante Story WENN ich kann.<\/p>\n<p>&#8222;Hem\u015fireler, deprem an\u0131nda kendi canlar\u0131n\u0131 hi\u00e7e sayd\u0131! Yeni do\u011fan bebekleri b\u00f6yle tuttular | Video<br \/>\n12.02.2023 | 09:35&#8220;<\/p>\n<p>https:\/\/www.sabah.com.tr\/video\/yasam\/hemsireler-deprem-aninda-kendi-canlarini-hice-saydi-yeni-dogan-bebekleri-boyle-tuttular-video<\/p>\n<p><img src=\"https:\/\/www.cumhuriyet.com.tr\/Archive\/2023\/2\/13\/2051192\/kapak_000400.jpg\" alt=\"\" \/><\/p>\n<p>&#8222;Duyguland\u0131ran anlar kamerada: \u015eeyma hem\u015fire ka\u00e7mak yerine \u00e7ocuklar\u0131 kurtard\u0131<br \/>\nKahramanmara\u015f&#8217;ta meydana gelen 7.7 ve 7.6&#8217;l\u0131k depremin etkilendi\u011fi ilerden biri olan Gaziantep&#8217;te, deprem g\u00fcn\u00fcne ait anlar\u0131n g\u00f6r\u00fcnt\u00fcleri duyguland\u0131rd\u0131. Depreme hastanede yakalanan Hem\u015fire \u015eeyma Alaku\u015f, y\u0131k\u0131lma ihtimali olan binadan ka\u00e7mak yerine \u00e7ocuklar\u0131 kurtarmak i\u00e7in odaya ko\u015ftu. Depremin birinci haftas\u0131nda \u00e7\u0131kan g\u00f6r\u00fcnt\u00fc g\u00f6renleri duyguland\u0131rd\u0131.&#8220;<\/p>\n<p>https:\/\/www.cumhuriyet.com.tr\/turkiye\/duygulandiran-anlar-kamerada-seyma-hemsire-kacmak-yerine-cocuklari-kurtardi-2051192<\/p>\n<p>Kein Versprechen,<br \/>\nMal sehen<\/p>\n<p><img src=\"https:\/\/www.golem.de\/1209\/94767-43851-a_rc.jpg\" alt=\"\" \/><\/p>\n<p><strong>Hitachi<\/strong><br \/>\nWie 4&#215;4, 7+4<br \/>\n\u00d6nder vergiss es nicht<\/p>\n<p>https:\/\/www.golem.de\/news\/storage-technik-glas-als-datenspeicher-fuer-die-ewigkeit-1209-94767.html<\/p>\n","protected":false},"excerpt":{"rendered":"<p>&#8222;Spanien T\u00e4glicher Beifall f\u00fcr die Coronavirus-Bek\u00e4mpfer Das spanische Gesundheitssystem st\u00f6\u00dft wegen des sich stark ausbreitenden SARS-CoV-2 langsam an seine Grenzen. Die Bev\u00f6lkerung beklatscht \u00c4rzte, Pflegekr\u00e4fte und Co f\u00fcr ihren unerm\u00fcdlichen Einsatz. Von Manuel Meyer Ver\u00f6ffentlicht: 19.03.2020, 12:31 Uhr&#8220; https:\/\/www.aerztezeitung.de\/Politik\/Taeglicher-Beifall-fuer-die-Coronavirus-Bekaempfer-407816.html Auch ihr, IrgendWANN l\u00f6se ich mein Versprechen ein NEIN, Auch se SIND Mensch und haben Herz, &hellip; <\/p>\n<p class=\"link-more\"><a href=\"http:\/\/wordpress.gurbuz.net\/?p=187396\" class=\"more-link\"><span class=\"screen-reader-text\">\u201eIn Deutschland!???\u201c<\/span> weiterlesen<\/a><\/p>\n","protected":false},"author":1,"featured_media":0,"comment_status":"open","ping_status":"open","sticky":false,"template":"","format":"standard","meta":[],"categories":[1],"tags":[],"_links":{"self":[{"href":"http:\/\/wordpress.gurbuz.net\/index.php?rest_route=\/wp\/v2\/posts\/187396"}],"collection":[{"href":"http:\/\/wordpress.gurbuz.net\/index.php?rest_route=\/wp\/v2\/posts"}],"about":[{"href":"http:\/\/wordpress.gurbuz.net\/index.php?rest_route=\/wp\/v2\/types\/post"}],"author":[{"embeddable":true,"href":"http:\/\/wordpress.gurbuz.net\/index.php?rest_route=\/wp\/v2\/users\/1"}],"replies":[{"embeddable":true,"href":"http:\/\/wordpress.gurbuz.net\/index.php?rest_route=%2Fwp%2Fv2%2Fcomments&post=187396"}],"version-history":[{"count":4,"href":"http:\/\/wordpress.gurbuz.net\/index.php?rest_route=\/wp\/v2\/posts\/187396\/revisions"}],"predecessor-version":[{"id":187400,"href":"http:\/\/wordpress.gurbuz.net\/index.php?rest_route=\/wp\/v2\/posts\/187396\/revisions\/187400"}],"wp:attachment":[{"href":"http:\/\/wordpress.gurbuz.net\/index.php?rest_route=%2Fwp%2Fv2%2Fmedia&parent=187396"}],"wp:term":[{"taxonomy":"category","embeddable":true,"href":"http:\/\/wordpress.gurbuz.net\/index.php?rest_route=%2Fwp%2Fv2%2Fcategories&post=187396"},{"taxonomy":"post_tag","embeddable":true,"href":"http:\/\/wordpress.gurbuz.net\/index.php?rest_route=%2Fwp%2Fv2%2Ftags&post=187396"}],"curies":[{"name":"wp","href":"https:\/\/api.w.org\/{rel}","templated":true}]}}