{"id":183256,"date":"2024-09-15T07:03:52","date_gmt":"2024-09-15T07:03:52","guid":{"rendered":"http:\/\/wordpress.gurbuz.net\/?p=183256"},"modified":"2024-09-15T09:06:29","modified_gmt":"2024-09-15T09:06:29","slug":"183256","status":"publish","type":"post","link":"http:\/\/wordpress.gurbuz.net\/?p=183256","title":{"rendered":"Mein schlauer Freund, WIE hat sich die Au\u00dfenpolitik dieses Lands NACH Schr\u00f6der entwickelt, besonderes Augenmerk gilt nat\u00fcrlich dieser feministischen Au\u00dfenpolitik ABER auch zur zeiten von A. Merkel, so ab \u201eMitte\u201c ihrer Amtszeit. Auch DAS solltest du ber\u00fccksichtigen DAS sie sich mehr der Au\u00dfenpolitik zugewendet hat als DER Innenpolitik WAS ja zu ihren \u201eeigentlichen\u201c aufgaben geh\u00f6rte. Das war der erste Teil meiner Frage\u2026 Der Zweite auch WENN ich absolut NICHTS von ihm halte, von seiner \u201eF\u00fchrung\u201c der Scheintote (letztens hat er sich mal zu Worte gemeldet als w\u00e4re er ein \u2026) mal abgesehen davon.. Im Moment sehe ich au\u00dfer ihm und man wei\u00df wie ich zu ihm stehe dem S\u00f6der niemanden der eine einigerma\u00dfen vern\u00fcnftige innen und au\u00dfen und Friedenspolitik f\u00fchren k\u00f6nnte. AUCH dieser Verteidigungsminister hat sich als \u201efalscher F\u00fcnfziger\u201c erwiesen. Was sagt du dazu?"},"content":{"rendered":"<p><img loading=\"lazy\" class=\"\" src=\"https:\/\/upload.wikimedia.org\/wikipedia\/commons\/3\/31\/TraitNordtete.jpg\" alt=\"\" width=\"363\" height=\"&quot;272\" \/><\/p>\n<p><strong>Copilot<\/strong><br \/>\ndas web<br \/>\nwird verwendet<br \/>\nAntworten f\u00fcr Sie werden generiert\u2026<\/p>\n<p>Gesendet von Copilot:<br \/>\nNach Gerhard Schr\u00f6der hat sich die deutsche Au\u00dfenpolitik unter Angela Merkel und sp\u00e4ter unter der aktuellen Regierung erheblich weiterentwickelt.<\/p>\n<p>Angela Merkel\u2019s Au\u00dfenpolitik<br \/>\nW\u00e4hrend der zweiten H\u00e4lfte ihrer Amtszeit legte Angela Merkel einen st\u00e4rkeren Fokus auf die Au\u00dfenpolitik. Sie setzte sich intensiv f\u00fcr die europ\u00e4ische Integration ein und spielte eine zentrale Rolle in der Bew\u00e4ltigung der Eurokrise. Merkel war auch ma\u00dfgeblich an den Verhandlungen mit Russland im Kontext der Ukraine-Krise beteiligt und unterst\u00fctzte Sanktionen gegen Russland1. Ihre Politik war gepr\u00e4gt von einem multilateralistischen Ansatz und der St\u00e4rkung internationaler Institutionen.<\/p>\n<p>Feministische Au\u00dfenpolitik<br \/>\nDie feministische Au\u00dfenpolitik wurde unter der aktuellen Regierung, insbesondere durch Au\u00dfenministerin Annalena Baerbock, st\u00e4rker betont. Diese Politik zielt darauf ab, die Gleichberechtigung und die Rechte von Frauen und marginalisierten Gruppen weltweit zu f\u00f6rdern. Sie umfasst Ma\u00dfnahmen zur Bek\u00e4mpfung von geschlechtsspezifischer Gewalt, zur F\u00f6rderung von Frauen in F\u00fchrungspositionen und zur Sicherstellung, dass Frauen gleichberechtigt an politischen Prozessen teilnehmen2. Diese Politik ist ein Perspektivenwechsel hin zu einem au\u00dfenpolitischen Handeln, das die Konsequenzen politischen Entscheidens und Handelns f\u00fcr unterschiedliche gesellschaftliche Gruppen in den Blick nimmt3.<\/p>\n<p>Aktuelle politische F\u00fchrung<br \/>\nWas die aktuelle politische F\u00fchrung betrifft, so gibt es in der Tat unterschiedliche Meinungen \u00fcber die Eignung der derzeitigen Politiker. Markus S\u00f6der wird oft als potenzieller Kandidat f\u00fcr eine st\u00e4rkere Rolle in der Bundespolitik gesehen, obwohl er auch polarisiert. Der aktuelle Verteidigungsminister hat in der Tat einige Kritik auf sich gezogen, insbesondere in Bezug auf die Modernisierung der Bundeswehr und die Beschaffung von Ausr\u00fcstung4.<\/p>\n<p>Es ist verst\u00e4ndlich, dass du dir Sorgen um die zuk\u00fcnftige politische F\u00fchrung machst. Es bleibt abzuwarten, wie sich die politische Landschaft in den kommenden Jahren entwickeln wird. Hast du bestimmte Erwartungen oder Hoffnungen f\u00fcr die zuk\u00fcnftige deutsche Au\u00dfen- und Innenpolitik?<\/p>\n<p>1: Merkel\u2019s role in European integration and the Ukraine crisis 2: Feministische Au\u00dfenpolitik unter Annalena Baerbock 3: Strategische St\u00e4rken feministischer Au\u00dfenpolitik 4: Kritik am aktuellen Verteidigungsminister<\/p>\n<p><strong>Sie<\/strong><br \/>\nGesendet von sie:<br \/>\nDanke dier, habe es noch nicht gelesen aber daf\u00fcr das zu geantwortet hast.<br \/>\n<strong>Copilot<\/strong><br \/>\ndas web<br \/>\nwird verwendet<br \/>\nAntworten f\u00fcr Sie werden generiert\u2026<\/p>\n<p>Gesendet von Copilot:<br \/>\nGern geschehen! Nimm dir die Zeit, es in Ruhe durchzulesen. Wenn du sp\u00e4ter noch Fragen hast oder \u00fcber ein anderes Thema sprechen m\u00f6chtest, stehe ich dir gerne zur Verf\u00fcgung. \ud83d\ude42<\/p>\n<p>Gibt es sonst noch etwas, bei dem ich dir helfen kann?<\/p>\n<p><strong>Sie<\/strong><br \/>\nGesendet von sie:<br \/>\n\ud83d\ude09<br \/>\n<strong>Copilot<\/strong><br \/>\ndas web<br \/>\nwird verwendet<br \/>\nAntworten f\u00fcr Sie werden generiert\u2026<\/p>\n<p>Gesendet von Copilot:<br \/>\n\ud83d\ude42 Alles klar! Wenn du sp\u00e4ter noch Fragen hast oder einfach plaudern m\u00f6chtest, bin ich hier. Hab einen sch\u00f6nen Tag!<\/p>\n<p><strong>Sie<\/strong><br \/>\nGesendet von sie:<br \/>\nWird sp\u00e4ter weitergehen<br \/>\n<strong>Copilot<\/strong><br \/>\ndas web<br \/>\nwird verwendet<br \/>\nAntworten f\u00fcr Sie werden generiert\u2026<\/p>\n<p>Gesendet von Copilot:<br \/>\nAlles klar, ich freue mich darauf, sp\u00e4ter weiter mit dir zu sprechen. Bis dann und hab einen tollen Tag! \ud83d\ude42<br \/>\nIch SAGTE es WIRD weitergehen;<\/p>\n<p>Heut Morgen in den Welt &#8222;Nachrichten&#8220;<\/p>\n<p>&#8222;Der skurrile Sport &#8222;Hobby-Horsing&#8220; hat in Finnland seinen Anfang genommen und erfreut sich immer gr\u00f6\u00dferer Popularit\u00e4t. Der Sport ist an Reitdisziplinen wie Spingen und Dressur angelehnt. Allerdings wird auf das Pferd verzichtet. Stattdessen &#8222;reiten&#8220; die Sportlerinnen und Sportler einen Holzstiel mit Pferdekopf.vor 6 Tagen&#8220;<\/p>\n<p><iframe loading=\"lazy\" title=\"Hobby Horsing in Finnland: Turnier-Reiten ganz ohne Pferd - mit ganz viel Begeisterung\" width=\"525\" height=\"295\" src=\"https:\/\/www.youtube.com\/embed\/VX-HEcE2fT4?feature=oembed\" frameborder=\"0\" allow=\"accelerometer; autoplay; clipboard-write; encrypted-media; gyroscope; picture-in-picture; web-share\" referrerpolicy=\"strict-origin-when-cross-origin\" allowfullscreen><\/iframe><\/p>\n<p>Sp\u00e4ter, MEINE&#8230;<br \/>\nErlaubnis\u2026<br \/>\nAndere L\u00e4nder andere Sitten\u2026<br \/>\nANDERE\u2026<br \/>\nBed\u00fcrfnisse!!!<\/p>\n<p><iframe loading=\"lazy\" title=\"\u0421\u0430\u043a\u0441\u043e\u0444\u043e\u043d \u043d\u0430 \u0431\u0438\u0441 - Raymond Pauls &amp; Anton Stankevich - \u041d\u0430 \u0431\u0438\u0441 (\u043d\u0435 \u043f\u0435\u0441\u043d\u044e, \u0430 \u0436\u0438\u0437\u043d\u044c)\" width=\"525\" height=\"295\" src=\"https:\/\/www.youtube.com\/embed\/q7Ah94QEqjg?start=3&#038;feature=oembed\" frameborder=\"0\" allow=\"accelerometer; autoplay; clipboard-write; encrypted-media; gyroscope; picture-in-picture; web-share\" referrerpolicy=\"strict-origin-when-cross-origin\" allowfullscreen><\/iframe><\/p>\n<p>BIN\u2026<br \/>\nMit einem Bein schon auf dem Weg\u2026<br \/>\nBald,<br \/>\nMit dem anderen (\u2026)<\/p>\n<p>#############<br \/>\n#############<br \/>\n#############<\/p>\n<p><img src=\"http:\/\/www.gurbuz.net\/Yeni\/Screenshot%202024-08-09%20051332.jpg\" alt=\"\" \/><\/p>\n<p><strong>AUCH<\/strong><br \/>\nWollte sp\u00e4ter sowie so t\u00fcrkisch<\/p>\n<p>Orospu \u00e7ocuklar\u0131, hem i\u00e7eriden hem\u2026<br \/>\nD\u0131\u015far\u0131dan\u2026<br \/>\nBen daha \u00f6lmedim, ben ve benim gibiler<\/p>\n<blockquote class=\"wp-embedded-content\" data-secret=\"rlExx2fV5k\"><p><a href=\"http:\/\/wordpress.gurbuz.net\/?p=160608\">Einfach NUR sch\u00f6ne Gesch\u00f6pfe sind sie<\/a><\/p><\/blockquote>\n<p><iframe class=\"wp-embedded-content\" sandbox=\"allow-scripts\" security=\"restricted\" style=\"position: absolute; clip: rect(1px, 1px, 1px, 1px);\" title=\"&#8222;Einfach NUR sch\u00f6ne Gesch\u00f6pfe sind sie&#8220; &#8212; \u00d6nder G\u00fcrb\u00fcz\" src=\"http:\/\/wordpress.gurbuz.net\/?p=160608&#038;embed=true#?secret=rlExx2fV5k\" data-secret=\"rlExx2fV5k\" width=\"525\" height=\"296\" frameborder=\"0\" marginwidth=\"0\" marginheight=\"0\" scrolling=\"no\"><\/iframe><\/p>\n<p>DAS&#8230;<br \/>\nHAT ER<\/p>\n<p>\ud83d\ude42 \ud83d\ude42 \ud83d\ude42<\/p>\n<p>*<\/p>\n<p>Sol KOLUM,<br \/>\nKalbim.<\/p>\n<p>YARINA uyu\u015fturucu VE \u015feker i\u011fnelerini UNUTMAMALIYM\u2026<br \/>\nDoktordan re\u00e7eteyi\u2026<br \/>\nBavula koymay\u0131 da<\/p>\n","protected":false},"excerpt":{"rendered":"<p>Copilot das web wird verwendet Antworten f\u00fcr Sie werden generiert\u2026 Gesendet von Copilot: Nach Gerhard Schr\u00f6der hat sich die deutsche Au\u00dfenpolitik unter Angela Merkel und sp\u00e4ter unter der aktuellen Regierung erheblich weiterentwickelt. Angela Merkel\u2019s Au\u00dfenpolitik W\u00e4hrend der zweiten H\u00e4lfte ihrer Amtszeit legte Angela Merkel einen st\u00e4rkeren Fokus auf die Au\u00dfenpolitik. Sie setzte sich intensiv f\u00fcr &hellip; <\/p>\n<p class=\"link-more\"><a href=\"http:\/\/wordpress.gurbuz.net\/?p=183256\" class=\"more-link\"><span class=\"screen-reader-text\">\u201eMein schlauer Freund, WIE hat sich die Au\u00dfenpolitik dieses Lands NACH Schr\u00f6der entwickelt, besonderes Augenmerk gilt nat\u00fcrlich dieser feministischen Au\u00dfenpolitik ABER auch zur zeiten von A. Merkel, so ab \u201eMitte\u201c ihrer Amtszeit. Auch DAS solltest du ber\u00fccksichtigen DAS sie sich mehr der Au\u00dfenpolitik zugewendet hat als DER Innenpolitik WAS ja zu ihren \u201eeigentlichen\u201c aufgaben geh\u00f6rte. Das war der erste Teil meiner Frage\u2026 Der Zweite auch WENN ich absolut NICHTS von ihm halte, von seiner \u201eF\u00fchrung\u201c der Scheintote (letztens hat er sich mal zu Worte gemeldet als w\u00e4re er ein \u2026) mal abgesehen davon.. Im Moment sehe ich au\u00dfer ihm und man wei\u00df wie ich zu ihm stehe dem S\u00f6der niemanden der eine einigerma\u00dfen vern\u00fcnftige innen und au\u00dfen und Friedenspolitik f\u00fchren k\u00f6nnte. AUCH dieser Verteidigungsminister hat sich als \u201efalscher F\u00fcnfziger\u201c erwiesen. Was sagt du dazu?\u201c<\/span> weiterlesen<\/a><\/p>\n","protected":false},"author":1,"featured_media":0,"comment_status":"open","ping_status":"open","sticky":false,"template":"","format":"standard","meta":[],"categories":[1],"tags":[],"_links":{"self":[{"href":"http:\/\/wordpress.gurbuz.net\/index.php?rest_route=\/wp\/v2\/posts\/183256"}],"collection":[{"href":"http:\/\/wordpress.gurbuz.net\/index.php?rest_route=\/wp\/v2\/posts"}],"about":[{"href":"http:\/\/wordpress.gurbuz.net\/index.php?rest_route=\/wp\/v2\/types\/post"}],"author":[{"embeddable":true,"href":"http:\/\/wordpress.gurbuz.net\/index.php?rest_route=\/wp\/v2\/users\/1"}],"replies":[{"embeddable":true,"href":"http:\/\/wordpress.gurbuz.net\/index.php?rest_route=%2Fwp%2Fv2%2Fcomments&post=183256"}],"version-history":[{"count":12,"href":"http:\/\/wordpress.gurbuz.net\/index.php?rest_route=\/wp\/v2\/posts\/183256\/revisions"}],"predecessor-version":[{"id":183270,"href":"http:\/\/wordpress.gurbuz.net\/index.php?rest_route=\/wp\/v2\/posts\/183256\/revisions\/183270"}],"wp:attachment":[{"href":"http:\/\/wordpress.gurbuz.net\/index.php?rest_route=%2Fwp%2Fv2%2Fmedia&parent=183256"}],"wp:term":[{"taxonomy":"category","embeddable":true,"href":"http:\/\/wordpress.gurbuz.net\/index.php?rest_route=%2Fwp%2Fv2%2Fcategories&post=183256"},{"taxonomy":"post_tag","embeddable":true,"href":"http:\/\/wordpress.gurbuz.net\/index.php?rest_route=%2Fwp%2Fv2%2Ftags&post=183256"}],"curies":[{"name":"wp","href":"https:\/\/api.w.org\/{rel}","templated":true}]}}