{"id":182250,"date":"2024-09-06T19:29:09","date_gmt":"2024-09-06T19:29:09","guid":{"rendered":"http:\/\/wordpress.gurbuz.net\/?p=182250"},"modified":"2024-09-06T19:29:09","modified_gmt":"2024-09-06T19:29:09","slug":"afd-wahlerfolge-menschen-mit-migrationshintergrund-denken-ueber-wegzug-aus-der-heimat-nach-5-std","status":"publish","type":"post","link":"http:\/\/wordpress.gurbuz.net\/?p=182250","title":{"rendered":"&#8222;AfD-Wahlerfolge: Menschen mit Migrationshintergrund denken \u00fcber Wegzug aus der Heimat nach 5 Std.&#8220;"},"content":{"rendered":"<p><img src=\"https:\/\/img-s-msn-com.akamaized.net\/tenant\/amp\/entityid\/AA1q7unI.img?w=768&#038;h=432&#038;m=6&#038;x=668&#038;y=466&#038;s=66&#038;d=66\" alt=\"\" \/><\/p>\n<p>&#8222;Die AfD gewinnt in den Ostl\u00e4ndern weiter an St\u00e4rke. Bundesweit versch\u00e4rfen sich die Debatten \u00fcber eine strengere Migrationspolitik. Was macht das mit den in Deutschland lebenden Menschen mit Migrationshintergrund? Laut einer am Freitag ver\u00f6ffentlichten Studie des Deutschen Zentrums f\u00fcr Integrations- und Migrationsforschung (DeZIM) denken viele \u00fcber eine Auswanderung nach \u2013 oder einen Wechsel des Bundeslandes.<\/p>\n<p>DER SPIEGEL fasst die wichtigsten News des Tages f\u00fcr Sie zusammen: Was heute wirklich wichtig war &#8211; und was es bedeutet. Ihr t\u00e4gliches Newsletter-Update um 18 Uhr. Jetzt kostenfrei abonnieren.<br \/>\nDemnach spielen rund ein Viertel der Menschen mit Migrationshintergrund zumindest grunds\u00e4tzlich mit dem Gedanken, Deutschland zu verlassen. Bei denjenigen ohne Migrationshintergrund seien es immerhin knapp zw\u00f6lf Prozent. Bereits konkrete Pl\u00e4ne f\u00fcr eine Auswanderung haben demnach 9,3 Prozent der Befragten mit Migrationshintergrund. Bei den \u00fcbrigen Befragten seien dies 1,9 Prozent, grunds\u00e4tzliche \u00dcberlegungen f\u00fcr eine Auswanderung nannten hier 11,7 Prozent.&#8220;<\/p>\n<p>https:\/\/www.msn.com\/de-de\/nachrichten\/politik\/afd-wahlerfolge-menschen-mit-migrationshintergrund-denken-%C3%BCber-wegzug-aus-der-heimat-nach\/ar-AA1q7BxP?ocid=msedgntp&#038;pc=U531&#038;cvid=ab44d699eb634e4698e00f2317a43c57&#038;ei=40<\/p>\n<p>BIR&#8230;<br \/>\nHARF bile<\/p>\n","protected":false},"excerpt":{"rendered":"<p>&#8222;Die AfD gewinnt in den Ostl\u00e4ndern weiter an St\u00e4rke. Bundesweit versch\u00e4rfen sich die Debatten \u00fcber eine strengere Migrationspolitik. Was macht das mit den in Deutschland lebenden Menschen mit Migrationshintergrund? Laut einer am Freitag ver\u00f6ffentlichten Studie des Deutschen Zentrums f\u00fcr Integrations- und Migrationsforschung (DeZIM) denken viele \u00fcber eine Auswanderung nach \u2013 oder einen Wechsel des Bundeslandes. &hellip; <\/p>\n<p class=\"link-more\"><a href=\"http:\/\/wordpress.gurbuz.net\/?p=182250\" class=\"more-link\"><span class=\"screen-reader-text\">\u201e&#8222;AfD-Wahlerfolge: Menschen mit Migrationshintergrund denken \u00fcber Wegzug aus der Heimat nach 5 Std.&#8220;\u201c<\/span> weiterlesen<\/a><\/p>\n","protected":false},"author":1,"featured_media":0,"comment_status":"open","ping_status":"open","sticky":false,"template":"","format":"standard","meta":[],"categories":[1],"tags":[],"_links":{"self":[{"href":"http:\/\/wordpress.gurbuz.net\/index.php?rest_route=\/wp\/v2\/posts\/182250"}],"collection":[{"href":"http:\/\/wordpress.gurbuz.net\/index.php?rest_route=\/wp\/v2\/posts"}],"about":[{"href":"http:\/\/wordpress.gurbuz.net\/index.php?rest_route=\/wp\/v2\/types\/post"}],"author":[{"embeddable":true,"href":"http:\/\/wordpress.gurbuz.net\/index.php?rest_route=\/wp\/v2\/users\/1"}],"replies":[{"embeddable":true,"href":"http:\/\/wordpress.gurbuz.net\/index.php?rest_route=%2Fwp%2Fv2%2Fcomments&post=182250"}],"version-history":[{"count":1,"href":"http:\/\/wordpress.gurbuz.net\/index.php?rest_route=\/wp\/v2\/posts\/182250\/revisions"}],"predecessor-version":[{"id":182251,"href":"http:\/\/wordpress.gurbuz.net\/index.php?rest_route=\/wp\/v2\/posts\/182250\/revisions\/182251"}],"wp:attachment":[{"href":"http:\/\/wordpress.gurbuz.net\/index.php?rest_route=%2Fwp%2Fv2%2Fmedia&parent=182250"}],"wp:term":[{"taxonomy":"category","embeddable":true,"href":"http:\/\/wordpress.gurbuz.net\/index.php?rest_route=%2Fwp%2Fv2%2Fcategories&post=182250"},{"taxonomy":"post_tag","embeddable":true,"href":"http:\/\/wordpress.gurbuz.net\/index.php?rest_route=%2Fwp%2Fv2%2Ftags&post=182250"}],"curies":[{"name":"wp","href":"https:\/\/api.w.org\/{rel}","templated":true}]}}