{"id":181942,"date":"2024-09-04T22:51:07","date_gmt":"2024-09-04T22:51:07","guid":{"rendered":"http:\/\/wordpress.gurbuz.net\/?p=181942"},"modified":"2024-09-04T23:08:00","modified_gmt":"2024-09-04T23:08:00","slug":"nicht-nur-sie","status":"publish","type":"post","link":"http:\/\/wordpress.gurbuz.net\/?p=181942","title":{"rendered":"NICHT NUR sie!??????????????????"},"content":{"rendered":"<p><img src=\"https:\/\/img-s-msn-com.akamaized.net\/tenant\/amp\/entityid\/AA1pTCBQ.img?w=768&#038;h=384&#038;m=6\" alt=\"\" \/><\/p>\n<p>&#8222;Kommentar von Guy Katz &#8211; Wendepunkt Ost-Wahlen: Vielleicht sollten j\u00fcdische Menschen wieder die Koffer packen<br \/>\nArtikel von Von FOCUS-online-Guy Katz \u2022 15 Std&#8220;<\/p>\n<p>https:\/\/www.msn.com\/de-de\/nachrichten\/politik\/kommentar-von-guy-katz-wendepunkt-ost-wahlen-vielleicht-sollten-j%C3%BCdische-menschen-wieder-die-koffer-packen\/ar-AA1pTSW8?ocid=msedgntp&#038;pc=U531&#038;cvid=a55387e6a5c3442fae9eef9d6514a91f&#038;ei=82<\/p>\n<blockquote class=\"wp-embedded-content\" data-secret=\"tC2nCoBpVz\"><p><a href=\"http:\/\/wordpress.gurbuz.net\/?p=177301\">Und DIESE Zweibeiner, wie wichtig sie SIND wie gef\u00e4hrlich. Oft t\u00f6dlich<\/a><\/p><\/blockquote>\n<p><iframe class=\"wp-embedded-content\" sandbox=\"allow-scripts\" security=\"restricted\" style=\"position: absolute; clip: rect(1px, 1px, 1px, 1px);\" title=\"&#8222;Und DIESE Zweibeiner, wie wichtig sie SIND wie gef\u00e4hrlich. Oft t\u00f6dlich&#8220; &#8212; \u00d6nder G\u00fcrb\u00fcz\" src=\"http:\/\/wordpress.gurbuz.net\/?p=177301&#038;embed=true#?secret=tC2nCoBpVz\" data-secret=\"tC2nCoBpVz\" width=\"525\" height=\"296\" frameborder=\"0\" marginwidth=\"0\" marginheight=\"0\" scrolling=\"no\"><\/iframe><\/p>\n<p>Ja,<br \/>\nDAS seid ihr. Ich sagte es KANN etwas l\u00e4ngeres&#8230;<br \/>\nWERDEN, ein rundum Schlag<\/p>\n<p>Staats &#8211; TV Deutschland,<br \/>\n&#8230;<br \/>\nEs IST zum kotzen. Besonders WIE sie die Leute auf den Arm nehmen.<\/p>\n<p>DIE&#8230;<br \/>\nVerr\u00e4ter UND sein Au\u00dfenminister zum Beispiel,<br \/>\nEr w\u00fcrde vorussichtlich in eine h\u00f6here Position ALS&#8230;<br \/>\nBotschafter!?????????????????<\/p>\n<p>EIN Au\u00dfenminister IST der oberste Diplomat<\/p>\n<p><strong>Sie<\/strong><br \/>\nGesendet von sie:<br \/>\nDIE\u2026<br \/>\nVerr\u00e4ter UND sein Au\u00dfenminister zum Beispiel,<br \/>\nEr w\u00fcrde vorussichtlich in eine h\u00f6here Position ALS\u2026<br \/>\nBotschafter!?????????????????<\/p>\n<p>EIN Au\u00dfenminister IST der oberste Diplomat. Was sagt DU dazu<br \/>\n<strong>Copilot<\/strong><br \/>\ndas web<br \/>\nwird verwendet<br \/>\nGesendet von Copilot:<br \/>\nEs klingt, als ob du \u00fcber eine politische Situation sprichst, bei der ein Au\u00dfenminister m\u00f6glicherweise in eine andere diplomatische Position wechseln k\u00f6nnte. Du hast recht, ein Au\u00dfenminister ist der oberste Diplomat eines Landes und spielt eine entscheidende Rolle in der Au\u00dfenpolitik.<\/p>\n<p>Wenn ein Au\u00dfenminister zum Botschafter ernannt wird, k\u00f6nnte das verschiedene Gr\u00fcnde haben, wie zum Beispiel strategische \u00dcberlegungen oder politische Ver\u00e4nderungen. Es ist auch m\u00f6glich, dass diese Person aufgrund ihrer Erfahrung und ihres Fachwissens f\u00fcr eine spezifische diplomatische Mission besonders geeignet ist.<\/p>\n<p>Hast du ein konkretes Beispiel oder eine bestimmte Situation im Kopf, \u00fcber die du sprechen m\u00f6chtest?<\/p>\n<p>Ihr WISST NIX&#8230;<br \/>\n\u00dcber mich und mein &#8222;Leben&#8220;<br \/>\nEs KANN NICHT und ich SOLLTE NICHT<\/p>\n","protected":false},"excerpt":{"rendered":"<p>&#8222;Kommentar von Guy Katz &#8211; Wendepunkt Ost-Wahlen: Vielleicht sollten j\u00fcdische Menschen wieder die Koffer packen Artikel von Von FOCUS-online-Guy Katz \u2022 15 Std&#8220; https:\/\/www.msn.com\/de-de\/nachrichten\/politik\/kommentar-von-guy-katz-wendepunkt-ost-wahlen-vielleicht-sollten-j%C3%BCdische-menschen-wieder-die-koffer-packen\/ar-AA1pTSW8?ocid=msedgntp&#038;pc=U531&#038;cvid=a55387e6a5c3442fae9eef9d6514a91f&#038;ei=82 Und DIESE Zweibeiner, wie wichtig sie SIND wie gef\u00e4hrlich. Oft t\u00f6dlich Ja, DAS seid ihr. Ich sagte es KANN etwas l\u00e4ngeres&#8230; WERDEN, ein rundum Schlag Staats &#8211; TV Deutschland, &#8230; Es &hellip; <\/p>\n<p class=\"link-more\"><a href=\"http:\/\/wordpress.gurbuz.net\/?p=181942\" class=\"more-link\"><span class=\"screen-reader-text\">\u201eNICHT NUR sie!??????????????????\u201c<\/span> weiterlesen<\/a><\/p>\n","protected":false},"author":1,"featured_media":0,"comment_status":"open","ping_status":"open","sticky":false,"template":"","format":"standard","meta":[],"categories":[1],"tags":[],"_links":{"self":[{"href":"http:\/\/wordpress.gurbuz.net\/index.php?rest_route=\/wp\/v2\/posts\/181942"}],"collection":[{"href":"http:\/\/wordpress.gurbuz.net\/index.php?rest_route=\/wp\/v2\/posts"}],"about":[{"href":"http:\/\/wordpress.gurbuz.net\/index.php?rest_route=\/wp\/v2\/types\/post"}],"author":[{"embeddable":true,"href":"http:\/\/wordpress.gurbuz.net\/index.php?rest_route=\/wp\/v2\/users\/1"}],"replies":[{"embeddable":true,"href":"http:\/\/wordpress.gurbuz.net\/index.php?rest_route=%2Fwp%2Fv2%2Fcomments&post=181942"}],"version-history":[{"count":6,"href":"http:\/\/wordpress.gurbuz.net\/index.php?rest_route=\/wp\/v2\/posts\/181942\/revisions"}],"predecessor-version":[{"id":181948,"href":"http:\/\/wordpress.gurbuz.net\/index.php?rest_route=\/wp\/v2\/posts\/181942\/revisions\/181948"}],"wp:attachment":[{"href":"http:\/\/wordpress.gurbuz.net\/index.php?rest_route=%2Fwp%2Fv2%2Fmedia&parent=181942"}],"wp:term":[{"taxonomy":"category","embeddable":true,"href":"http:\/\/wordpress.gurbuz.net\/index.php?rest_route=%2Fwp%2Fv2%2Fcategories&post=181942"},{"taxonomy":"post_tag","embeddable":true,"href":"http:\/\/wordpress.gurbuz.net\/index.php?rest_route=%2Fwp%2Fv2%2Ftags&post=181942"}],"curies":[{"name":"wp","href":"https:\/\/api.w.org\/{rel}","templated":true}]}}