{"id":181691,"date":"2024-09-03T05:12:50","date_gmt":"2024-09-03T05:12:50","guid":{"rendered":"http:\/\/wordpress.gurbuz.net\/?p=181691"},"modified":"2024-09-03T05:24:42","modified_gmt":"2024-09-03T05:24:42","slug":"ltd-e-v-liberale-tuerkisch-deutsche-vereinigung","status":"publish","type":"post","link":"http:\/\/wordpress.gurbuz.net\/?p=181691","title":{"rendered":"LTD e.V. \u2013 Liberale T\u00fcrkisch-Deutsche Vereinigung"},"content":{"rendered":"<p>IN\u2026<br \/>\nErster LINIE h\u00f6rt auf zu GENDERN\u2026<br \/>\nEgal ob M\u00e4nnlein oder Weiblein WIRD SIND alle NUR Menschen,<br \/>\nH\u00f6rt auf zu Gendern!<\/p>\n<p>Ich hatte mal dar\u00fcber geschrieben<\/p>\n<p><a href=\"https:\/\/ltdverein.wordpress.com\/die-ltd-stellt-sich-vor\/\" rel=\"noopener\" target=\"_blank\">Gucks du<\/a><\/p>\n<p>Warum bin ich ihnen NICHT beigetreten?<br \/>\nNun\u2026<br \/>\nRelativ schnell habe ich begriffen. <\/p>\n<p>Liberalismus\u2026<br \/>\nFunktioniert NUR solange DAS System im Lot ist.<\/p>\n<p>WEDER die Konservativen, die Sozis\u2026<br \/>\nUnd die extremen R\u00e4nder schon gar nicht<br \/>\nNoch die Linken vertreten, K\u00d6NNEN mich vertreten!<\/p>\n<p>*<\/p>\n<p>Deutsche Imami?<br \/>\nMir WIRD schlecht<\/p>\n<p>IST wie mit\u2026<br \/>\nDIESER Seyran Ates\u2026<br \/>\nBeide Geschlechter im \u201eGottesdienst\u201c<br \/>\n\u2026<br \/>\nDER Hintern\u2026<br \/>\nVor meiner Nase, irgendwie sind wir alle NUR Menschen\u2026<br \/>\nEs geht\u2026<br \/>\nSchon Formel NICHT<\/p>\n<p>DIE Sprache&#8230;<br \/>\nMenschliche Sprachen UND ihre Feinheiten<\/p>\n<blockquote class=\"wp-embedded-content\" data-secret=\"9jluuRcCs0\"><p><a href=\"http:\/\/wordpress.gurbuz.net\/?p=177053\">12 Milliarden neu Investition. Lasst mich; MICH nicht auskotzen. Als w\u00e4ren sie DIE EINZIGEN sage nur BASF und so weiter<\/a><\/p><\/blockquote>\n<p><iframe class=\"wp-embedded-content\" sandbox=\"allow-scripts\" security=\"restricted\" style=\"position: absolute; clip: rect(1px, 1px, 1px, 1px);\" title=\"&#8222;12 Milliarden neu Investition. Lasst mich; MICH nicht auskotzen. Als w\u00e4ren sie DIE EINZIGEN sage nur BASF und so weiter&#8220; &#8212; \u00d6nder G\u00fcrb\u00fcz\" src=\"http:\/\/wordpress.gurbuz.net\/?p=177053&#038;embed=true#?secret=9jluuRcCs0\" data-secret=\"9jluuRcCs0\" width=\"525\" height=\"296\" frameborder=\"0\" marginwidth=\"0\" marginheight=\"0\" scrolling=\"no\"><\/iframe><\/p>\n<p>Ah DAS,<br \/>\nSowie so<\/p>\n<p>###########<br \/>\n###########<br \/>\n###########<\/p>\n<blockquote class=\"wp-embedded-content\" data-secret=\"X7ay8JIULF\"><p><a href=\"http:\/\/wordpress.gurbuz.net\/?p=158911\">### !!! &gt;&gt;&gt; \u201c\u00dcst kimlik\u201d meselesi, BENZERI Almanya\u2019da vaktim olursa SONRA. Yapay \u201czek\u00e2m\u0131\u015f\u201d SOKARIM b\u00f6yle zek\u00e2ya  &lt;&lt;&lt; !!! ###<\/a><\/p><\/blockquote>\n<p><iframe class=\"wp-embedded-content\" sandbox=\"allow-scripts\" security=\"restricted\" style=\"position: absolute; clip: rect(1px, 1px, 1px, 1px);\" title=\"&#8222;### !!! &gt;&gt;&gt; \u201c\u00dcst kimlik\u201d meselesi, BENZERI Almanya\u2019da vaktim olursa SONRA. Yapay \u201czek\u00e2m\u0131\u015f\u201d SOKARIM b\u00f6yle zek\u00e2ya  &lt;&lt;&lt; !!! ###&#8220; &#8212; \u00d6nder G\u00fcrb\u00fcz\" src=\"http:\/\/wordpress.gurbuz.net\/?p=158911&#038;embed=true#?secret=X7ay8JIULF\" data-secret=\"X7ay8JIULF\" width=\"525\" height=\"296\" frameborder=\"0\" marginwidth=\"0\" marginheight=\"0\" scrolling=\"no\"><\/iframe><\/p>\n","protected":false},"excerpt":{"rendered":"<p>IN\u2026 Erster LINIE h\u00f6rt auf zu GENDERN\u2026 Egal ob M\u00e4nnlein oder Weiblein WIRD SIND alle NUR Menschen, H\u00f6rt auf zu Gendern! Ich hatte mal dar\u00fcber geschrieben Gucks du Warum bin ich ihnen NICHT beigetreten? Nun\u2026 Relativ schnell habe ich begriffen. Liberalismus\u2026 Funktioniert NUR solange DAS System im Lot ist. WEDER die Konservativen, die Sozis\u2026 Und &hellip; <\/p>\n<p class=\"link-more\"><a href=\"http:\/\/wordpress.gurbuz.net\/?p=181691\" class=\"more-link\"><span class=\"screen-reader-text\">\u201eLTD e.V. \u2013 Liberale T\u00fcrkisch-Deutsche Vereinigung\u201c<\/span> weiterlesen<\/a><\/p>\n","protected":false},"author":1,"featured_media":0,"comment_status":"open","ping_status":"open","sticky":false,"template":"","format":"standard","meta":[],"categories":[1],"tags":[],"_links":{"self":[{"href":"http:\/\/wordpress.gurbuz.net\/index.php?rest_route=\/wp\/v2\/posts\/181691"}],"collection":[{"href":"http:\/\/wordpress.gurbuz.net\/index.php?rest_route=\/wp\/v2\/posts"}],"about":[{"href":"http:\/\/wordpress.gurbuz.net\/index.php?rest_route=\/wp\/v2\/types\/post"}],"author":[{"embeddable":true,"href":"http:\/\/wordpress.gurbuz.net\/index.php?rest_route=\/wp\/v2\/users\/1"}],"replies":[{"embeddable":true,"href":"http:\/\/wordpress.gurbuz.net\/index.php?rest_route=%2Fwp%2Fv2%2Fcomments&post=181691"}],"version-history":[{"count":6,"href":"http:\/\/wordpress.gurbuz.net\/index.php?rest_route=\/wp\/v2\/posts\/181691\/revisions"}],"predecessor-version":[{"id":181697,"href":"http:\/\/wordpress.gurbuz.net\/index.php?rest_route=\/wp\/v2\/posts\/181691\/revisions\/181697"}],"wp:attachment":[{"href":"http:\/\/wordpress.gurbuz.net\/index.php?rest_route=%2Fwp%2Fv2%2Fmedia&parent=181691"}],"wp:term":[{"taxonomy":"category","embeddable":true,"href":"http:\/\/wordpress.gurbuz.net\/index.php?rest_route=%2Fwp%2Fv2%2Fcategories&post=181691"},{"taxonomy":"post_tag","embeddable":true,"href":"http:\/\/wordpress.gurbuz.net\/index.php?rest_route=%2Fwp%2Fv2%2Ftags&post=181691"}],"curies":[{"name":"wp","href":"https:\/\/api.w.org\/{rel}","templated":true}]}}