{"id":181525,"date":"2024-09-01T14:08:13","date_gmt":"2024-09-01T14:08:13","guid":{"rendered":"http:\/\/wordpress.gurbuz.net\/?p=181525"},"modified":"2024-09-01T14:18:16","modified_gmt":"2024-09-01T14:18:16","slug":"degerli-okurlarim-degerli-vatanin-insanlari-guezel-tuerkiye","status":"publish","type":"post","link":"http:\/\/wordpress.gurbuz.net\/?p=181525","title":{"rendered":"De\u011ferli okurlar\u0131m, de\u011ferli vatan\u0131n insanlar\u0131. G\u00fczel T\u00fcrkiye"},"content":{"rendered":"<p>Baz\u0131 \u015feyleri yazar \u00e7izerim\u2026<br \/>\nKimi \u015feyleri vurgular bir\u00e7ok \u015feyi es ge\u00e7erim\u2026<br \/>\nAMA\u2026<br \/>\nBir \u015feyi HEP vurgulamaya \u00e7al\u0131\u015fm\u0131\u015f\u0131md\u0131r. Bug\u00fcn yay\u0131nlad\u0131\u011f\u0131m bir \u015fey\u2026<br \/>\nGeneti\u011fi de\u011fi\u015ftirilmi\u015f \u00fcr\u00fcnler,<br \/>\nIKI\u2026<br \/>\nTekrar 2 kademe birden atlad\u0131m\u2026<br \/>\nYaaa \u00f6l\u00fcmden korksam yazmam, hay\u0131r bu gibi \u015feyleri yay\u0131nlamam\u0131n BIR NEDENI var\u2026<br \/>\nAnla diye\u2026<br \/>\nBIZ\u2026<br \/>\nBirbirimizi yedi\u011fimiz s\u00fcrece\u2026<br \/>\nKimileri mal\u0131 g\u00f6t\u00fcr\u00fcyor, g\u00fcn\u00fcn\u00fc g\u00fcn ediyor\u2026<br \/>\nServetine\u2026<br \/>\nSERVET KATIYOR, bizler ise\u2026<br \/>\n\u00d6ld\u00fc\u011f\u00fcm\u00fcz ile kal\u0131yoruz. Sevdiklerimiz ser sefil\u2026<br \/>\nPeri\u015fan\u2026<br \/>\nBir \u00f6m\u00fcr u\u011fra\u015f\u0131p ta\u015f \u00fcst\u00fcne ta\u015f koyduklar\u0131m\u0131z\u2026<br \/>\nHEBA<\/p>\n<p>Tayyip orospusu\u2026<br \/>\n\u0130ster i\u00e7eriden ister d\u0131\u015far\u0131dan\u2026<br \/>\nB\u00d6L\u2026<br \/>\nVe Y\u00d6NET oldum olas\u0131 i\u015flevini g\u00f6ren\u2026<br \/>\nBir olgu<\/p>\n<p><strong>Ve bu s\u00f6zlerim salt T\u00fcrkiye i\u00e7in ge\u00e7erli de\u011fildir<\/strong><\/p>\n<p>BAK\u2026<br \/>\nYugoslavya\u2019ya, BAK Rusya\u2019ya\u2026<br \/>\n\u00c7ok yak\u0131nda Venezuela?<br \/>\nKESIN\u2026<br \/>\nG\u00fcney Amerikada\u2026<br \/>\nBak bize,<br \/>\nK\u00fcrd\u00fc \u2013 T\u00fcrk\u00fc m\u00fc var, ba\u015fka bir etnik kimlik?<\/p>\n<p>Hepimiz bu \u00fclkenin evlatlar\u0131 de\u011fil miyiz?<br \/>\n \u00d6lenlerimiz\u2026<br \/>\nBIZLERIN canlar\u0131 de\u011fil mi?<\/p>\n<p>VAR MI ULAN\u2026<br \/>\nM\u00fcsl\u00fcman\u0131, Hristiyan\u2019\u0131 \u2013 Musevi\u2019si\u2026<br \/>\nNe yazar KITABIMIZDA\u2026<br \/>\nNe yaz\u0131yor ya???<\/p>\n<p>HEPIMIZIN\u2026<br \/>\nYaratan\u0131 bir de\u011fil mi, Hava anam\u0131z\u2026<br \/>\nAnam\u0131z, \u00c2dem babam\u0131z\u2026<br \/>\nHepimizin babas\u0131 de\u011fil mi?<\/p>\n<p>Ka\u00e7 tane D\u00fcnya var Samanyolunda\u2026<br \/>\nKa\u00e7\u2026<br \/>\nT\u00fcrkiye bu d\u00fcnyada?<\/p>\n<p>Timur M\u00fcsl\u00fcman m\u0131yd\u0131?<br \/>\nSiiiktir oradan ADI dinci<\/p>\n","protected":false},"excerpt":{"rendered":"<p>Baz\u0131 \u015feyleri yazar \u00e7izerim\u2026 Kimi \u015feyleri vurgular bir\u00e7ok \u015feyi es ge\u00e7erim\u2026 AMA\u2026 Bir \u015feyi HEP vurgulamaya \u00e7al\u0131\u015fm\u0131\u015f\u0131md\u0131r. Bug\u00fcn yay\u0131nlad\u0131\u011f\u0131m bir \u015fey\u2026 Geneti\u011fi de\u011fi\u015ftirilmi\u015f \u00fcr\u00fcnler, IKI\u2026 Tekrar 2 kademe birden atlad\u0131m\u2026 Yaaa \u00f6l\u00fcmden korksam yazmam, hay\u0131r bu gibi \u015feyleri yay\u0131nlamam\u0131n BIR NEDENI var\u2026 Anla diye\u2026 BIZ\u2026 Birbirimizi yedi\u011fimiz s\u00fcrece\u2026 Kimileri mal\u0131 g\u00f6t\u00fcr\u00fcyor, g\u00fcn\u00fcn\u00fc g\u00fcn ediyor\u2026 Servetine\u2026 &hellip; <\/p>\n<p class=\"link-more\"><a href=\"http:\/\/wordpress.gurbuz.net\/?p=181525\" class=\"more-link\"><span class=\"screen-reader-text\">\u201eDe\u011ferli okurlar\u0131m, de\u011ferli vatan\u0131n insanlar\u0131. G\u00fczel T\u00fcrkiye\u201c<\/span> weiterlesen<\/a><\/p>\n","protected":false},"author":1,"featured_media":0,"comment_status":"open","ping_status":"open","sticky":false,"template":"","format":"standard","meta":[],"categories":[1],"tags":[],"_links":{"self":[{"href":"http:\/\/wordpress.gurbuz.net\/index.php?rest_route=\/wp\/v2\/posts\/181525"}],"collection":[{"href":"http:\/\/wordpress.gurbuz.net\/index.php?rest_route=\/wp\/v2\/posts"}],"about":[{"href":"http:\/\/wordpress.gurbuz.net\/index.php?rest_route=\/wp\/v2\/types\/post"}],"author":[{"embeddable":true,"href":"http:\/\/wordpress.gurbuz.net\/index.php?rest_route=\/wp\/v2\/users\/1"}],"replies":[{"embeddable":true,"href":"http:\/\/wordpress.gurbuz.net\/index.php?rest_route=%2Fwp%2Fv2%2Fcomments&post=181525"}],"version-history":[{"count":4,"href":"http:\/\/wordpress.gurbuz.net\/index.php?rest_route=\/wp\/v2\/posts\/181525\/revisions"}],"predecessor-version":[{"id":181529,"href":"http:\/\/wordpress.gurbuz.net\/index.php?rest_route=\/wp\/v2\/posts\/181525\/revisions\/181529"}],"wp:attachment":[{"href":"http:\/\/wordpress.gurbuz.net\/index.php?rest_route=%2Fwp%2Fv2%2Fmedia&parent=181525"}],"wp:term":[{"taxonomy":"category","embeddable":true,"href":"http:\/\/wordpress.gurbuz.net\/index.php?rest_route=%2Fwp%2Fv2%2Fcategories&post=181525"},{"taxonomy":"post_tag","embeddable":true,"href":"http:\/\/wordpress.gurbuz.net\/index.php?rest_route=%2Fwp%2Fv2%2Ftags&post=181525"}],"curies":[{"name":"wp","href":"https:\/\/api.w.org\/{rel}","templated":true}]}}