{"id":180935,"date":"2024-08-27T08:12:47","date_gmt":"2024-08-27T08:12:47","guid":{"rendered":"http:\/\/wordpress.gurbuz.net\/?p=180935"},"modified":"2024-08-27T08:20:37","modified_gmt":"2024-08-27T08:20:37","slug":"iyi-degilim-bir-guen-bu-gibi-hatalar-af-edilmez-hatalar-oeluemuem-olacak","status":"publish","type":"post","link":"http:\/\/wordpress.gurbuz.net\/?p=180935","title":{"rendered":"Iyi de\u011filim, bir g\u00fcn bu gibi \u201chatalar\u201d af EDILMEZ \u201cHATALAR\u201d \u00f6l\u00fcm\u00fcm olacak"},"content":{"rendered":"<p>\u00d6nderrrrrrrrrrrrrrrrrrrrrr<br \/>\nYAT&#8230;<br \/>\nGeber<\/p>\n<p>Allahs\u0131zlar\u2026<br \/>\nO kadar dedim\u2026<br \/>\n\u0130kisine de sosyal medya BOK P\u00dcS\u00dcR\u2026<br \/>\n<strong>CEP<\/strong>&#8230;<br \/>\n\u2026<br \/>\nOfffffffffffff \u00d6nder\u2026<br \/>\nNe yapt\u0131n sen?<\/p>\n<p>Ger\u00e7ekten iyi de\u011filim, bu gibi \u015feyler benim i\u015flerim de\u011fil\u2026<br \/>\nARTIK\u2026<br \/>\nAylard\u0131r, senelerdir g.t\u00fcm\u00fc toplayam\u0131yorum<\/p>\n<p>Allahtan siyasi de\u011fil,<br \/>\nSanm\u0131yorum ANCAK hi\u00e7 belli olmaz.<\/p>\n<p>I\u015fin yoksa T\u00dcM \u015fifreleri de\u011fi\u015ftir, ba\u015fka i\u015fim yoktu benim. Neyse birka\u00e7 saat daha d\u00fckk\u00e2nday\u0131m\u2026<br \/>\nSonra eve, bug\u00fcn\u2026<br \/>\nT\u00dcM\u2026<br \/>\n\u015eifreleri de\u011fi\u015ftirmeliyim<\/p>\n","protected":false},"excerpt":{"rendered":"<p>\u00d6nderrrrrrrrrrrrrrrrrrrrrr YAT&#8230; Geber Allahs\u0131zlar\u2026 O kadar dedim\u2026 \u0130kisine de sosyal medya BOK P\u00dcS\u00dcR\u2026 CEP&#8230; \u2026 Offfffffffffff \u00d6nder\u2026 Ne yapt\u0131n sen? Ger\u00e7ekten iyi de\u011filim, bu gibi \u015feyler benim i\u015flerim de\u011fil\u2026 ARTIK\u2026 Aylard\u0131r, senelerdir g.t\u00fcm\u00fc toplayam\u0131yorum Allahtan siyasi de\u011fil, Sanm\u0131yorum ANCAK hi\u00e7 belli olmaz. I\u015fin yoksa T\u00dcM \u015fifreleri de\u011fi\u015ftir, ba\u015fka i\u015fim yoktu benim. Neyse birka\u00e7 saat daha &hellip; <\/p>\n<p class=\"link-more\"><a href=\"http:\/\/wordpress.gurbuz.net\/?p=180935\" class=\"more-link\"><span class=\"screen-reader-text\">\u201eIyi de\u011filim, bir g\u00fcn bu gibi \u201chatalar\u201d af EDILMEZ \u201cHATALAR\u201d \u00f6l\u00fcm\u00fcm olacak\u201c<\/span> weiterlesen<\/a><\/p>\n","protected":false},"author":1,"featured_media":0,"comment_status":"open","ping_status":"open","sticky":false,"template":"","format":"standard","meta":[],"categories":[1],"tags":[],"_links":{"self":[{"href":"http:\/\/wordpress.gurbuz.net\/index.php?rest_route=\/wp\/v2\/posts\/180935"}],"collection":[{"href":"http:\/\/wordpress.gurbuz.net\/index.php?rest_route=\/wp\/v2\/posts"}],"about":[{"href":"http:\/\/wordpress.gurbuz.net\/index.php?rest_route=\/wp\/v2\/types\/post"}],"author":[{"embeddable":true,"href":"http:\/\/wordpress.gurbuz.net\/index.php?rest_route=\/wp\/v2\/users\/1"}],"replies":[{"embeddable":true,"href":"http:\/\/wordpress.gurbuz.net\/index.php?rest_route=%2Fwp%2Fv2%2Fcomments&post=180935"}],"version-history":[{"count":4,"href":"http:\/\/wordpress.gurbuz.net\/index.php?rest_route=\/wp\/v2\/posts\/180935\/revisions"}],"predecessor-version":[{"id":180939,"href":"http:\/\/wordpress.gurbuz.net\/index.php?rest_route=\/wp\/v2\/posts\/180935\/revisions\/180939"}],"wp:attachment":[{"href":"http:\/\/wordpress.gurbuz.net\/index.php?rest_route=%2Fwp%2Fv2%2Fmedia&parent=180935"}],"wp:term":[{"taxonomy":"category","embeddable":true,"href":"http:\/\/wordpress.gurbuz.net\/index.php?rest_route=%2Fwp%2Fv2%2Fcategories&post=180935"},{"taxonomy":"post_tag","embeddable":true,"href":"http:\/\/wordpress.gurbuz.net\/index.php?rest_route=%2Fwp%2Fv2%2Ftags&post=180935"}],"curies":[{"name":"wp","href":"https:\/\/api.w.org\/{rel}","templated":true}]}}