{"id":179412,"date":"2024-08-14T17:37:10","date_gmt":"2024-08-14T17:37:10","guid":{"rendered":"http:\/\/wordpress.gurbuz.net\/?p=179412"},"modified":"2024-08-15T12:19:24","modified_gmt":"2024-08-15T12:19:24","slug":"delay-of-replication","status":"publish","type":"post","link":"http:\/\/wordpress.gurbuz.net\/?p=179412","title":{"rendered":"Delay of replication"},"content":{"rendered":"<p>In dubio pro reo!???<br \/>\nNEIN!<\/p>\n<p><strong>In dubio pro libertate* <\/strong><\/p>\n<p><em><strong>Sie<\/strong><br \/>\nGesendet von sie:<br \/>\nThe Lancet Psychiatry,<br \/>\nErkl\u00e4re mein schlauer Freund FOLEGENDEN UMSTAND und SACHVERHALT:<br \/>\nLancet spricht von \u201eDelay of replication\u201c im Bezug auf DIE Jugend,<br \/>\nSei es Corona, die Kriege in der Welt\u2026<br \/>\nOder aber AUCH und gerade was die \u201eKlimakrise\u201c betrifft. Erkl\u00e4re so das es auch \u201eeinfache Menschen\u201c verstehen WIE zum Beispiel,<br \/>\nDIE\u2026<br \/>\nOnline Kids ticken?<br \/>\nWelchen psychologischen DRUCK und Gruppenzwang sie unterstehen<\/em><br \/>\n<strong>Copilot<\/strong><br \/>\ndas web<br \/>\nwird verwendet<br \/>\nAntworten f\u00fcr Sie werden generiert\u2026<\/p>\n<p>Gesendet von Copilot:<br \/>\nDer Begriff \u201eDelay of replication\u201c bezieht sich auf die Verz\u00f6gerung oder das Aufschieben von wichtigen Lebensereignissen und Entwicklungsstufen bei Jugendlichen aufgrund \u00e4u\u00dferer Umst\u00e4nde wie der Corona-Pandemie, Kriegen und der Klimakrise12. Diese Verz\u00f6gerungen k\u00f6nnen erhebliche Auswirkungen auf die psychische Gesundheit und das Wohlbefinden junger Menschen haben.<\/p>\n<p>Corona-Pandemie: Die Pandemie hat viele Jugendliche isoliert und ihre sozialen Kontakte eingeschr\u00e4nkt. Dies f\u00fchrte zu einem Anstieg von Angstzust\u00e4nden und Depressionen2. Der st\u00e4ndige Wechsel zwischen Online- und Pr\u00e4senzunterricht sowie die Unsicherheit \u00fcber die Zukunft haben zus\u00e4tzlichen Stress verursacht2.<\/p>\n<p>Kriege und Konflikte: Nachrichten \u00fcber Kriege und Konflikte k\u00f6nnen bei Jugendlichen Angst und Unsicherheit ausl\u00f6sen. Sie f\u00fchlen sich oft hilflos und \u00fcberfordert von den negativen Nachrichten, die sie t\u00e4glich erreichen2.<\/p>\n<p>Klimakrise: Die st\u00e4ndige Berichterstattung \u00fcber die Klimakrise und ihre potenziell katastrophalen Folgen kann bei Jugendlichen zu einem Gef\u00fchl der Hoffnungslosigkeit f\u00fchren. Viele junge Menschen f\u00fchlen sich verantwortlich, aber gleichzeitig machtlos, etwas zu \u00e4ndern2.<\/p>\n<p>Psychologischer Druck und Gruppenzwang: Jugendliche, die viel Zeit online verbringen, sind oft einem hohen sozialen Druck ausgesetzt. Sie vergleichen sich st\u00e4ndig mit anderen und f\u00fchlen sich gezwungen, bestimmten Erwartungen zu entsprechen. Dies kann zu einem starken Gruppenzwang f\u00fchren, der ihre psychische Gesundheit beeintr\u00e4chtigt2.<\/p>\n<p>Zusammengefasst stehen Jugendliche heute vor vielen Herausforderungen, die ihre Entwicklung und ihr Wohlbefinden beeinflussen. Es ist wichtig, dass sie Unterst\u00fctzung und Verst\u00e4ndnis erhalten, um diese schwierigen Zeiten zu bew\u00e4ltigen.<\/p>\n<p>Hast du noch weitere Fragen oder m\u00f6chtest du mehr \u00fcber ein bestimmtes Thema erfahren?<\/p>\n<p><a href=\"https:\/\/www.srf.ch\/play\/tv\/dok\/video\/jugendliche-unter-druck----wie-corona-krieg-und-klimakrise-jungen-menschen-zusetzen?urn=urn:srf:video:f9137441-55cd-48c1-8526-94ce3be8fe00\" target=\"_blank\" rel=\"noopener\">Ich w\u00fcrde,<strong> HABE ich einen Punkt gesetzt? NEIN es WIRD noch so einiges KOMMEN AMErICa<\/strong><\/a><\/p>\n<p><em><strong>Sie<\/strong><br \/>\nGesendet von sie:<br \/>\nDER Kursker Bogen, Deckname\u2026<br \/>\nUnternehmen Zitadelle. Erz\u00e4hle<\/em><br \/>\n<strong>Copilot<\/strong><br \/>\ndas web<br \/>\nwird verwendet<br \/>\nUnternehmen Zitadelle war der Deckname f\u00fcr eine deutsche Gro\u00dfoffensive w\u00e4hrend des Zweiten Weltkriegs, die vom 5. bis 16. Juli 1943 stattfand. Ziel war es, durch einen Zangenangriff auf den sowjetischen Frontbogen um die Stadt Kursk mehrere Verb\u00e4nde der Roten Armee einzukesseln und zu zerschlagen12.<\/p>\n<p>Die Schlacht um Kursk, auch bekannt als Schlacht im Kursker Bogen, gilt als eine der gr\u00f6\u00dften Landschlachten und Luftschlachten der Geschichte. Es war die letzte gro\u00dfr\u00e4umige Angriffsoperation der Wehrmacht im Krieg gegen die Sowjetunion1. Trotz der massiven deutschen Angriffe konnten die sowjetischen Truppen die Offensive abwehren und eine Gegenoffensive einleiten, was letztlich zum \u00dcbergang der Initiative an die Rote Armee f\u00fchrte12.<\/p>\n<p>Hast du eine spezielle Frage zu diesem Thema oder m\u00f6chtest du mehr \u00fcber einen bestimmten Aspekt erfahren?<\/p>\n<p><em><strong>Sie<\/strong><br \/>\nGesendet von sie:<br \/>\nEs war und meine es IST immer noch DIE gr\u00f6\u00dfte Panzerschlacht die diese verfickte Welt gesehen hat. Kl\u00e4re uns auf<\/em><br \/>\n<strong>Copilot<\/strong><br \/>\ndas web<br \/>\nwird verwendet<br \/>\nAntworten f\u00fcr Sie werden generiert\u2026<\/p>\n<p>Gesendet von Copilot:<br \/>\nDie Schlacht im Kursker Bogen wird oft als die gr\u00f6\u00dfte Panzerschlacht der Geschichte bezeichnet. Sie fand im Juli 1943 statt und war ein entscheidender Wendepunkt im Zweiten Weltkrieg. Hier sind einige wichtige Punkte:<\/p>\n<p>Beteiligte Kr\u00e4fte: Auf deutscher Seite standen etwa 900.000 Soldaten, 2.700 Panzer und 2.000 Flugzeuge. Die sowjetischen Streitkr\u00e4fte hatten etwa 1,3 Millionen Soldaten, 3.600 Panzer und 2.400 Flugzeuge.<br \/>\nVerlauf der Schlacht: Die Deutschen starteten ihre Offensive am 5. Juli 1943. Trotz anf\u00e4nglicher Erfolge stie\u00dfen sie auf heftigen Widerstand. Die sowjetischen Verteidigungsstellungen waren tief gestaffelt und gut vorbereitet.<br \/>\nEntscheidende Gefechte: Eines der bekanntesten Gefechte war die Schlacht bei Prochorowka am 12. Juli 1943, wo hunderte Panzer auf beiden Seiten aufeinandertrafen.<br \/>\nErgebnis: Die deutsche Offensive scheiterte, und die Rote Armee ging in die Gegenoffensive \u00fcber. Dies markierte den Beginn einer Reihe von sowjetischen Siegen, die letztlich zur Niederlage Deutschlands f\u00fchrten.<br \/>\nDie Schlacht im Kursker Bogen zeigte die Bedeutung von Panzerkr\u00e4ften und Luftunterst\u00fctzung in modernen Kriegen und war ein entscheidender Moment im Verlauf des Zweiten Weltkriegs.<\/p>\n<p>Gibt es noch etwas Spezielles, das du wissen m\u00f6chtest?<\/p>\n<p><em><strong>Sie<\/strong><br \/>\nGesendet von sie:<br \/>\nKampferprobt,<br \/>\nWAS hei\u00dft das milit\u00e4risch UND WELCHE Bedeutung haben kampferprobte Soldaten. Im Gegensatz zu solchen Kr\u00e4ften HABEN Spezialeinheiten welchen WICHTIGEN kampfwert noch<\/em><br \/>\n<strong>Copilot<\/strong><br \/>\ndas web<br \/>\nwird verwendet<br \/>\nAntworten f\u00fcr Sie werden generiert\u2026<\/p>\n<p>Gesendet von Copilot:<br \/>\nKampferprobt bedeutet milit\u00e4risch, dass jemand durch tats\u00e4chliche Kampferfahrungen getestet und bew\u00e4hrt ist12. Kampferprobte Soldaten haben also bereits an realen Gefechten teilgenommen und dabei wertvolle Erfahrungen gesammelt, die sie in zuk\u00fcnftigen Eins\u00e4tzen nutzen k\u00f6nnen. Diese Erfahrungen machen sie oft widerstandsf\u00e4higer und effektiver im Kampf2.<\/p>\n<p>Spezialeinheiten hingegen haben neben ihrer Kampferfahrung oft auch eine spezialisierte Ausbildung und Ausr\u00fcstung, die sie f\u00fcr besondere Missionen qualifiziert. Sie sind in der Regel f\u00fcr komplexe und risikoreiche Operationen wie Geiselbefreiungen, Aufkl\u00e4rung hinter feindlichen Linien oder Terrorismusbek\u00e4mpfung ausgebildet2. Ihr wichtiger Kampfwert liegt in ihrer F\u00e4higkeit, pr\u00e4zise und schnell auf spezielle Bedrohungen zu reagieren, oft unter extremen Bedingungen und mit hoher Erfolgsquote2.<\/p>\n<p>Hast du Interesse an einem bestimmten Aspekt der milit\u00e4rischen Ausbildung oder Eins\u00e4tze?<\/p>\n<p><em><strong>Sie<\/strong><br \/>\nGesendet von sie:<br \/>\nKommt noch mein schlauer Freund, muss hier einiges klarstellen und einigen einiges verklickern<\/em><br \/>\n<strong>Copilot<\/strong><br \/>\ndas web<br \/>\nwird verwendet<br \/>\nAntworten f\u00fcr Sie werden generiert\u2026<\/p>\n<p>Gesendet von Copilot:<br \/>\nKlingt, als ob du einiges auf dem Herzen hast! Was m\u00f6chtest du genau klarstellen oder verklickern? Vielleicht kann ich dir dabei helfen. \ud83d\ude42<\/p>\n<p><em><strong>Sie<\/strong><br \/>\nGesendet von sie:<br \/>\nSp\u00e4ter \ud83d\ude09<\/em><br \/>\n<strong>Copilot<\/strong><br \/>\ndas web<br \/>\nwird verwendet<br \/>\nAntworten f\u00fcr Sie werden generiert\u2026<\/p>\n<p>Gesendet von Copilot:<br \/>\nAlles klar, ich bin hier, wenn du bereit bist! \ud83d\ude42 Lass mich wissen, wenn du Hilfe brauchst oder etwas besprechen m\u00f6chtest. Bis sp\u00e4ter!<\/p>\n<p>* Der lateinische Satz In dubio pro libertate bedeutet \u00fcbersetzt Im Zweifel f\u00fcr die Freiheit<\/p>\n<p>*<\/p>\n<p>I think we have understood each other, I hope so!<\/p>\n<p><a href=\"http:\/\/www.gurbuz.net\/Yeni\/Screenshot 2024-08-14 194212.jpg\" target=\"_blank\" rel=\"noopener\">???<\/a><\/p>\n<blockquote class=\"wp-embedded-content\" data-secret=\"jyuSGf8SoK\"><p><a href=\"http:\/\/wordpress.gurbuz.net\/?p=156913\">Schulfach \u201eFit for Live\u201c<\/a><\/p><\/blockquote>\n<p><iframe class=\"wp-embedded-content\" sandbox=\"allow-scripts\" security=\"restricted\" style=\"position: absolute; clip: rect(1px, 1px, 1px, 1px);\" title=\"&#8222;Schulfach \u201eFit for Live\u201c&#8220; &#8212; \u00d6nder G\u00fcrb\u00fcz\" src=\"http:\/\/wordpress.gurbuz.net\/?p=156913&#038;embed=true#?secret=jyuSGf8SoK\" data-secret=\"jyuSGf8SoK\" width=\"525\" height=\"296\" frameborder=\"0\" marginwidth=\"0\" marginheight=\"0\" scrolling=\"no\"><\/iframe><\/p>\n<p>Ja es hat auch etwas damit zutun was ich noch schreiben WERDE,<br \/>\nSusi und Strolch\u2026<br \/>\nUnd so<\/p>\n<blockquote class=\"wp-embedded-content\" data-secret=\"5fu3onsng2\"><p><a href=\"http:\/\/wordpress.gurbuz.net\/?p=174491\">Was sie alles \u00fcber mich wissen wollen, ich BIN erstaunt. WAS mich \u201einspiriert\u201c hat?<\/a><\/p><\/blockquote>\n<p><iframe class=\"wp-embedded-content\" sandbox=\"allow-scripts\" security=\"restricted\" style=\"position: absolute; clip: rect(1px, 1px, 1px, 1px);\" title=\"&#8222;Was sie alles \u00fcber mich wissen wollen, ich BIN erstaunt. WAS mich \u201einspiriert\u201c hat?&#8220; &#8212; \u00d6nder G\u00fcrb\u00fcz\" src=\"http:\/\/wordpress.gurbuz.net\/?p=174491&#038;embed=true#?secret=5fu3onsng2\" data-secret=\"5fu3onsng2\" width=\"525\" height=\"296\" frameborder=\"0\" marginwidth=\"0\" marginheight=\"0\" scrolling=\"no\"><\/iframe><\/p>\n<p><img src=\"http:\/\/www.gurbuz.net\/Yeni\/Screenshot 2024-08-14 201559.jpg\" alt=\"\" \/><\/p>\n<p>Diese INNEN was wei\u00df ich was,<br \/>\nUnd Compact<br \/>\n&#8222;Compact war eine rechtsextreme deutsche politische Monatszeitschrift. Chefredakteur war J\u00fcrgen Els\u00e4sser, Herausgeber der Kai Homilius Verlag.&#8220;<\/p>\n","protected":false},"excerpt":{"rendered":"<p>In dubio pro reo!??? NEIN! In dubio pro libertate* Sie Gesendet von sie: The Lancet Psychiatry, Erkl\u00e4re mein schlauer Freund FOLEGENDEN UMSTAND und SACHVERHALT: Lancet spricht von \u201eDelay of replication\u201c im Bezug auf DIE Jugend, Sei es Corona, die Kriege in der Welt\u2026 Oder aber AUCH und gerade was die \u201eKlimakrise\u201c betrifft. Erkl\u00e4re so das &hellip; <\/p>\n<p class=\"link-more\"><a href=\"http:\/\/wordpress.gurbuz.net\/?p=179412\" class=\"more-link\"><span class=\"screen-reader-text\">\u201eDelay of replication\u201c<\/span> weiterlesen<\/a><\/p>\n","protected":false},"author":1,"featured_media":0,"comment_status":"open","ping_status":"open","sticky":false,"template":"","format":"standard","meta":[],"categories":[1],"tags":[],"_links":{"self":[{"href":"http:\/\/wordpress.gurbuz.net\/index.php?rest_route=\/wp\/v2\/posts\/179412"}],"collection":[{"href":"http:\/\/wordpress.gurbuz.net\/index.php?rest_route=\/wp\/v2\/posts"}],"about":[{"href":"http:\/\/wordpress.gurbuz.net\/index.php?rest_route=\/wp\/v2\/types\/post"}],"author":[{"embeddable":true,"href":"http:\/\/wordpress.gurbuz.net\/index.php?rest_route=\/wp\/v2\/users\/1"}],"replies":[{"embeddable":true,"href":"http:\/\/wordpress.gurbuz.net\/index.php?rest_route=%2Fwp%2Fv2%2Fcomments&post=179412"}],"version-history":[{"count":14,"href":"http:\/\/wordpress.gurbuz.net\/index.php?rest_route=\/wp\/v2\/posts\/179412\/revisions"}],"predecessor-version":[{"id":179494,"href":"http:\/\/wordpress.gurbuz.net\/index.php?rest_route=\/wp\/v2\/posts\/179412\/revisions\/179494"}],"wp:attachment":[{"href":"http:\/\/wordpress.gurbuz.net\/index.php?rest_route=%2Fwp%2Fv2%2Fmedia&parent=179412"}],"wp:term":[{"taxonomy":"category","embeddable":true,"href":"http:\/\/wordpress.gurbuz.net\/index.php?rest_route=%2Fwp%2Fv2%2Fcategories&post=179412"},{"taxonomy":"post_tag","embeddable":true,"href":"http:\/\/wordpress.gurbuz.net\/index.php?rest_route=%2Fwp%2Fv2%2Ftags&post=179412"}],"curies":[{"name":"wp","href":"https:\/\/api.w.org\/{rel}","templated":true}]}}