{"id":17928,"date":"2019-01-27T16:04:08","date_gmt":"2019-01-27T16:04:08","guid":{"rendered":"http:\/\/wordpress.gurbuz.net\/?p=17928"},"modified":"2019-01-27T16:16:32","modified_gmt":"2019-01-27T16:16:32","slug":"bir-guelue-baris-icin","status":"publish","type":"post","link":"http:\/\/wordpress.gurbuz.net\/?p=17928","title":{"rendered":"BIR g\u00fcl, bar\u0131\u015f i\u00e7in"},"content":{"rendered":"<p>Ne kadar g\u00fczel ne kadar d\u00fc\u015f\u00fcnd\u00fcr\u00fcc\u00fc, duyguland\u0131r\u0131c\u0131\u2026<br \/>\nAu\u015fwitz (Auschwitz)\u2026<br \/>\nBinlerce Yahudi\u2019nin can verdi\u011fi bir yer.<\/p>\n<p>Eve yeni geldim\u2026<br \/>\nAlman televizyonunda g\u00f6steriyorlar, a\u00e7t\u0131m televizyonu kar\u015f\u0131ma \u00e7\u0131kt\u0131\u2026<br \/>\nM\u00fcsl\u00fcman\u2026<br \/>\nVE Yahudi cemaati beraber gitmi\u015fler oraya, ziyarete\u2026<br \/>\nEVET\u2026<br \/>\n\u00d6nce insan ol insan!<\/p>\n<p>M\u00fcsl\u00fcman cemaatinin s\u00f6zc\u00fcs\u00fc konu\u015fmay\u0131 a\u00e7t\u0131\u2026<br \/>\n\u00c7ok g\u00fczel bir konu\u015fmas\u0131 oldu, sonunda dedi ki;<br \/>\n\u201cBir g\u00fcl\u00fc bar\u0131\u015f i\u00e7in bu an\u0131ta koymak istiyorum\u201d<br \/>\nArd\u0131ndan Yahudi arkada\u015f ald\u0131 s\u00f6z\u00fc!<\/p>\n<p>Hep derim\u2026<br \/>\nYok Tayyipistan de\u011fil T\u00fcrkiye Cumhuriyeti ve Israil devleti\u2026<br \/>\nCo\u011frafyam\u0131zda bir \u00e7\u0131ban\u2026<br \/>\n\u0130ki farkl\u0131 toplum iki farkl\u0131 k\u00fclt\u00fcr, anlay\u0131\u015f\u2026<br \/>\nAMA\u2026<br \/>\nTE-ME-LIN-DE<br \/>\nMusevilik VE M\u00fcsl\u00fcmanl\u0131k b\u0131rak \u015fimdi \u0130brani dini anlay\u0131\u015f\u0131n\u0131 bir tarafa\u2026<br \/>\n\u0130ki din o kadar birbirine yak\u0131n ki, o kadar olur\u2026<br \/>\nEn basitinden\u2026<br \/>\nS\u00fcnnet veya domuz eti mesela, YINE Musevilikten do\u011fan Hristiyanl\u0131k\u2026<br \/>\nBAK\u2026<br \/>\nAnlay\u0131\u015f a\u00e7\u0131s\u0131ndan M\u00fcsl\u00fcmanl\u0131k ve Hristiyanl\u0131k birbirine \u201cuzak\u201d<br \/>\nMusevilik ise aradaki bu fark\u0131 kapat\u0131yor.<\/p>\n<p>Kin de\u011fil\u2026<br \/>\nNefret de\u011fil\u2026<br \/>\nYak\u0131\u015fmaz biz M\u00fcsl\u00fcmanlara, yak\u0131\u015fmaz hi\u00e7bir Hak dinine\u2026<br \/>\nYaratan bir\u2026<br \/>\nGeldi\u011fimiz VE gidece\u011fimiz yer bir!<\/p>\n<p><strong>Unuttum bak\u2026<br \/>\nM\u00fcnih, Dachau\u2026<br \/>\nY\u0131llar \u00f6ncesiydi, gittik. G\u00f6t\u00fcrd\u00fcm \u00e7ocuklar\u0131\u2026<br \/>\nYazm\u0131\u015f anlatm\u0131\u015f\u0131md\u0131r, gir bak ar\u015fivlerime. O kadar \u015fa\u015f\u0131rd\u0131m ki okuyunca T\u00fcrk ismini\u2026<br \/>\nNAZI\u2026<br \/>\nAyr\u0131m yapmaz, kin, nefret ayr\u0131m yapmaz\u2026<br \/>\nYOBAZ\u2026<br \/>\nHerkes e\u015fittir, uymayan O g\u00f6r\u00fc\u015fe, O d\u00fc\u015f\u00fcnceye herkes d\u00fc\u015fman\u2026<br \/>\nAllah var Allah\u2026<br \/>\nAna, baba gibi, hangi karde\u015f de\u011filse tek yumurta ikizi benziyor birbirine?<br \/>\nAna \u2013 baba, ata\u2026<br \/>\nBa\u011fl\u0131yor karde\u015fi birbirine, d\u00fc\u015f\u00fcn bak\u2026<br \/>\nBir an otur d\u00fc\u015f\u00fcn\u2026<br \/>\nTOPRAK\u2026<br \/>\nAnalar\u0131n anas\u0131, babalar\u0131n babas\u0131\u2026<br \/>\nANA \u2013 DOLU, anne gibi dopdolu!<\/p>\n<p>Anl\u0131yor musun beni?<br \/>\nHayata, ya\u015fama bak\u0131\u015f \u015feklimi???<\/strong><\/p>\n<p>Peri\u015fanlar\u0131 oynuyorum\u2026<br \/>\nPasakl\u0131 kar\u0131 gibi, \u00fcst ba\u015f, sa\u00e7 sakal\u2026<br \/>\nBir b\u0131c\u0131 b\u0131c\u0131, bir \u00e7eki d\u00fczen vereyim kendime!<\/p>\n","protected":false},"excerpt":{"rendered":"<p>Ne kadar g\u00fczel ne kadar d\u00fc\u015f\u00fcnd\u00fcr\u00fcc\u00fc, duyguland\u0131r\u0131c\u0131\u2026 Au\u015fwitz (Auschwitz)\u2026 Binlerce Yahudi\u2019nin can verdi\u011fi bir yer. Eve yeni geldim\u2026 Alman televizyonunda g\u00f6steriyorlar, a\u00e7t\u0131m televizyonu kar\u015f\u0131ma \u00e7\u0131kt\u0131\u2026 M\u00fcsl\u00fcman\u2026 VE Yahudi cemaati beraber gitmi\u015fler oraya, ziyarete\u2026 EVET\u2026 \u00d6nce insan ol insan! M\u00fcsl\u00fcman cemaatinin s\u00f6zc\u00fcs\u00fc konu\u015fmay\u0131 a\u00e7t\u0131\u2026 \u00c7ok g\u00fczel bir konu\u015fmas\u0131 oldu, sonunda dedi ki; \u201cBir g\u00fcl\u00fc bar\u0131\u015f i\u00e7in &hellip; <\/p>\n<p class=\"link-more\"><a href=\"http:\/\/wordpress.gurbuz.net\/?p=17928\" class=\"more-link\"><span class=\"screen-reader-text\">\u201eBIR g\u00fcl, bar\u0131\u015f i\u00e7in\u201c<\/span> weiterlesen<\/a><\/p>\n","protected":false},"author":1,"featured_media":0,"comment_status":"open","ping_status":"open","sticky":false,"template":"","format":"standard","meta":[],"categories":[1],"tags":[],"_links":{"self":[{"href":"http:\/\/wordpress.gurbuz.net\/index.php?rest_route=\/wp\/v2\/posts\/17928"}],"collection":[{"href":"http:\/\/wordpress.gurbuz.net\/index.php?rest_route=\/wp\/v2\/posts"}],"about":[{"href":"http:\/\/wordpress.gurbuz.net\/index.php?rest_route=\/wp\/v2\/types\/post"}],"author":[{"embeddable":true,"href":"http:\/\/wordpress.gurbuz.net\/index.php?rest_route=\/wp\/v2\/users\/1"}],"replies":[{"embeddable":true,"href":"http:\/\/wordpress.gurbuz.net\/index.php?rest_route=%2Fwp%2Fv2%2Fcomments&post=17928"}],"version-history":[{"count":5,"href":"http:\/\/wordpress.gurbuz.net\/index.php?rest_route=\/wp\/v2\/posts\/17928\/revisions"}],"predecessor-version":[{"id":17933,"href":"http:\/\/wordpress.gurbuz.net\/index.php?rest_route=\/wp\/v2\/posts\/17928\/revisions\/17933"}],"wp:attachment":[{"href":"http:\/\/wordpress.gurbuz.net\/index.php?rest_route=%2Fwp%2Fv2%2Fmedia&parent=17928"}],"wp:term":[{"taxonomy":"category","embeddable":true,"href":"http:\/\/wordpress.gurbuz.net\/index.php?rest_route=%2Fwp%2Fv2%2Fcategories&post=17928"},{"taxonomy":"post_tag","embeddable":true,"href":"http:\/\/wordpress.gurbuz.net\/index.php?rest_route=%2Fwp%2Fv2%2Ftags&post=17928"}],"curies":[{"name":"wp","href":"https:\/\/api.w.org\/{rel}","templated":true}]}}