{"id":1786,"date":"2017-08-04T14:47:09","date_gmt":"2017-08-04T14:47:09","guid":{"rendered":"http:\/\/wordpress.gurbuz.net\/?p=1786"},"modified":"2017-08-04T14:47:09","modified_gmt":"2017-08-04T14:47:09","slug":"anlasilan-yok","status":"publish","type":"post","link":"http:\/\/wordpress.gurbuz.net\/?p=1786","title":{"rendered":"Anla\u015f\u0131lan YOK"},"content":{"rendered":"<p>Oldum olas\u0131 MHP kar\u015f\u0131t\u0131yd\u0131m, hele O vampir yok mu O vampir\u2026<br \/>\nAtat\u00fcrk milliyet\u00e7isiyim ve bu milliyet\u00e7ili\u011fin d\u0131\u015f\u0131nda T\u00fcrk milliyet\u00e7ili\u011fi tan\u0131mam!<\/p>\n<p>Sonar ara\u015ft\u0131rma \u015firketi\u2026<br \/>\n\u015e\u00fcphesiz ciddi bir m\u00fcessese\u2026<br \/>\nSay\u0131n Ak\u015fener ve Say\u0131n \u0130lhan Kesici aday g\u00f6sterildi\u011fi takdirde kazanabileceklerini \u00f6ng\u00f6r\u00fcyor.<\/p>\n<p>Adetim de\u011fildir bilmedi\u011fim hakk\u0131nda fikir y\u00fcr\u00fctmek\u2026<br \/>\nSay\u0131n Kesici hakk\u0131nda en ufak bir fikrim yok AMA Say\u0131n Ak\u015fener\u2019i ya\u015fad\u0131m\u2026<br \/>\nTansu Han\u0131m d\u00f6neminde ya\u015fad\u0131m ve g\u00f6rd\u00fcm. Yine \u015f\u00fcphem yok ki bu zibidilerden \u00e7ok daha iyi y\u00f6netecektir memleketi AMA en az\u0131ndan benim derdim\u2026<br \/>\nDemokrasi, hak ve hukuk, e\u015fitlik, \u015feffaf bir y\u00f6netim\u2026<br \/>\nMeral Han\u0131m ile ya\u015fan\u0131r mi \u015f\u00fcpheliyim!<\/p>\n<p>Anla\u015f\u0131lan YOK\u2026<br \/>\nBu memlekete bu \u00fclkeyi y\u00f6netecek anla\u015f\u0131lan YOK!<\/p>\n","protected":false},"excerpt":{"rendered":"<p>Oldum olas\u0131 MHP kar\u015f\u0131t\u0131yd\u0131m, hele O vampir yok mu O vampir\u2026 Atat\u00fcrk milliyet\u00e7isiyim ve bu milliyet\u00e7ili\u011fin d\u0131\u015f\u0131nda T\u00fcrk milliyet\u00e7ili\u011fi tan\u0131mam! Sonar ara\u015ft\u0131rma \u015firketi\u2026 \u015e\u00fcphesiz ciddi bir m\u00fcessese\u2026 Say\u0131n Ak\u015fener ve Say\u0131n \u0130lhan Kesici aday g\u00f6sterildi\u011fi takdirde kazanabileceklerini \u00f6ng\u00f6r\u00fcyor. Adetim de\u011fildir bilmedi\u011fim hakk\u0131nda fikir y\u00fcr\u00fctmek\u2026 Say\u0131n Kesici hakk\u0131nda en ufak bir fikrim yok AMA Say\u0131n Ak\u015fener\u2019i &hellip; <\/p>\n<p class=\"link-more\"><a href=\"http:\/\/wordpress.gurbuz.net\/?p=1786\" class=\"more-link\"><span class=\"screen-reader-text\">\u201eAnla\u015f\u0131lan YOK\u201c<\/span> weiterlesen<\/a><\/p>\n","protected":false},"author":1,"featured_media":0,"comment_status":"closed","ping_status":"closed","sticky":false,"template":"","format":"standard","meta":[],"categories":[1],"tags":[],"_links":{"self":[{"href":"http:\/\/wordpress.gurbuz.net\/index.php?rest_route=\/wp\/v2\/posts\/1786"}],"collection":[{"href":"http:\/\/wordpress.gurbuz.net\/index.php?rest_route=\/wp\/v2\/posts"}],"about":[{"href":"http:\/\/wordpress.gurbuz.net\/index.php?rest_route=\/wp\/v2\/types\/post"}],"author":[{"embeddable":true,"href":"http:\/\/wordpress.gurbuz.net\/index.php?rest_route=\/wp\/v2\/users\/1"}],"replies":[{"embeddable":true,"href":"http:\/\/wordpress.gurbuz.net\/index.php?rest_route=%2Fwp%2Fv2%2Fcomments&post=1786"}],"version-history":[{"count":1,"href":"http:\/\/wordpress.gurbuz.net\/index.php?rest_route=\/wp\/v2\/posts\/1786\/revisions"}],"predecessor-version":[{"id":1787,"href":"http:\/\/wordpress.gurbuz.net\/index.php?rest_route=\/wp\/v2\/posts\/1786\/revisions\/1787"}],"wp:attachment":[{"href":"http:\/\/wordpress.gurbuz.net\/index.php?rest_route=%2Fwp%2Fv2%2Fmedia&parent=1786"}],"wp:term":[{"taxonomy":"category","embeddable":true,"href":"http:\/\/wordpress.gurbuz.net\/index.php?rest_route=%2Fwp%2Fv2%2Fcategories&post=1786"},{"taxonomy":"post_tag","embeddable":true,"href":"http:\/\/wordpress.gurbuz.net\/index.php?rest_route=%2Fwp%2Fv2%2Ftags&post=1786"}],"curies":[{"name":"wp","href":"https:\/\/api.w.org\/{rel}","templated":true}]}}