{"id":178051,"date":"2024-08-02T05:48:10","date_gmt":"2024-08-02T05:48:10","guid":{"rendered":"http:\/\/wordpress.gurbuz.net\/?p=178051"},"modified":"2024-08-02T06:51:14","modified_gmt":"2024-08-02T06:51:14","slug":"178051","status":"publish","type":"post","link":"http:\/\/wordpress.gurbuz.net\/?p=178051","title":{"rendered":"LASST mich NICHT aufdrehen"},"content":{"rendered":"<p><img loading=\"lazy\" class=\"\" src=\"https:\/\/upload.wikimedia.org\/wikipedia\/commons\/8\/89\/Damocles-WestallPC20080120-8842A.jpg\" alt=\"\" width=\"351\" height=\"448\" \/><\/p>\n<p>####################<br \/>\n####################<br \/>\n####################<\/p>\n<p><img src=\"http:\/\/www.gurbuz.net\/Yeni\/Screenshot 2024-08-02 075005.png\" alt=\"\" \/><\/p>\n<p>07:48<br \/>\nWelt &#8222;Nachrichten&#8220;<\/p>\n<p><strong>LASST mich NICHT aufdrehen<\/strong><\/p>\n<blockquote class=\"twitter-tweet\" data-width=\"525\" data-dnt=\"true\">\n<p lang=\"de\" dir=\"ltr\">Zweiter Tag des <a href=\"https:\/\/twitter.com\/hashtag\/G7?src=hash&amp;ref_src=twsrc%5Etfw\">#G7<\/a>-Gipfels in Kanada: Beratungen am Rande der offiziellen Tagesordnung <a href=\"https:\/\/twitter.com\/hashtag\/G7Charlevoix?src=hash&amp;ref_src=twsrc%5Etfw\">#G7Charlevoix<\/a> <a href=\"https:\/\/t.co\/5GiGF6zTHr\">pic.twitter.com\/5GiGF6zTHr<\/a><\/p>\n<p>&mdash; Steffen Seibert (@RegSprecherStS) <a href=\"https:\/\/twitter.com\/RegSprecherStS\/status\/1005475391920844801?ref_src=twsrc%5Etfw\">June 9, 2018<\/a><\/p><\/blockquote>\n<p><script async src=\"https:\/\/platform.twitter.com\/widgets.js\" charset=\"utf-8\"><\/script><\/p>\n<p>WENN&#8230;<br \/>\nIch K\u00d6NNTE wie ich M\u00dcSSTE,<br \/>\nWENN!?<\/p>\n<p>&#8222;Merkel und Trump auf G7-Gipfel<br \/>\n<strong>Das Bild, das bleibt<\/strong><br \/>\nAndere Regierung, andere Sichtweise: Vom G7-Gipfel ver\u00f6ffentlichte fast jede Nation eigene Fotos. Welches davon um die Welt ging, verr\u00e4t viel \u00fcber die politische Stimmung. Von Heike Klovert<br \/>\n10.06.2018, 13.56 Uhr&#8220;<\/p>\n<p>https:\/\/www.spiegel.de\/politik\/ausland\/donald-trump-und-angela-merkel-auf-g7-gipfel-foto-sorgt-fuer-diskussionen-a-1212154.html<\/p>\n<p><img src=\"http:\/\/www.gurbuz.net\/Yeni\/Screenshot 2024-08-02 084643.png\" alt=\"\" \/><br \/>\n<a href=\"http:\/\/www.gurbuz.net\/Yeni\/Screenshot 2024-08-02 084643.png\" target=\"_blank\" rel=\"noopener\">+<\/a><\/p>\n<p>Deutschland 08:45<br \/>\n<strong>AMErIKa<\/strong><\/p>\n","protected":false},"excerpt":{"rendered":"<p>#################### #################### #################### 07:48 Welt &#8222;Nachrichten&#8220; LASST mich NICHT aufdrehen Zweiter Tag des #G7-Gipfels in Kanada: Beratungen am Rande der offiziellen Tagesordnung #G7Charlevoix pic.twitter.com\/5GiGF6zTHr &mdash; Steffen Seibert (@RegSprecherStS) June 9, 2018 WENN&#8230; Ich K\u00d6NNTE wie ich M\u00dcSSTE, WENN!? &#8222;Merkel und Trump auf G7-Gipfel Das Bild, das bleibt Andere Regierung, andere Sichtweise: Vom G7-Gipfel ver\u00f6ffentlichte fast &hellip; <\/p>\n<p class=\"link-more\"><a href=\"http:\/\/wordpress.gurbuz.net\/?p=178051\" class=\"more-link\"><span class=\"screen-reader-text\">\u201eLASST mich NICHT aufdrehen\u201c<\/span> weiterlesen<\/a><\/p>\n","protected":false},"author":1,"featured_media":0,"comment_status":"open","ping_status":"open","sticky":false,"template":"","format":"standard","meta":[],"categories":[1],"tags":[],"_links":{"self":[{"href":"http:\/\/wordpress.gurbuz.net\/index.php?rest_route=\/wp\/v2\/posts\/178051"}],"collection":[{"href":"http:\/\/wordpress.gurbuz.net\/index.php?rest_route=\/wp\/v2\/posts"}],"about":[{"href":"http:\/\/wordpress.gurbuz.net\/index.php?rest_route=\/wp\/v2\/types\/post"}],"author":[{"embeddable":true,"href":"http:\/\/wordpress.gurbuz.net\/index.php?rest_route=\/wp\/v2\/users\/1"}],"replies":[{"embeddable":true,"href":"http:\/\/wordpress.gurbuz.net\/index.php?rest_route=%2Fwp%2Fv2%2Fcomments&post=178051"}],"version-history":[{"count":9,"href":"http:\/\/wordpress.gurbuz.net\/index.php?rest_route=\/wp\/v2\/posts\/178051\/revisions"}],"predecessor-version":[{"id":178060,"href":"http:\/\/wordpress.gurbuz.net\/index.php?rest_route=\/wp\/v2\/posts\/178051\/revisions\/178060"}],"wp:attachment":[{"href":"http:\/\/wordpress.gurbuz.net\/index.php?rest_route=%2Fwp%2Fv2%2Fmedia&parent=178051"}],"wp:term":[{"taxonomy":"category","embeddable":true,"href":"http:\/\/wordpress.gurbuz.net\/index.php?rest_route=%2Fwp%2Fv2%2Fcategories&post=178051"},{"taxonomy":"post_tag","embeddable":true,"href":"http:\/\/wordpress.gurbuz.net\/index.php?rest_route=%2Fwp%2Fv2%2Ftags&post=178051"}],"curies":[{"name":"wp","href":"https:\/\/api.w.org\/{rel}","templated":true}]}}