{"id":17786,"date":"2019-01-24T06:08:50","date_gmt":"2019-01-24T06:08:50","guid":{"rendered":"http:\/\/wordpress.gurbuz.net\/?p=17786"},"modified":"2019-01-24T07:07:06","modified_gmt":"2019-01-24T07:07:06","slug":"karne-gitmeden-son-soezler","status":"publish","type":"post","link":"http:\/\/wordpress.gurbuz.net\/?p=17786","title":{"rendered":"KARNE, gitmeden son s\u00f6zler"},"content":{"rendered":"<p>Diplomatik dil\u2026<br \/>\nNe anlar hayvan diplomatik dilden?<\/p>\n<p>Karne, Tayyipistani bilmem burada\u2026<br \/>\nKarne d\u00fczenlerler \u00e7al\u0131\u015fana\u2026<br \/>\nG\u00fczel bir dildir, sanki olumlu\u2026<br \/>\nAMA\u2026<br \/>\nK\u00f6t\u00fc bir \u00e7al\u0131\u015fansan e\u011fer, affedersiniz s.\u00e7iyorlar a\u011fz\u0131na!<\/p>\n<p>Ne diyor Putin?<br \/>\nHatta \u00f6vg\u00fcyle alt yaz\u0131 olarak ge\u00e7iyor Tayyip bas\u0131n\u0131 alt yaz\u0131lar\u0131nda\u2026<br \/>\n\u201cT\u00fcrkiye g\u00fcvenlik konusunda \u00e7ok \u00e7al\u0131\u015f\u0131yor(!)\u201d<\/p>\n<p>&gt;&gt;&gt; T\u00fcrk\u00e7esi &lt;&lt;&lt;<br \/>\nAma bir t\u00fcrl\u00fc ba\u015faram\u0131yor!<\/p>\n<p>Ba\u015far\u0131l\u0131 olsa\u2026<br \/>\nBu kadar \u00e7al\u0131\u015fmas\u0131na gerek kalmazd\u0131 de\u011fil mi?<\/p>\n<p>Ne diyorum hep?<br \/>\nHayal\u2026<br \/>\nDahi edemeyece\u011finiz \u015feylerin i\u00e7indeydim!<\/p>\n<p>&#8212;<br \/>\nAllah\u2026<br \/>\nHep yan\u0131mda, bunu biliyorum\u2026<br \/>\nEMINIM BUNDAN!!!<\/p>\n<p>\u00c7ok dua ettim, \u00e7ok\u2026<br \/>\nYalvard\u0131m tanr\u0131ma\u2026<br \/>\nYan\u0131mda ol diye, \u00e7ok \u015f\u00fck\u00fcr d\u00fcn yine\u2026<br \/>\nAk\u015fam eve geldi\u011fimde!<\/p>\n<p>8:30<br \/>\nAd\u0131m atmaya halim yok, ad\u0131m!<\/p>\n<p>Yine hep yazar\u0131m, \u00e7\u00fcnk\u00fc ger\u00e7e\u011fin ta kendisi\u2026<br \/>\nBazen\u2026<br \/>\n\u00d6yle bir d\u00f6ver ki beni, azd\u0131m mi falan, kudurdum mu\u2026<br \/>\nKomalara sokar beni\u2026<br \/>\nKudurmad\u0131m, bir d\u00fcn \u00e7ok sinirlendim, k\u0131zd\u0131m\u2026<br \/>\nAma O hep yan\u0131mda, benim, sevdiklerimle birlikte\u2026<br \/>\n\u00c7ok beterim, yok halim\u2026<br \/>\nKahvenin son yudumu ya Allah ya bismillah\u2026<br \/>\n\u00c7ok bittim, \u00e7ok bezdim!<\/p>\n<p>\u00c7ok \u015f\u00fck\u00fcr\u2026<br \/>\n\u00c7o\u011fu insan\u0131n g\u00f6rmedi\u011fini g\u00f6rd\u00fcm, ya\u015fad\u0131m\u2026<br \/>\nAc\u0131s\u0131yla tatl\u0131s\u0131yla AMA Allah\u2019\u0131m\u2026<br \/>\nHuzura ihtiyac\u0131m var, sakinli\u011fe\u2026<br \/>\nAl emaneti kavu\u015ftur beni istedi\u011fime!<\/p>\n<p>Ben ka\u00e7t\u0131m\u2026<br \/>\nArt\u0131k ka\u00e7mak istemiyorum, ko\u015fturmak\u2026<br \/>\nAylak, aylak\u2026<br \/>\nOlmad\u0131\u2026<br \/>\nYatay\u0131m k\u0131rm\u0131z\u0131 biberimin yan\u0131na\u2026<br \/>\nKavu\u015fay\u0131m huzura!<\/p>\n<p>&#x1f60a;<br \/>\nAkl\u0131ma geldi \u015fimdi\u2026<br \/>\nBende \u015fans bu ya\u2026<br \/>\nUlan birde havale cehenneme \u00e7\u0131karsa?<br \/>\nEyvah, eyvah!<\/p>\n","protected":false},"excerpt":{"rendered":"<p>Diplomatik dil\u2026 Ne anlar hayvan diplomatik dilden? Karne, Tayyipistani bilmem burada\u2026 Karne d\u00fczenlerler \u00e7al\u0131\u015fana\u2026 G\u00fczel bir dildir, sanki olumlu\u2026 AMA\u2026 K\u00f6t\u00fc bir \u00e7al\u0131\u015fansan e\u011fer, affedersiniz s.\u00e7iyorlar a\u011fz\u0131na! Ne diyor Putin? Hatta \u00f6vg\u00fcyle alt yaz\u0131 olarak ge\u00e7iyor Tayyip bas\u0131n\u0131 alt yaz\u0131lar\u0131nda\u2026 \u201cT\u00fcrkiye g\u00fcvenlik konusunda \u00e7ok \u00e7al\u0131\u015f\u0131yor(!)\u201d &gt;&gt;&gt; T\u00fcrk\u00e7esi &lt;&lt;&lt; Ama bir t\u00fcrl\u00fc ba\u015faram\u0131yor! Ba\u015far\u0131l\u0131 olsa\u2026 Bu &hellip; <\/p>\n<p class=\"link-more\"><a href=\"http:\/\/wordpress.gurbuz.net\/?p=17786\" class=\"more-link\"><span class=\"screen-reader-text\">\u201eKARNE, gitmeden son s\u00f6zler\u201c<\/span> weiterlesen<\/a><\/p>\n","protected":false},"author":1,"featured_media":0,"comment_status":"open","ping_status":"open","sticky":false,"template":"","format":"standard","meta":[],"categories":[1],"tags":[],"_links":{"self":[{"href":"http:\/\/wordpress.gurbuz.net\/index.php?rest_route=\/wp\/v2\/posts\/17786"}],"collection":[{"href":"http:\/\/wordpress.gurbuz.net\/index.php?rest_route=\/wp\/v2\/posts"}],"about":[{"href":"http:\/\/wordpress.gurbuz.net\/index.php?rest_route=\/wp\/v2\/types\/post"}],"author":[{"embeddable":true,"href":"http:\/\/wordpress.gurbuz.net\/index.php?rest_route=\/wp\/v2\/users\/1"}],"replies":[{"embeddable":true,"href":"http:\/\/wordpress.gurbuz.net\/index.php?rest_route=%2Fwp%2Fv2%2Fcomments&post=17786"}],"version-history":[{"count":4,"href":"http:\/\/wordpress.gurbuz.net\/index.php?rest_route=\/wp\/v2\/posts\/17786\/revisions"}],"predecessor-version":[{"id":17790,"href":"http:\/\/wordpress.gurbuz.net\/index.php?rest_route=\/wp\/v2\/posts\/17786\/revisions\/17790"}],"wp:attachment":[{"href":"http:\/\/wordpress.gurbuz.net\/index.php?rest_route=%2Fwp%2Fv2%2Fmedia&parent=17786"}],"wp:term":[{"taxonomy":"category","embeddable":true,"href":"http:\/\/wordpress.gurbuz.net\/index.php?rest_route=%2Fwp%2Fv2%2Fcategories&post=17786"},{"taxonomy":"post_tag","embeddable":true,"href":"http:\/\/wordpress.gurbuz.net\/index.php?rest_route=%2Fwp%2Fv2%2Ftags&post=17786"}],"curies":[{"name":"wp","href":"https:\/\/api.w.org\/{rel}","templated":true}]}}