{"id":177797,"date":"2024-07-29T13:49:54","date_gmt":"2024-07-29T13:49:54","guid":{"rendered":"http:\/\/wordpress.gurbuz.net\/?p=177797"},"modified":"2024-07-29T17:19:07","modified_gmt":"2024-07-29T17:19:07","slug":"ben-daha-oelmedim-ama-az-kaldi-nokta-koymaya","status":"publish","type":"post","link":"http:\/\/wordpress.gurbuz.net\/?p=177797","title":{"rendered":"Ben DAHA \u00f6lmedim ama az KALDI nokta koymaya"},"content":{"rendered":"<p><img src=\"http:\/\/www.gurbuz.net\/Yeni\/Screenshot 2024-07-29 190423.png\" alt=\"\" \/><br \/>\n<a href=\"http:\/\/www.gurbuz.net\/Yeni\/Screenshot 2024-07-29 190423.png\" rel=\"noopener\" target=\"_blank\">+<\/a><\/p>\n<p>####################<\/p>\n<p><img src=\"https:\/\/upload.wikimedia.org\/wikipedia\/commons\/thumb\/3\/36\/Druze_star.svg\/150px-Druze_star.svg.png\" alt=\"\" \/><br \/>\nD\u00fbrz\u00ee Y\u0131ld\u0131z\u0131<\/p>\n<p><img src=\"https:\/\/ichef.bbci.co.uk\/ace\/ws\/624\/amz\/worldservice\/live\/assets\/images\/2015\/06\/23\/150623122338_druze_624x351_epa.jpg.webp\" alt=\"\" \/><br \/>\n22.5 milyonluk Suriye n\u00fcfusunun yakla\u015f\u0131k y\u00fczde 3&#8217;\u00fc D\u00fcrziler&#8217;den olu\u015fuyor.<\/p>\n<p>&#8222;Suriye&#8217;nin s\u0131r dolu halk\u0131: D\u00fcrziler<br \/>\nFaysal Ir\u015faid<br \/>\n<strong>BBC<\/strong> Arap\u00e7a<br \/>\n24 Haziran 2015&#8243;<\/p>\n<p>https:\/\/www.bbc.com\/turkce\/haberler\/2015\/06\/150623_durziler_analiz<\/p>\n<p>I&#8217;m alive AMErIca<\/p>\n<p>####################<\/p>\n<p>Drusen liebe Leser,<br \/>\nDrusen.<\/p>\n<p><strong>Divide et impera<\/strong><\/p>\n","protected":false},"excerpt":{"rendered":"<p>+ #################### D\u00fbrz\u00ee Y\u0131ld\u0131z\u0131 22.5 milyonluk Suriye n\u00fcfusunun yakla\u015f\u0131k y\u00fczde 3&#8217;\u00fc D\u00fcrziler&#8217;den olu\u015fuyor. &#8222;Suriye&#8217;nin s\u0131r dolu halk\u0131: D\u00fcrziler Faysal Ir\u015faid BBC Arap\u00e7a 24 Haziran 2015&#8243; https:\/\/www.bbc.com\/turkce\/haberler\/2015\/06\/150623_durziler_analiz I&#8217;m alive AMErIca #################### Drusen liebe Leser, Drusen. Divide et impera<\/p>\n","protected":false},"author":1,"featured_media":0,"comment_status":"open","ping_status":"open","sticky":false,"template":"","format":"standard","meta":[],"categories":[1],"tags":[],"_links":{"self":[{"href":"http:\/\/wordpress.gurbuz.net\/index.php?rest_route=\/wp\/v2\/posts\/177797"}],"collection":[{"href":"http:\/\/wordpress.gurbuz.net\/index.php?rest_route=\/wp\/v2\/posts"}],"about":[{"href":"http:\/\/wordpress.gurbuz.net\/index.php?rest_route=\/wp\/v2\/types\/post"}],"author":[{"embeddable":true,"href":"http:\/\/wordpress.gurbuz.net\/index.php?rest_route=\/wp\/v2\/users\/1"}],"replies":[{"embeddable":true,"href":"http:\/\/wordpress.gurbuz.net\/index.php?rest_route=%2Fwp%2Fv2%2Fcomments&post=177797"}],"version-history":[{"count":5,"href":"http:\/\/wordpress.gurbuz.net\/index.php?rest_route=\/wp\/v2\/posts\/177797\/revisions"}],"predecessor-version":[{"id":177802,"href":"http:\/\/wordpress.gurbuz.net\/index.php?rest_route=\/wp\/v2\/posts\/177797\/revisions\/177802"}],"wp:attachment":[{"href":"http:\/\/wordpress.gurbuz.net\/index.php?rest_route=%2Fwp%2Fv2%2Fmedia&parent=177797"}],"wp:term":[{"taxonomy":"category","embeddable":true,"href":"http:\/\/wordpress.gurbuz.net\/index.php?rest_route=%2Fwp%2Fv2%2Fcategories&post=177797"},{"taxonomy":"post_tag","embeddable":true,"href":"http:\/\/wordpress.gurbuz.net\/index.php?rest_route=%2Fwp%2Fv2%2Ftags&post=177797"}],"curies":[{"name":"wp","href":"https:\/\/api.w.org\/{rel}","templated":true}]}}