{"id":177667,"date":"2024-07-25T23:37:22","date_gmt":"2024-07-25T23:37:22","guid":{"rendered":"http:\/\/wordpress.gurbuz.net\/?p=177667"},"modified":"2024-07-26T01:21:37","modified_gmt":"2024-07-26T01:21:37","slug":"ich-bin-ich-du-nicht","status":"publish","type":"post","link":"http:\/\/wordpress.gurbuz.net\/?p=177667","title":{"rendered":"Ich BIN ich. Du NICHT"},"content":{"rendered":"<p><img src=\"https:\/\/img-s-msn-com.akamaized.net\/tenant\/amp\/entityid\/BB1qA5Jb.img?w=630&amp;h=472&amp;m=6&amp;x=324&amp;y=123&amp;s=30&amp;d=30\" alt=\"\" \/><\/p>\n<p>\u201eErke\u011fin\u201c orospusu olur mu?<br \/>\nOLUR, anlatm\u0131\u015f\u0131md\u0131r<\/p>\n<p>KARISI, \u201cErke\u011fi\u201d<br \/>\nBirebir g\u00f6revlerini yerine getiriyorlar<\/p>\n<p>Bunca \u00f6len NIYE?<\/p>\n<p>&#8222;Kiew signalisiert Gespr\u00e4chsbereitschaft mit Moskau&#8220;<\/p>\n<p>https:\/\/www.msn.com\/de-de\/nachrichten\/welt\/kiew-signalisiert-gespr%C3%A4chsbereitschaft-mit-moskau\/ar-BB1qAjkL?ocid=msedgntp&#038;pc=U531&#038;cvid=a114570fc6a9468e9eaf09f75483a47a&#038;ei=42<\/p>\n<p>M. Obama&#8230;<br \/>\nYINE&#8230;<br \/>\nG\u00fcndemde!???<\/p>\n<p>*<\/p>\n<p><strong>B\u00fclent Ecevit gibi, erkekler KARILARIN maskaras\u0131 olunca. Yaz\u0131k\u2026<br \/>\nYAZIK, neler yaz\u0131p \u00e7iziyorlar BIDEN hakk\u0131nda<\/strong><\/p>\n<p>Mustafa Kemal Atat\u00fcrk ile Latife Han\u0131m, 29 Ocak 1923 tarihinde, G\u00f6ztepe&#8217;deki U\u015fak\u00eez\u00e2de K\u00f6\u015fk\u00fc&#8217;nde din\u00ee nik\u00e2hla evlendiler.<\/p>\n<p>Hep O gelir akl\u0131ma,<br \/>\nGazi\u2026<br \/>\nVe e\u015fi. Son g\u00fcnlerde \u00e7ok\u00e7a yazmaya ba\u015flad\u0131m yine \u201ckad\u0131nlar\u201d hakk\u0131nda\u2026<\/p>\n<p>KADIN\u2026<br \/>\nKad\u0131n olacak, kad\u0131nl\u0131\u011f\u0131n\u0131 bilecek<\/p>\n<p>NOKTA<\/p>\n<p><img src=\"https:\/\/upload.wikimedia.org\/wikipedia\/commons\/thumb\/b\/b5\/Latife_Han%C4%B1m.jpg\/220px-Latife_Han%C4%B1m.jpg\" alt=\"\" \/><br \/>\nLatife U\u015fakiz\u00e2de<\/p>\n<p>Rezilde\u2026<br \/>\nVEZIRDE eden ONLAR<\/p>\n<p>*<\/p>\n<p><img src=\"https:\/\/img-s-msn-com.akamaized.net\/tenant\/amp\/entityid\/BB1qC6i4.img?w=768&#038;h=367&#038;m=6\" alt=\"\" \/><\/p>\n<p><strong>Es IST irgendein Fra\u00df aber KEIN D\u00f6ner. Deutschland geh mir nicht auf die Nerven<\/strong><\/p>\n<p>&#8222;Streit um den D\u00f6ner \u2013 Deutschland lehnt t\u00fcrkisches Vorhaben ab<br \/>\n11 Std.<\/p>\n<p>Die T\u00fcrkei m\u00f6chte, dass der \u201eD\u00f6ner Kebab\u201c von der EU als \u201egarantiert traditionelle Spezialit\u00e4t\u201c anerkannt wird. Der Antrag schl\u00e4gt der Bundesanstalt f\u00fcr Landwirtschaft und Ern\u00e4hrung wohl auf den Magen: Sie legt Einspruch bei der EU-Kommission ein.&#8220;<\/p>\n<p>https:\/\/www.msn.com\/de-de\/nachrichten\/politik\/streit-um-den-d%C3%B6ner-deutschland-lehnt-t%C3%BCrkisches-vorhaben-ab\/ar-BB1qC88t?ocid=msedgntp&#038;pc=U531&#038;cvid=80ccee161dde40ffb90beb2c771160a1&#038;ei=8<\/p>\n<p><img src=\"https:\/\/img-s-msn-com.akamaized.net\/tenant\/amp\/entityid\/BB1qwmcx.img?w=768&#038;h=478&#038;m=6\" alt=\"\" \/><\/p>\n<p>Leute, LEUTE!<\/p>\n","protected":false},"excerpt":{"rendered":"<p>\u201eErke\u011fin\u201c orospusu olur mu? OLUR, anlatm\u0131\u015f\u0131md\u0131r KARISI, \u201cErke\u011fi\u201d Birebir g\u00f6revlerini yerine getiriyorlar Bunca \u00f6len NIYE? &#8222;Kiew signalisiert Gespr\u00e4chsbereitschaft mit Moskau&#8220; https:\/\/www.msn.com\/de-de\/nachrichten\/welt\/kiew-signalisiert-gespr%C3%A4chsbereitschaft-mit-moskau\/ar-BB1qAjkL?ocid=msedgntp&#038;pc=U531&#038;cvid=a114570fc6a9468e9eaf09f75483a47a&#038;ei=42 M. Obama&#8230; YINE&#8230; G\u00fcndemde!??? * B\u00fclent Ecevit gibi, erkekler KARILARIN maskaras\u0131 olunca. Yaz\u0131k\u2026 YAZIK, neler yaz\u0131p \u00e7iziyorlar BIDEN hakk\u0131nda Mustafa Kemal Atat\u00fcrk ile Latife Han\u0131m, 29 Ocak 1923 tarihinde, G\u00f6ztepe&#8217;deki U\u015fak\u00eez\u00e2de K\u00f6\u015fk\u00fc&#8217;nde din\u00ee nik\u00e2hla &hellip; <\/p>\n<p class=\"link-more\"><a href=\"http:\/\/wordpress.gurbuz.net\/?p=177667\" class=\"more-link\"><span class=\"screen-reader-text\">\u201eIch BIN ich. Du NICHT\u201c<\/span> weiterlesen<\/a><\/p>\n","protected":false},"author":1,"featured_media":0,"comment_status":"open","ping_status":"open","sticky":false,"template":"","format":"standard","meta":[],"categories":[1],"tags":[],"_links":{"self":[{"href":"http:\/\/wordpress.gurbuz.net\/index.php?rest_route=\/wp\/v2\/posts\/177667"}],"collection":[{"href":"http:\/\/wordpress.gurbuz.net\/index.php?rest_route=\/wp\/v2\/posts"}],"about":[{"href":"http:\/\/wordpress.gurbuz.net\/index.php?rest_route=\/wp\/v2\/types\/post"}],"author":[{"embeddable":true,"href":"http:\/\/wordpress.gurbuz.net\/index.php?rest_route=\/wp\/v2\/users\/1"}],"replies":[{"embeddable":true,"href":"http:\/\/wordpress.gurbuz.net\/index.php?rest_route=%2Fwp%2Fv2%2Fcomments&post=177667"}],"version-history":[{"count":10,"href":"http:\/\/wordpress.gurbuz.net\/index.php?rest_route=\/wp\/v2\/posts\/177667\/revisions"}],"predecessor-version":[{"id":177679,"href":"http:\/\/wordpress.gurbuz.net\/index.php?rest_route=\/wp\/v2\/posts\/177667\/revisions\/177679"}],"wp:attachment":[{"href":"http:\/\/wordpress.gurbuz.net\/index.php?rest_route=%2Fwp%2Fv2%2Fmedia&parent=177667"}],"wp:term":[{"taxonomy":"category","embeddable":true,"href":"http:\/\/wordpress.gurbuz.net\/index.php?rest_route=%2Fwp%2Fv2%2Fcategories&post=177667"},{"taxonomy":"post_tag","embeddable":true,"href":"http:\/\/wordpress.gurbuz.net\/index.php?rest_route=%2Fwp%2Fv2%2Ftags&post=177667"}],"curies":[{"name":"wp","href":"https:\/\/api.w.org\/{rel}","templated":true}]}}