{"id":176334,"date":"2024-07-16T02:54:18","date_gmt":"2024-07-16T02:54:18","guid":{"rendered":"http:\/\/wordpress.gurbuz.net\/?p=176334"},"modified":"2024-07-16T04:24:59","modified_gmt":"2024-07-16T04:24:59","slug":"176334","status":"publish","type":"post","link":"http:\/\/wordpress.gurbuz.net\/?p=176334","title":{"rendered":"&#8222;Die Gr\u00e4ber des \u00d6lbergs. Eine Grabtradition, die Juden, Christen und Muslime vereint&#8220;"},"content":{"rendered":"<p><img src=\"https:\/\/www.proterrasancta.org\/_next\/image?url=https%3A%2F%2Fpreprod.proterrasancta.org%2Fwp-content%2Fuploads%2FIMG_3715-2-scaled.jpg&amp;w=1920&amp;q=75\" alt=\"\" \/><\/p>\n<p>&#8222;Es gibt einen Ort in Jerusalem, an dem sich die Spiritualit\u00e4t und der Glaube der drei abrahamitischen Religionen treffen und friedlich gegen\u00fcberstehen. Ein j\u00fcdischer, christlicher und muslimischer Friedhof befindet sich seit der Antike zwischen den H\u00e4ngen des Kidron-Tals und dem \u00d6lberg.&#8220;<\/p>\n<p>https:\/\/www.proterrasancta.org\/de\/news\/die-graber-des-olbergs-eine-grabtradition-die-juden-christen-und-muslime-vereint<\/p>\n<p>Im Tode vereint, lebend sich bek\u00e4mpfend(!)<br \/>\nWelch ein Wahnsinn<\/p>\n<blockquote class=\"wp-embedded-content\" data-secret=\"zDUIei37JG\"><p><a href=\"http:\/\/wordpress.gurbuz.net\/?p=148025\">06:42 Welt Nachrichten &#8220; h\u00e4ssliche Fratze des Imperialismus&#8220;<\/a><\/p><\/blockquote>\n<p><iframe class=\"wp-embedded-content\" sandbox=\"allow-scripts\" security=\"restricted\" style=\"position: absolute; clip: rect(1px, 1px, 1px, 1px);\" title=\"&#8222;06:42 Welt Nachrichten &#8220; h\u00e4ssliche Fratze des Imperialismus&#8220;&#8220; &#8212; \u00d6nder G\u00fcrb\u00fcz\" src=\"http:\/\/wordpress.gurbuz.net\/?p=148025&#038;embed=true#?secret=zDUIei37JG\" data-secret=\"zDUIei37JG\" width=\"525\" height=\"296\" frameborder=\"0\" marginwidth=\"0\" marginheight=\"0\" scrolling=\"no\"><\/iframe><\/p>\n<p>Danke<\/p>\n<p><img src=\"http:\/\/www.gurbuz.net\/Yeni\/Screenshot 2024-07-16 061134.png\" alt=\"\" \/><br \/>\n<a href=\"http:\/\/www.gurbuz.net\/Yeni\/Screenshot 2024-07-16 061134.png\" rel=\"noopener\" target=\"_blank\">Habe e vergessen zu MARKIEREN. Achten sie AUF DEN KNICK &#8211; vor &#8211; dem Wochenende<\/a><\/p>\n<p>Wie gesagt ich K\u00d6NNTE&#8230;<br \/>\n&#8222;Kann&#8220; aber nicht, ich&#8230;<br \/>\nSollte&#8230;<br \/>\nNICHT<\/p>\n<p>Es GIBT viele andere\u2026<br \/>\nABER\u2026<br \/>\nMich interessieren haupts\u00e4chlich zwei\u2026<br \/>\n\u201eIndizes\u201c<br \/>\nGOLD und \u00d6L<\/p>\n<p><img src=\"http:\/\/www.gurbuz.net\/Yeni\/Screenshot 2024-07-16 061438.png\" alt=\"\" \/><\/p>\n<p>Eigentlich geht es mir &#8222;gut&#8220;<br \/>\nHabe gestern wieder den ganzen Tag geschlafen bis heut Morgen gegen 04:30<br \/>\nMir IST kotz\u00fcbel, habe mich noch NICHT bewegt\u2026<br \/>\nMUSS&#8230;<br \/>\nHeute ein ernstes Wort mit dem Doktor sprechen<\/p>\n","protected":false},"excerpt":{"rendered":"<p>&#8222;Es gibt einen Ort in Jerusalem, an dem sich die Spiritualit\u00e4t und der Glaube der drei abrahamitischen Religionen treffen und friedlich gegen\u00fcberstehen. Ein j\u00fcdischer, christlicher und muslimischer Friedhof befindet sich seit der Antike zwischen den H\u00e4ngen des Kidron-Tals und dem \u00d6lberg.&#8220; https:\/\/www.proterrasancta.org\/de\/news\/die-graber-des-olbergs-eine-grabtradition-die-juden-christen-und-muslime-vereint Im Tode vereint, lebend sich bek\u00e4mpfend(!) Welch ein Wahnsinn 06:42 Welt Nachrichten &#8220; &hellip; <\/p>\n<p class=\"link-more\"><a href=\"http:\/\/wordpress.gurbuz.net\/?p=176334\" class=\"more-link\"><span class=\"screen-reader-text\">\u201e&#8222;Die Gr\u00e4ber des \u00d6lbergs. Eine Grabtradition, die Juden, Christen und Muslime vereint&#8220;\u201c<\/span> weiterlesen<\/a><\/p>\n","protected":false},"author":1,"featured_media":0,"comment_status":"open","ping_status":"open","sticky":false,"template":"","format":"standard","meta":[],"categories":[1],"tags":[],"_links":{"self":[{"href":"http:\/\/wordpress.gurbuz.net\/index.php?rest_route=\/wp\/v2\/posts\/176334"}],"collection":[{"href":"http:\/\/wordpress.gurbuz.net\/index.php?rest_route=\/wp\/v2\/posts"}],"about":[{"href":"http:\/\/wordpress.gurbuz.net\/index.php?rest_route=\/wp\/v2\/types\/post"}],"author":[{"embeddable":true,"href":"http:\/\/wordpress.gurbuz.net\/index.php?rest_route=\/wp\/v2\/users\/1"}],"replies":[{"embeddable":true,"href":"http:\/\/wordpress.gurbuz.net\/index.php?rest_route=%2Fwp%2Fv2%2Fcomments&post=176334"}],"version-history":[{"count":7,"href":"http:\/\/wordpress.gurbuz.net\/index.php?rest_route=\/wp\/v2\/posts\/176334\/revisions"}],"predecessor-version":[{"id":176341,"href":"http:\/\/wordpress.gurbuz.net\/index.php?rest_route=\/wp\/v2\/posts\/176334\/revisions\/176341"}],"wp:attachment":[{"href":"http:\/\/wordpress.gurbuz.net\/index.php?rest_route=%2Fwp%2Fv2%2Fmedia&parent=176334"}],"wp:term":[{"taxonomy":"category","embeddable":true,"href":"http:\/\/wordpress.gurbuz.net\/index.php?rest_route=%2Fwp%2Fv2%2Fcategories&post=176334"},{"taxonomy":"post_tag","embeddable":true,"href":"http:\/\/wordpress.gurbuz.net\/index.php?rest_route=%2Fwp%2Fv2%2Ftags&post=176334"}],"curies":[{"name":"wp","href":"https:\/\/api.w.org\/{rel}","templated":true}]}}