{"id":176255,"date":"2024-07-15T12:23:47","date_gmt":"2024-07-15T12:23:47","guid":{"rendered":"http:\/\/wordpress.gurbuz.net\/?p=176255"},"modified":"2024-07-15T12:31:22","modified_gmt":"2024-07-15T12:31:22","slug":"itiotentreff-sic-nannte-sich-passenderweise-eine-whatsapp-gruppe-von-rechtsextremen-polizistinnen-i-frankfurter-polizeireviers","status":"publish","type":"post","link":"http:\/\/wordpress.gurbuz.net\/?p=176255","title":{"rendered":"\u201eItiotentreff\u201c (sic!) nannte sich passenderweise eine WhatsApp-Gruppe von rechtsextremen Polizist*innen I. Frankfurter Polizeirevier"},"content":{"rendered":"<p>Wird NICHT!<br \/>\nSp\u00e4ter es geht mir beschie\u00dfen<\/p>\n<p><img src=\"https:\/\/img-s-msn-com.akamaized.net\/tenant\/amp\/entityid\/BB1pXw9c.img?w=768&#038;h=432&#038;m=6\" alt=\"\" \/><\/p>\n<p>KEINE Beweise,<br \/>\nIndizien!?<\/p>\n<p>&#8222;Attentat auf Donald Trump: \u201eEs w\u00e4re fast unm\u00f6glich, selbst wenn man w\u00fcsste, dass die Kugel kommt\u201c<br \/>\n23 Std. &#8220;<\/p>\n<p>https:\/\/www.msn.com\/de-de\/nachrichten\/other\/attentat-auf-donald-trump-es-w%C3%A4re-fast-unm%C3%B6glich-selbst-wenn-man-w%C3%BCsste-dass-die-kugel-kommt\/ar-BB1pXw9i?ocid=msedgntp&#038;pc=U531&#038;cvid=cf3d04259016456cb9bb3eb41c1d0201&#038;ei=11<\/p>\n<p><img src=\"https:\/\/img-s-msn-com.akamaized.net\/tenant\/amp\/entityid\/BB1q0uIl.img?w=768&#038;h=512&#038;m=6&#038;x=2987&#038;y=658&#038;s=412&#038;d=412\" alt=\"\" \/><\/p>\n<p>&#8222;Trump: Verschw\u00f6rungstheorien werden zum Problem f\u00fcr die Tech-Konzerne<br \/>\nGeschichte von Holtermann, Felix \u2022 <strong>1 Std.<\/strong>&#8220;<\/p>\n<p>https:\/\/www.msn.com\/de-de\/nachrichten\/other\/trump-verschw%C3%B6rungstheorien-werden-zum-problem-f%C3%BCr-die-tech-konzerne\/ar-BB1q0q26?ocid=msedgntp&#038;pc=U531&#038;cvid=cf3d04259016456cb9bb3eb41c1d0201&#038;ei=65<\/p>\n<p><img src=\"https:\/\/img-s-msn-com.akamaized.net\/tenant\/amp\/entityid\/BB1q0cOk.img?w=768&#038;h=432&#038;m=6&#038;x=504&#038;y=312&#038;s=350&#038;d=350\" alt=\"\" \/><\/p>\n<p>&#8222;Die estnische Regierungschefin Kaja Kallas hat ihren Weg in ein anderes Amt gebahnt: Sie reichte ihren R\u00fccktritt ein, um k\u00fcnftig Au\u00dfenbeauftragte der EU zu werden.&#8220;<\/p>\n<p>https:\/\/www.msn.com\/de-de\/nachrichten\/politik\/kaja-kallas-estlands-premierministerin-reicht-r%C3%BCcktritt-ein\/ar-BB1q05Bu?ocid=msedgntp&#038;pc=U531&#038;cvid=cf3d04259016456cb9bb3eb41c1d0201&#038;ei=39<\/p>\n<p>SIE WERDEN<\/p>\n<p><img src=\"https:\/\/img-s-msn-com.akamaized.net\/tenant\/amp\/entityid\/BB1q0eQf.img?w=768&#038;h=577&#038;m=6\" alt=\"\" \/><\/p>\n<p>&#8222;Deutsche Eurofighter im Einsatz: Russische Kampfjets \u00fcber Ostsee gesichtet \u2013 Luftwaffe l\u00f6st Alarmstart aus<br \/>\nGeschichte von Sebastian Hahn \u2022 <strong>2 Std.<\/strong> &#8220;<\/p>\n<p>https:\/\/www.msn.com\/de-de\/nachrichten\/welt\/deutsche-eurofighter-im-einsatz-russische-kampfjets-%C3%BCber-ostsee-gesichtet-luftwaffe-l%C3%B6st-alarmstart-aus\/ar-BB1q0eQx?ocid=msedgntp&#038;pc=U531&#038;cvid=cf3d04259016456cb9bb3eb41c1d0201&#038;ei=61<\/p>\n<p><strong>SIE WERDEN<\/strong><\/p>\n","protected":false},"excerpt":{"rendered":"<p>Wird NICHT! Sp\u00e4ter es geht mir beschie\u00dfen KEINE Beweise, Indizien!? &#8222;Attentat auf Donald Trump: \u201eEs w\u00e4re fast unm\u00f6glich, selbst wenn man w\u00fcsste, dass die Kugel kommt\u201c 23 Std. &#8220; https:\/\/www.msn.com\/de-de\/nachrichten\/other\/attentat-auf-donald-trump-es-w%C3%A4re-fast-unm%C3%B6glich-selbst-wenn-man-w%C3%BCsste-dass-die-kugel-kommt\/ar-BB1pXw9i?ocid=msedgntp&#038;pc=U531&#038;cvid=cf3d04259016456cb9bb3eb41c1d0201&#038;ei=11 &#8222;Trump: Verschw\u00f6rungstheorien werden zum Problem f\u00fcr die Tech-Konzerne Geschichte von Holtermann, Felix \u2022 1 Std.&#8220; https:\/\/www.msn.com\/de-de\/nachrichten\/other\/trump-verschw%C3%B6rungstheorien-werden-zum-problem-f%C3%BCr-die-tech-konzerne\/ar-BB1q0q26?ocid=msedgntp&#038;pc=U531&#038;cvid=cf3d04259016456cb9bb3eb41c1d0201&#038;ei=65 &#8222;Die estnische Regierungschefin Kaja Kallas hat ihren Weg in &hellip; <\/p>\n<p class=\"link-more\"><a href=\"http:\/\/wordpress.gurbuz.net\/?p=176255\" class=\"more-link\"><span class=\"screen-reader-text\">\u201e\u201eItiotentreff\u201c (sic!) nannte sich passenderweise eine WhatsApp-Gruppe von rechtsextremen Polizist*innen I. Frankfurter Polizeirevier\u201c<\/span> weiterlesen<\/a><\/p>\n","protected":false},"author":1,"featured_media":0,"comment_status":"open","ping_status":"open","sticky":false,"template":"","format":"standard","meta":[],"categories":[1],"tags":[],"_links":{"self":[{"href":"http:\/\/wordpress.gurbuz.net\/index.php?rest_route=\/wp\/v2\/posts\/176255"}],"collection":[{"href":"http:\/\/wordpress.gurbuz.net\/index.php?rest_route=\/wp\/v2\/posts"}],"about":[{"href":"http:\/\/wordpress.gurbuz.net\/index.php?rest_route=\/wp\/v2\/types\/post"}],"author":[{"embeddable":true,"href":"http:\/\/wordpress.gurbuz.net\/index.php?rest_route=\/wp\/v2\/users\/1"}],"replies":[{"embeddable":true,"href":"http:\/\/wordpress.gurbuz.net\/index.php?rest_route=%2Fwp%2Fv2%2Fcomments&post=176255"}],"version-history":[{"count":7,"href":"http:\/\/wordpress.gurbuz.net\/index.php?rest_route=\/wp\/v2\/posts\/176255\/revisions"}],"predecessor-version":[{"id":176262,"href":"http:\/\/wordpress.gurbuz.net\/index.php?rest_route=\/wp\/v2\/posts\/176255\/revisions\/176262"}],"wp:attachment":[{"href":"http:\/\/wordpress.gurbuz.net\/index.php?rest_route=%2Fwp%2Fv2%2Fmedia&parent=176255"}],"wp:term":[{"taxonomy":"category","embeddable":true,"href":"http:\/\/wordpress.gurbuz.net\/index.php?rest_route=%2Fwp%2Fv2%2Fcategories&post=176255"},{"taxonomy":"post_tag","embeddable":true,"href":"http:\/\/wordpress.gurbuz.net\/index.php?rest_route=%2Fwp%2Fv2%2Ftags&post=176255"}],"curies":[{"name":"wp","href":"https:\/\/api.w.org\/{rel}","templated":true}]}}