{"id":175111,"date":"2024-07-05T01:38:47","date_gmt":"2024-07-05T01:38:47","guid":{"rendered":"http:\/\/wordpress.gurbuz.net\/?p=175111"},"modified":"2024-07-05T06:00:06","modified_gmt":"2024-07-05T06:00:06","slug":"die-wahrheiten-im-oeffentlichen-leben","status":"publish","type":"post","link":"http:\/\/wordpress.gurbuz.net\/?p=175111","title":{"rendered":"### !!! >>> Die WahrheitEN im \u00f6ffentlichen Leben!? <<< !!! ###"},"content":{"rendered":"<p>Mir IST kotz\u00fcbel,<br \/>\nDeswegen im Telegrammstil:<\/p>\n<p>1. Jungs\u2026<br \/>\nNiemals AUCH NUR einen Buchstaben, KEIN Wort<br \/>\n2. Ich sagte es bereits dieses Zeichen MUSS nicht, HEI\u00dfT NICHT gleich Faschismus. WAS\u2026<br \/>\nF\u00fcr die Deutschen DER Bundesadler IST\u2026<br \/>\nIst f\u00fcr die T\u00fcrken DER graue Wolf<br \/>\n3. JEDE Sekunde z\u00e4hlt, JEDE wenn es um \u201eleben und Tod\u201c geht<br \/>\n4. DER kollektive Westen, hier ganz besonders AMerika, England und Kanada\u2026<br \/>\nIch halte IMMER Wort und BIN todernst<br \/>\n5. Der versprochene Film<\/p>\n<p>Eigentlich wollte ich einen Artikel dazuschreiben ABER ich kann nicht. Ah ja\u2026<br \/>\nDie KI behauptet\u2026<br \/>\nIch W\u00c4RE linksorientiert, das stimmte in meiner Jugend nur BIN NICHT mehr Jung. Auch habe ich mich IMMER gegen Extremismus gestellt\u2026<br \/>\nUnd DAS war schon immer so.<\/p>\n<p>PUNKT<\/p>\n<p><a href=\"https:\/\/www.arte.tv\/de\/videos\/107799-000-A\/kanada-die-rueckkehr-der-blackfoot\/\" rel=\"noopener\" target=\"_blank\">Kanada UND da wird NOCHMEHR kommen. Versprochen<\/a><\/p>\n<p><a href=\"https:\/\/www.arte.tv\/de\/videos\/117013-134-A\/arte-journal\/\" rel=\"noopener\" target=\"_blank\">England. Gleiches WIE Kanada<\/a><\/p>\n<p>Von gestern, BITTE von Anfang BIS Ende<\/p>\n<p><a href=\"https:\/\/www.arte.tv\/de\/videos\/111777-006-A\/re-brexit-und-der-jammer-danach\/\" rel=\"noopener\" target=\"_blank\">Brexit<\/a><\/p>\n<p>##### DAS HAT mir besonders wehgetan, MUSSTE an die englische Oma Denken #####<\/p>\n<p><a href=\"https:\/\/www.ardmediathek.de\/video\/Y3JpZDovL3Bob2VuaXguZGUvMzMwNjk5MA\" rel=\"noopener\" target=\"_blank\">Unsere deutsche Oma, ich wei\u00df wie sehr \u00e4ltere Menschen frieren. ICH WEI\u00df was hungern hei\u00dft<\/a><\/p>\n<p><strong>Es IST MIR schei\u00dfegal welche Nationalit\u00e4t ein Mensch hat, welche Hautfarbe, welche Sprache\u2026<br \/>\nAn was er, sie, es glaubt oder auch nicht\u2026<br \/>\nAber NICHT deren POLITIK<\/strong><\/p>\n<p>Es GIBT SIE\u2026<br \/>\n\u00dcberall auf der Welt, Menschen die f\u00fcr ihre Mitmenschen\u2026<br \/>\nF\u00fcr ihre Umwelt und Umfeld da SIND\u2026<br \/>\nEs gibt sie immer noch und DAS \u00fcberall UND SIE SIND die Menschen\u2026<br \/>\nAn die ich auch appelliere\u2026<br \/>\nEs geht NUR gemeinsam, EGAL ob jung oder alt<\/p>\n<p>Liebe Leser, es GIBT zwei Dinge (es gibt mehr aberrr) es gibt zwei Dokumentationen die mich besonders getroffen HABEN weil AUCH gleiches\u2026<br \/>\nOb sie es nun glauben wollen oder nicht\u2026<br \/>\nDIE Banane, ein junger Syrer \u201eWenn mein Vater am Leben w\u00e4re h\u00e4tte er mir Banane gekauft\u201c<br \/>\nDAS HAT mich SEHR getroffen\u2026<br \/>\nWeil auch HIER wie DORT.Es IST so DAS IST fakt&#8230;<br \/>\nMein Mineral Haushalt, m\u00fcsste Bananen Essen\u2026<br \/>\nIch kriege es kaum mehr runter. Ich MUSS immer an den jungen denken<\/p>\n<p>Ebenso wie die \u00e4ltere Dame aus England, hatte BEIDES\u2026<br \/>\nSie fror bitterlich w\u00e4hrend DIE Politik das Geld den Verr\u00e4tern sonst wohin \u2026<br \/>\nBITTE\u2026<br \/>\nDenken sie daran was im Koran steht,<br \/>\nERST\u2026<br \/>\nDie deinen dann bist du stark genug auch anderen zu helfen.<\/p>\n<p><a href=\"https:\/\/www.arte.tv\/de\/videos\/118265-003-A\/re-georgien-zwischen-putin-und-europa\/\" rel=\"noopener\" target=\"_blank\">Europa ABER auch Deutschland, lasst mich NICHT aufdrehen, die Plastik Flaschen ODER hier das BSI \u2013 DAS Gesundheitssystem. So langsam ABER SICHER schei\u00dfe ich auf euere Politik<\/a><\/p>\n<p><a href=\"https:\/\/streamtape.com\/e\/yG8qmgawjDU1pwA\/\" rel=\"noopener\" target=\"_blank\">Der versprochene Film<\/a><\/p>\n<p>Sollte es mir besser gehen&#8230;<br \/>\n&#8230;<br \/>\nNa mal sehen!?<\/p>\n<p><img src=\"https:\/\/i.gazeteoku.com\/storage\/files\/images\/2024\/07\/05\/hurriyet-2024-07-05-j4ct.jpg\" alt=\"\" \/><br \/>\n<a href=\"https:\/\/i.gazeteoku.com\/storage\/files\/images\/2024\/07\/05\/hurriyet-2024-07-05-j4ct.jpg\" rel=\"noopener\" target=\"_blank\">+<\/a><\/p>\n<p>5 t\u00fcrkische Lira<br \/>\n1927<br \/>\nDamals GAB ES KEINE&#8230;<br \/>\nMHP, diese WIXXER kamen erst sp\u00e4ter&#8230;<br \/>\nUnd ich habe sie bek\u00e4mpft, tue es immer noch<\/p>\n<p>Und ich BIN NICHT links,<br \/>\nAuch NICHT rechts ABER ich verehre\u2026<br \/>\nGazi Mustafa Kemal Atat\u00fcrk.<\/p>\n<p>Seine Gedankeng\u00e4nge SIND F\u00dcR MICH sehr wertvoll<\/p>\n<p><img src=\"https:\/\/media0.faz.net\/ppmedia\/w1240\/aktuell\/1499890632\/1.9286732\/1900x850\/bei-einem-luftangriff-in.jpg.webp\" alt=\"\" \/><\/p>\n<p>&#8222;MILIT\u00c4RSCHL\u00c4GE IN GAZA:<br \/>\nWas darf Israels Armee?<br \/>\nVon Alexander Haneke<br \/>\n02.11.2023, 18:02&#8220;<\/p>\n<p>https:\/\/www.faz.net\/aktuell\/politik\/ausland\/militaerschlaege-in-gaza-was-darf-israels-armee-19247307.html<\/p>\n<p>Sie suchen Faschisten, wollen irgendwem was anh\u00e4ngen?<\/p>\n<p>Ich verallgemeinere sehr selten\u2026<br \/>\nMEINE j\u00fcdischen Mitmenschen\u2026<br \/>\nIch habe sie IN Israel erlebt und HABE die gr\u00f6\u00dfte Hochachtung vor ihnen.<\/p>\n<p><strong>Lasst mich NICHT aufdrehen<\/strong><\/p>\n<p><a href=\"https:\/\/www.google.de\/search?sca_esv=1cfb5351b311de08&#038;sca_upv=1&#038;hl=de&#038;q=gaza&#038;udm=2&#038;fbs=AEQNm0A6bwEop21ehxKWq5cj-cHaHQYuxregpAziw5293WczvPgKx__UpWfUBJokilkPqLGXiP-Y4GkNrt-YrUbzXV2gxo8idOF1j_m1JOQP7SGBYkPPttBa5Bwkbn097HChN2lpH1WLxjLbUXJr5ZpSF6yM3LHQ_R-DAbsv8nYt1vaK6kEML90&#038;sa=X&#038;ved=2ahUKEwic-9Gri4-HAxVnxgIHHTcZAaUQtKgLegQICxAB&#038;biw=1784&#038;bih=1196&#038;dpr=1.5\" rel=\"noopener\" target=\"_blank\">IST wie mit Russland, BITTE zwingt mich NICHT. Recht MUSS RECHT die Wahrheit sollte auch Wahrheit bleiben. NEIN zum Tod, ein GANZ gro\u00dfes NEIN zum Tod von Kindern zum HUNGERN. Egal wo EGAL wie<\/a><\/p>\n","protected":false},"excerpt":{"rendered":"<p>Mir IST kotz\u00fcbel, Deswegen im Telegrammstil: 1. Jungs\u2026 Niemals AUCH NUR einen Buchstaben, KEIN Wort 2. Ich sagte es bereits dieses Zeichen MUSS nicht, HEI\u00dfT NICHT gleich Faschismus. WAS\u2026 F\u00fcr die Deutschen DER Bundesadler IST\u2026 Ist f\u00fcr die T\u00fcrken DER graue Wolf 3. JEDE Sekunde z\u00e4hlt, JEDE wenn es um \u201eleben und Tod\u201c geht 4. &hellip; <\/p>\n<p class=\"link-more\"><a href=\"http:\/\/wordpress.gurbuz.net\/?p=175111\" class=\"more-link\"><span class=\"screen-reader-text\">\u201e### !!! >>> Die WahrheitEN im \u00f6ffentlichen Leben!? <<< !!! ###\u201c<\/span> weiterlesen<\/a><\/p>\n","protected":false},"author":1,"featured_media":0,"comment_status":"open","ping_status":"open","sticky":false,"template":"","format":"standard","meta":[],"categories":[1],"tags":[],"_links":{"self":[{"href":"http:\/\/wordpress.gurbuz.net\/index.php?rest_route=\/wp\/v2\/posts\/175111"}],"collection":[{"href":"http:\/\/wordpress.gurbuz.net\/index.php?rest_route=\/wp\/v2\/posts"}],"about":[{"href":"http:\/\/wordpress.gurbuz.net\/index.php?rest_route=\/wp\/v2\/types\/post"}],"author":[{"embeddable":true,"href":"http:\/\/wordpress.gurbuz.net\/index.php?rest_route=\/wp\/v2\/users\/1"}],"replies":[{"embeddable":true,"href":"http:\/\/wordpress.gurbuz.net\/index.php?rest_route=%2Fwp%2Fv2%2Fcomments&post=175111"}],"version-history":[{"count":14,"href":"http:\/\/wordpress.gurbuz.net\/index.php?rest_route=\/wp\/v2\/posts\/175111\/revisions"}],"predecessor-version":[{"id":175128,"href":"http:\/\/wordpress.gurbuz.net\/index.php?rest_route=\/wp\/v2\/posts\/175111\/revisions\/175128"}],"wp:attachment":[{"href":"http:\/\/wordpress.gurbuz.net\/index.php?rest_route=%2Fwp%2Fv2%2Fmedia&parent=175111"}],"wp:term":[{"taxonomy":"category","embeddable":true,"href":"http:\/\/wordpress.gurbuz.net\/index.php?rest_route=%2Fwp%2Fv2%2Fcategories&post=175111"},{"taxonomy":"post_tag","embeddable":true,"href":"http:\/\/wordpress.gurbuz.net\/index.php?rest_route=%2Fwp%2Fv2%2Ftags&post=175111"}],"curies":[{"name":"wp","href":"https:\/\/api.w.org\/{rel}","templated":true}]}}