{"id":175104,"date":"2024-07-05T01:24:58","date_gmt":"2024-07-05T01:24:58","guid":{"rendered":"http:\/\/wordpress.gurbuz.net\/?p=175104"},"modified":"2024-07-05T01:45:48","modified_gmt":"2024-07-05T01:45:48","slug":"ben-neysem-oyum-ister-goerueslerimi-benimseyin-ister-benimsemeyin-dogru-bildigimden-asla-sasmam","status":"publish","type":"post","link":"http:\/\/wordpress.gurbuz.net\/?p=175104","title":{"rendered":"Ben neysem oyum ister g\u00f6r\u00fc\u015flerimi benimseyin ister benimsemeyin. Do\u011fru bildi\u011fimden ASLA \u015fa\u015fmam"},"content":{"rendered":"<p>Day\u0131c\u0131m\u2026<br \/>\nBu belgeseli mutlaka izle o\u011flum\u2026<br \/>\nDinimiz\u2026<br \/>\nMolozlar\u0131n, h\u00f6d\u00fcklerden eline b\u0131rak\u0131lamayacak kadar de\u011ferlidir\u2026<br \/>\nY\u00fcce \u0130slam\u2026<br \/>\nBir BILIM DINIDIR, d\u00fc\u015f\u00fcnen\u2026<br \/>\nVe g\u00f6renlerin dinidir.<\/p>\n<p>Gazi Mustafa Kemal Atat\u00fcrk gibi bir insana\u2026<br \/>\nOnun g\u00f6r\u00fc\u015f ve temennilerine az rastlan\u0131r,<br \/>\nDe\u011fer bilmek\u2026<br \/>\nDe\u011fere de\u011fer verebilmek \u00f6nemlidir.<\/p>\n<p>De\u011fer ver de\u011ferli olana,<br \/>\nLena\u2026<br \/>\nYapt\u0131klar\u0131ndan ders \u00e7\u0131kar, hatalar\u0131n\u0131 anla\u2026<br \/>\nKad\u0131n denilene\u2026<br \/>\nAMA kad\u0131nda KADIN olmal\u0131, konu\u015faca\u011f\u0131z bu konular\u0131 daha seninle. Sevgi kadar\u2026<br \/>\nSayg\u0131da \u00d6NEMLIDIR. Bu belgeseli\u2026<br \/>\nMUTLAKA izle<\/p>\n<p><a href=\"https:\/\/www.zdf.de\/dokumentation\/zdfinfo-doku\/die-alhambra-palaststadt-der-maurischen-koenige-100.html\" target=\"_blank\" rel=\"noopener\">Mutlaka<\/a><\/p>\n<p><img loading=\"lazy\" class=\"\" src=\"http:\/\/www.gurbuz.net\/Yeni\/Screenshot 2024-07-05 031148.jpg\" alt=\"\" width=\"384\" height=\"881\" \/><\/p>\n<p>Bak g\u00f6r ve anla\u2026<br \/>\nSa\u011f taraftaki, \u201ckad\u0131n\u201d m\u00fcsveddesi\u2026<br \/>\nBILD gazetesini ALMAN MEDYASI olarak tan\u0131t\u0131yor millete\u2026<br \/>\nBozkurt i\u015fareti\u2026<br \/>\nVe EVET bir noktaya kadar fa\u015fistlerin sembol\u00fcd\u00fcr\u2026<br \/>\nAma bu \u00e7ocu\u011fu tan\u0131mam etmem\u2026<\/p>\n<p><img loading=\"lazy\" class=\"\" src=\"http:\/\/www.gurbuz.net\/Yeni\/Screenshot 2024-07-05 031120.jpg\" alt=\"\" width=\"520\" height=\"291\" \/><\/p>\n<p>B\u00fcy\u00fck bir ihtimal ile\u2026<br \/>\nNe yapt\u0131\u011f\u0131n\u0131n FARKINDA bile de\u011fil\u2026<br \/>\nBilgi o\u011flum \u00f6nemlidir, bir erke\u011fe (insana) a\u011f\u0131rba\u015fl\u0131l\u0131k yak\u0131\u015f\u0131r\u2026<br \/>\nD\u00fc\u015f\u00fcn\u00fclerek hareket etmek\u2026<br \/>\nHareketlerine\u2026<br \/>\nH\u00fcz\u00fcnde de b\u00fcy\u00fck sevin\u00e7te de dikkat edebilmeli&#8230;<br \/>\n\u00d6FKEDE<\/p>\n<p>T\u00fcrkler\u2026<br \/>\nB\u00f6yle \u201ckad\u0131nlara\u201d ka\u015far der o\u011flum\u2026<br \/>\nVe bu yarat\u0131k\u2026<br \/>\nTAM\u2026<br \/>\nEski bir ka\u015far.<\/p>\n<p>Konu\u015furuz bu konular\u0131 daha seninle<\/p>\n<p>*<\/p>\n<p>Not: \u00d6z\u00fcr dilerim sevgili okurlar\u0131m\u2026<br \/>\nYOK\u2026<br \/>\nA\u011fr\u0131lar konusu kapand\u0131 gibi diyebilirim\u2026<br \/>\nYani eskiye nazaran.<\/p>\n<p>AMA kendimi bir tuhaf his ediyorum\u2026<br \/>\nG\u00f6zlerim\u2026<br \/>\nBir tuhaf i\u015fte!<\/p>\n<p>Merak etmiyor de\u011filim,<br \/>\n\u0130la\u00e7lar!???<\/p>\n<p>D\u00fc\u015f\u00fcn\u00fcyorum da\u2026<br \/>\nSenelerce kulland\u0131\u011f\u0131m bir ila\u00e7\u2026<br \/>\n\u2026<br \/>\nTuhaf!<\/p>\n","protected":false},"excerpt":{"rendered":"<p>Day\u0131c\u0131m\u2026 Bu belgeseli mutlaka izle o\u011flum\u2026 Dinimiz\u2026 Molozlar\u0131n, h\u00f6d\u00fcklerden eline b\u0131rak\u0131lamayacak kadar de\u011ferlidir\u2026 Y\u00fcce \u0130slam\u2026 Bir BILIM DINIDIR, d\u00fc\u015f\u00fcnen\u2026 Ve g\u00f6renlerin dinidir. Gazi Mustafa Kemal Atat\u00fcrk gibi bir insana\u2026 Onun g\u00f6r\u00fc\u015f ve temennilerine az rastlan\u0131r, De\u011fer bilmek\u2026 De\u011fere de\u011fer verebilmek \u00f6nemlidir. De\u011fer ver de\u011ferli olana, Lena\u2026 Yapt\u0131klar\u0131ndan ders \u00e7\u0131kar, hatalar\u0131n\u0131 anla\u2026 Kad\u0131n denilene\u2026 AMA kad\u0131nda &hellip; <\/p>\n<p class=\"link-more\"><a href=\"http:\/\/wordpress.gurbuz.net\/?p=175104\" class=\"more-link\"><span class=\"screen-reader-text\">\u201eBen neysem oyum ister g\u00f6r\u00fc\u015flerimi benimseyin ister benimsemeyin. Do\u011fru bildi\u011fimden ASLA \u015fa\u015fmam\u201c<\/span> weiterlesen<\/a><\/p>\n","protected":false},"author":1,"featured_media":0,"comment_status":"open","ping_status":"open","sticky":false,"template":"","format":"standard","meta":[],"categories":[1],"tags":[],"_links":{"self":[{"href":"http:\/\/wordpress.gurbuz.net\/index.php?rest_route=\/wp\/v2\/posts\/175104"}],"collection":[{"href":"http:\/\/wordpress.gurbuz.net\/index.php?rest_route=\/wp\/v2\/posts"}],"about":[{"href":"http:\/\/wordpress.gurbuz.net\/index.php?rest_route=\/wp\/v2\/types\/post"}],"author":[{"embeddable":true,"href":"http:\/\/wordpress.gurbuz.net\/index.php?rest_route=\/wp\/v2\/users\/1"}],"replies":[{"embeddable":true,"href":"http:\/\/wordpress.gurbuz.net\/index.php?rest_route=%2Fwp%2Fv2%2Fcomments&post=175104"}],"version-history":[{"count":7,"href":"http:\/\/wordpress.gurbuz.net\/index.php?rest_route=\/wp\/v2\/posts\/175104\/revisions"}],"predecessor-version":[{"id":175113,"href":"http:\/\/wordpress.gurbuz.net\/index.php?rest_route=\/wp\/v2\/posts\/175104\/revisions\/175113"}],"wp:attachment":[{"href":"http:\/\/wordpress.gurbuz.net\/index.php?rest_route=%2Fwp%2Fv2%2Fmedia&parent=175104"}],"wp:term":[{"taxonomy":"category","embeddable":true,"href":"http:\/\/wordpress.gurbuz.net\/index.php?rest_route=%2Fwp%2Fv2%2Fcategories&post=175104"},{"taxonomy":"post_tag","embeddable":true,"href":"http:\/\/wordpress.gurbuz.net\/index.php?rest_route=%2Fwp%2Fv2%2Ftags&post=175104"}],"curies":[{"name":"wp","href":"https:\/\/api.w.org\/{rel}","templated":true}]}}