{"id":174370,"date":"2024-06-26T12:57:01","date_gmt":"2024-06-26T12:57:01","guid":{"rendered":"http:\/\/wordpress.gurbuz.net\/?p=174370"},"modified":"2024-06-26T13:23:37","modified_gmt":"2024-06-26T13:23:37","slug":"offffffffffffffffffffffffffff-ulan-offffffffffffffff","status":"publish","type":"post","link":"http:\/\/wordpress.gurbuz.net\/?p=174370","title":{"rendered":"Offffffffffffffffffffffffffff ULAN offffffffffffffff"},"content":{"rendered":"<p><iframe loading=\"lazy\" title=\"Emel Say\u0131n - Ya\u015fad\u0131m m\u0131 \u00d6ld\u00fcm m\u00fc? (Kaliteli Kay\u0131t)\" width=\"525\" height=\"394\" src=\"https:\/\/www.youtube.com\/embed\/eox_h4AIJG0?feature=oembed\" frameborder=\"0\" allow=\"accelerometer; autoplay; clipboard-write; encrypted-media; gyroscope; picture-in-picture; web-share\" referrerpolicy=\"strict-origin-when-cross-origin\" allowfullscreen><\/iframe><\/p>\n<p>RAKIM&#8230;<br \/>\nNerede??????????<\/p>\n<p>Avrat dedi\u011fin b\u00f6yle olur arkada\u015f,<br \/>\nSesi asil\u2026<br \/>\nKendisi asil bir hatun.<\/p>\n<p>Asalet\u2026<br \/>\nNarinlik ne de yak\u0131\u015f\u0131r bu \u00e7arp\u0131k bacakl\u0131lar\u2026<br \/>\nS\u00fcr\u00fcs\u00fcne<\/p>\n<p>KADIN dedi\u011fin\u2026<br \/>\nSad\u0131k olacak, sadakat\u2026<br \/>\nNe zaman konu\u015fup ne zaman susmas\u0131 gerekti\u011fini\u2026<br \/>\nBilecek.<\/p>\n<p>E\u011fitimi\u2026<br \/>\nSON DERECE \u00d6NEMLI\u2026<br \/>\nG\u00f6rg\u00fcs\u00fc\u2026<br \/>\nTeee \u00e7ocuklu\u011fundan beri ald\u0131\u011f\u0131\u2026<br \/>\nTerbiye.<\/p>\n<p>AILE<\/p>\n<p>Bug\u00fcn\u2026<br \/>\nKarde\u015f bir foto\u011fraf yollam\u0131\u015f aile gurubuna\u2026<br \/>\nEvlada y\u00f6nelik \u201calal\u0131m m\u0131 sana?\u201d<br \/>\nKom\u015fu k\u0131z\u0131, BILDIK\u2026<br \/>\nHan\u0131m han\u0131mc\u0131k\u2026<br \/>\n\u00c7ok \u00d6NMELI.<\/p>\n<p>K\u00d6KL\u00dc bir aile, k\u00f6y\u00fcn yerlilerinden\u2026<br \/>\nTeee eskilerden.<\/p>\n<p>Neden olmas\u0131n, Allah\u2019\u0131n kavli Peygamber Efendimizin izniyle\u2026<br \/>\nYeter ki istesinler birbirlerini<\/p>\n<p>BAZEN\u2026<br \/>\nEski adetler DAHA uzun \u00f6m\u00fcrl\u00fc oluyor<\/p>\n<p>Ge\u00e7enlerde DaDa\u2026<br \/>\nYENI k\u0131z arkada\u015f\u0131 hastanede\u2026<br \/>\nDemi\u015ftim ayr\u0131lamazlar birbirlerinden\u2026<br \/>\nK\u0131z geri d\u00f6nmek istedi.<\/p>\n<p><strong>BABA NASIHATIDIR\u2026<br \/>\nBir ad\u0131m, SADECE bir ad\u0131m kap\u0131dan d\u0131\u015far\u0131 att\u0131 m\u0131 kad\u0131n\u2026<br \/>\nD\u00d6NEMEZ geriye.<\/strong><\/p>\n<p>\u00c7ok konu\u015fmu\u015ftum onun ile\u2026<br \/>\n\u00c7ivi\u2026<br \/>\n\u00c7iviyi S\u00d6KER o\u011flum.<\/p>\n<p>Elinde \u00e7i\u00e7ekler\u2026<br \/>\nCentilmen haf\u0131z\u0131m benim,<br \/>\n\ud83d\ude42 \ud83d\ude42 \ud83d\ude42<br \/>\nBIR\u2026<br \/>\nBenden korkar, \u00e7ekinir\u2026<br \/>\nS\u00f6z dinler<\/p>\n","protected":false},"excerpt":{"rendered":"<p>RAKIM&#8230; Nerede?????????? Avrat dedi\u011fin b\u00f6yle olur arkada\u015f, Sesi asil\u2026 Kendisi asil bir hatun. Asalet\u2026 Narinlik ne de yak\u0131\u015f\u0131r bu \u00e7arp\u0131k bacakl\u0131lar\u2026 S\u00fcr\u00fcs\u00fcne KADIN dedi\u011fin\u2026 Sad\u0131k olacak, sadakat\u2026 Ne zaman konu\u015fup ne zaman susmas\u0131 gerekti\u011fini\u2026 Bilecek. E\u011fitimi\u2026 SON DERECE \u00d6NEMLI\u2026 G\u00f6rg\u00fcs\u00fc\u2026 Teee \u00e7ocuklu\u011fundan beri ald\u0131\u011f\u0131\u2026 Terbiye. AILE Bug\u00fcn\u2026 Karde\u015f bir foto\u011fraf yollam\u0131\u015f aile gurubuna\u2026 Evlada y\u00f6nelik &hellip; <\/p>\n<p class=\"link-more\"><a href=\"http:\/\/wordpress.gurbuz.net\/?p=174370\" class=\"more-link\"><span class=\"screen-reader-text\">\u201eOffffffffffffffffffffffffffff ULAN offffffffffffffff\u201c<\/span> weiterlesen<\/a><\/p>\n","protected":false},"author":1,"featured_media":0,"comment_status":"open","ping_status":"open","sticky":false,"template":"","format":"standard","meta":[],"categories":[1],"tags":[],"_links":{"self":[{"href":"http:\/\/wordpress.gurbuz.net\/index.php?rest_route=\/wp\/v2\/posts\/174370"}],"collection":[{"href":"http:\/\/wordpress.gurbuz.net\/index.php?rest_route=\/wp\/v2\/posts"}],"about":[{"href":"http:\/\/wordpress.gurbuz.net\/index.php?rest_route=\/wp\/v2\/types\/post"}],"author":[{"embeddable":true,"href":"http:\/\/wordpress.gurbuz.net\/index.php?rest_route=\/wp\/v2\/users\/1"}],"replies":[{"embeddable":true,"href":"http:\/\/wordpress.gurbuz.net\/index.php?rest_route=%2Fwp%2Fv2%2Fcomments&post=174370"}],"version-history":[{"count":7,"href":"http:\/\/wordpress.gurbuz.net\/index.php?rest_route=\/wp\/v2\/posts\/174370\/revisions"}],"predecessor-version":[{"id":174377,"href":"http:\/\/wordpress.gurbuz.net\/index.php?rest_route=\/wp\/v2\/posts\/174370\/revisions\/174377"}],"wp:attachment":[{"href":"http:\/\/wordpress.gurbuz.net\/index.php?rest_route=%2Fwp%2Fv2%2Fmedia&parent=174370"}],"wp:term":[{"taxonomy":"category","embeddable":true,"href":"http:\/\/wordpress.gurbuz.net\/index.php?rest_route=%2Fwp%2Fv2%2Fcategories&post=174370"},{"taxonomy":"post_tag","embeddable":true,"href":"http:\/\/wordpress.gurbuz.net\/index.php?rest_route=%2Fwp%2Fv2%2Ftags&post=174370"}],"curies":[{"name":"wp","href":"https:\/\/api.w.org\/{rel}","templated":true}]}}