{"id":173766,"date":"2024-06-19T11:55:50","date_gmt":"2024-06-19T11:55:50","guid":{"rendered":"http:\/\/wordpress.gurbuz.net\/?p=173766"},"modified":"2024-06-19T12:04:37","modified_gmt":"2024-06-19T12:04:37","slug":"daha-oelmedim-ama-yavas-yavas-can-cekise-cekise-veya-koca-goebekli-kadir-ve-kara-mediha","status":"publish","type":"post","link":"http:\/\/wordpress.gurbuz.net\/?p=173766","title":{"rendered":"Daha \u00f6lmedim ama yava\u015f yava\u015f, can \u00e7eki\u015fe \u00e7eki\u015fe VEYA koca g\u00f6bekli Kadir ve Kara Mediha"},"content":{"rendered":"<p>Yeminle;<br \/>\nD\u00fcnyan\u0131n en \u015fansl\u0131 insanlar\u0131ndan bir olmal\u0131y\u0131m b\u00f6yle velilere sahip oldu\u011fum i\u00e7in. Bu ya\u015fa geldim\u2026<br \/>\nDAHA YENI anlat\u0131yor, annem.<\/p>\n<p>Almanya\u2019ya daha yeni gelmi\u015fler,<br \/>\nBabam\u2026<br \/>\nNe adamd\u0131 rahmetli. Karnaval zaman\u0131, ASLINDA annemden dinlemelisiniz\u2026<br \/>\nAnnem daha yeni gelmi\u015f Almanya\u2019ya\u2026<br \/>\nHafta sonuna bir \u2013 iki g\u00fcn varm\u0131\u015f, gezmeye gitmi\u015fler\u2026<br \/>\nKir yeri, Bibrich\u2026<br \/>\nWiesbaden\u2019in bir semti. O zamanlar her yer ba\u011f \u2013 bah\u00e7e\u2026<br \/>\nAnnem \u00e7i\u00e7ek falan toplam\u0131\u015f, kiraz a\u011fc\u0131 miymi\u015f ne\u2026<br \/>\nBir dal koparm\u0131\u015f.<\/p>\n<p>Hafta sonu,<br \/>\nKarnavala gidecekler\u2026<br \/>\nBabam tela\u015fla eve gelmi\u015f:<\/p>\n<p>\u201cMediha polis seni her yerde ar\u0131yor\u201d<br \/>\n\u201cNeden?\u201d<br \/>\n\u201cA\u011fc\u0131n dal\u0131n\u0131 k\u0131rd\u0131n ya!\u201d<\/p>\n<p>Valide panikte\u2026<br \/>\nKadir bu\u2026<br \/>\nDurur mu?<\/p>\n<p>Valide evde tir tir titriyormu\u015f,<br \/>\nPeder\u2026<br \/>\nKarnavalda<\/p>\n<p>\ud83d\ude42 \ud83d\ude42 \ud83d\ude42<\/p>\n<p>YEMINLE her \u015feyi bilmiyorum tabii\u2026<br \/>\nHATIRLAMIYORUM&#8230;<br \/>\nAma\u2026<br \/>\n\u00c7ok g\u00fczel bir \u00e7ocuklu\u011fum oldu. MUTLU<\/p>\n<p>Ne geldiyse ba\u015f\u0131ma\u2026<br \/>\nErgenlikten SONRA<\/p>\n","protected":false},"excerpt":{"rendered":"<p>Yeminle; D\u00fcnyan\u0131n en \u015fansl\u0131 insanlar\u0131ndan bir olmal\u0131y\u0131m b\u00f6yle velilere sahip oldu\u011fum i\u00e7in. Bu ya\u015fa geldim\u2026 DAHA YENI anlat\u0131yor, annem. Almanya\u2019ya daha yeni gelmi\u015fler, Babam\u2026 Ne adamd\u0131 rahmetli. Karnaval zaman\u0131, ASLINDA annemden dinlemelisiniz\u2026 Annem daha yeni gelmi\u015f Almanya\u2019ya\u2026 Hafta sonuna bir \u2013 iki g\u00fcn varm\u0131\u015f, gezmeye gitmi\u015fler\u2026 Kir yeri, Bibrich\u2026 Wiesbaden\u2019in bir semti. O zamanlar her &hellip; <\/p>\n<p class=\"link-more\"><a href=\"http:\/\/wordpress.gurbuz.net\/?p=173766\" class=\"more-link\"><span class=\"screen-reader-text\">\u201eDaha \u00f6lmedim ama yava\u015f yava\u015f, can \u00e7eki\u015fe \u00e7eki\u015fe VEYA koca g\u00f6bekli Kadir ve Kara Mediha\u201c<\/span> weiterlesen<\/a><\/p>\n","protected":false},"author":1,"featured_media":0,"comment_status":"open","ping_status":"open","sticky":false,"template":"","format":"standard","meta":[],"categories":[1],"tags":[],"_links":{"self":[{"href":"http:\/\/wordpress.gurbuz.net\/index.php?rest_route=\/wp\/v2\/posts\/173766"}],"collection":[{"href":"http:\/\/wordpress.gurbuz.net\/index.php?rest_route=\/wp\/v2\/posts"}],"about":[{"href":"http:\/\/wordpress.gurbuz.net\/index.php?rest_route=\/wp\/v2\/types\/post"}],"author":[{"embeddable":true,"href":"http:\/\/wordpress.gurbuz.net\/index.php?rest_route=\/wp\/v2\/users\/1"}],"replies":[{"embeddable":true,"href":"http:\/\/wordpress.gurbuz.net\/index.php?rest_route=%2Fwp%2Fv2%2Fcomments&post=173766"}],"version-history":[{"count":4,"href":"http:\/\/wordpress.gurbuz.net\/index.php?rest_route=\/wp\/v2\/posts\/173766\/revisions"}],"predecessor-version":[{"id":173770,"href":"http:\/\/wordpress.gurbuz.net\/index.php?rest_route=\/wp\/v2\/posts\/173766\/revisions\/173770"}],"wp:attachment":[{"href":"http:\/\/wordpress.gurbuz.net\/index.php?rest_route=%2Fwp%2Fv2%2Fmedia&parent=173766"}],"wp:term":[{"taxonomy":"category","embeddable":true,"href":"http:\/\/wordpress.gurbuz.net\/index.php?rest_route=%2Fwp%2Fv2%2Fcategories&post=173766"},{"taxonomy":"post_tag","embeddable":true,"href":"http:\/\/wordpress.gurbuz.net\/index.php?rest_route=%2Fwp%2Fv2%2Ftags&post=173766"}],"curies":[{"name":"wp","href":"https:\/\/api.w.org\/{rel}","templated":true}]}}