{"id":172722,"date":"2024-06-02T09:06:37","date_gmt":"2024-06-02T09:06:37","guid":{"rendered":"http:\/\/wordpress.gurbuz.net\/?p=172722"},"modified":"2024-06-02T09:46:18","modified_gmt":"2024-06-02T09:46:18","slug":"heyyy-nur-ein-kinderbuchautor-und-die-andere-erst-spd-u-n-d-afd-gleichauf","status":"publish","type":"post","link":"http:\/\/wordpress.gurbuz.net\/?p=172722","title":{"rendered":"Heyyy NUR ein KinderbuchAutor UND DIE anderE erst, SPD u n d AFD gleichauf"},"content":{"rendered":"<p>Unddd DER Type unten!???<\/p>\n<p><strong>&#8212;  Kas\u0131mpa\u015fal\u0131 bir h\u0131rs\u0131z &#8212;<\/strong><\/p>\n<p><img src=\"https:\/\/img-s-msn-com.akamaized.net\/tenant\/amp\/entityid\/BB1mbiTe.img?w=768&#038;h=367&#038;m=6\" alt=\"\" \/><br \/>\nIsraelische Soldaten und Panzer im Osten von Rafah AFP\/-<br \/>\n\u00a9 Bereitgestellt von WELT<\/p>\n<p>&#8222;<strong>USA werfen Israel wahrscheinliche Verletzung des V\u00f6lkerrechts vor<\/strong><br \/>\n3Wo.&#8220;<\/p>\n<p>https:\/\/www.msn.com\/de-de\/nachrichten\/welt\/usa-werfen-israel-wahrscheinliche-verletzung-des-v%C3%B6lkerrechts-vor\/ar-BB1mbkUO?ocid=msedgntp&#038;pc=U531&#038;cvid=4c6d30cdb5ff407584ec1aee8653da2d&#038;ei=15<\/p>\n<p><img src=\"https:\/\/img-s-msn-com.akamaized.net\/tenant\/amp\/entityid\/AA19dWBJ.img?w=768&#038;h=512&#038;m=6&#038;x=421&#038;y=163&#038;s=151&#038;d=151\" alt=\"\" \/><\/p>\n<p>Sie WERDEN,<br \/>\nund IHR erst Jungs&#8230;<br \/>\nDie Damen und Herren von der (&#8230;)<\/p>\n<p><strong>SIE WERDEN<\/strong><\/p>\n<p>&#8222;EZB agiert mit Zinswende erstmals seit 14 Jahren schneller als die Fed \u2013 doch das wird nur kurz so bleiben, sagt ein Top-\u00d6konom<br \/>\nGeschichte von Romanus Otte \u2022 <strong>12 Min.<\/strong>&#8220;<\/p>\n<p>https:\/\/www.msn.com\/de-de\/finanzen\/top-stories\/ezb-agiert-mit-zinswende-erstmals-seit-14-jahren-schneller-als-die-fed-doch-das-wird-nur-kurz-so-bleiben-sagt-ein-top-%C3%B6konom\/ar-BB1ntcz5?ocid=msedgntp&#038;pc=U531&#038;cvid=44b98ca8f06a406f80ce7d948e81e2d1&#038;ei=31<\/p>\n<p>Aberrrrrrrrrrrrrrrrrrrrrr,<br \/>\nAUCH&#8230;<br \/>\nAnders, NICHT einen Buchstaben&#8230;<br \/>\nKEIN Wort<\/p>\n<p><strong>DER Tod IST&#8230;<br \/>\nUn\u00b7wi\u00b7der\u00b7ruf\u00b7lich<\/strong><\/p>\n<p><img src=\"https:\/\/img-s-msn-com.akamaized.net\/tenant\/amp\/entityid\/BB1mc4Ju.img?w=768&#038;h=432&#038;m=6\" alt=\"\" \/><\/p>\n<p>Die Sonne ich&#8230;<br \/>\nKANN und DARF nicht<\/p>\n<p>&#8222;Die Sonne schleudert derzeit massenhaft Partikel ins All. Seit 2003 habe es keinen so gewaltigen Ausbruch gegeben, meldet die US-Beh\u00f6rde NOAA. Von Deutschland aus sind deshalb nun Polarlichter zu sehen.&#8220;<\/p>\n<p><img src=\"https:\/\/img-s-msn-com.akamaized.net\/tenant\/amp\/entityid\/BB1nrk5M.img?w=768&#038;h=432&#038;m=6\" alt=\"\" \/><\/p>\n<p>Ahhh,<br \/>\nLeckt mich doch am Arsch,<br \/>\n<strong>Ich hatte,<br \/>\nAlexander von Humboldt<br \/>\nDeutscher Wissenschaftler<\/strong><br \/>\n\u2026<br \/>\nFrage dich warum fast immer Deutschland?<\/p>\n<p>Frontstaat,<br \/>\nSagte ISTANBUL und Berlin\u2026<br \/>\n\u2026<br \/>\nWas kann, k\u00f6nnte ich NOCH sagen?<\/p>\n<p>&#8222;Im aktuellen Bericht des Weltklimarats IPCC geht es erstmals auch darum, wie sich die Erderw\u00e4rmung und ihre merklichen sowie bei nicht ausreichendem Handeln zu erwartenden Folgen auf die Psyche auswirken. Sp\u00fcrbar n\u00e4mlich, in Form von Angst, Stress, Ohnmachtsgef\u00fchlen. Nicht Eingang fand die mentale Verfasstheit derjenigen, die seit \u00fcber f\u00fcnfzig Jahren Daten von zunehmender Pr\u00e4zision und Dramatik ermitteln und Politik und \u00d6ffentlichkeit zur Verf\u00fcgung stellen, ohne dass daraus das n\u00f6tige Handeln folgte.<\/p>\n<p>Klimawissenschaftler sind inzwischen Kommunikatoren, deren Pr\u00e4senz in Talkshows und sozialen Medien auch dem Letzten klargemacht hat, dass der Kampf gegen die Erderw\u00e4rmung nicht eine Frage des Wissens, sondern der Umsetzung ist. Die eigene Frustration dar\u00fcber, dass bei der Arbeitsteilung ein Part seiner Aufgabe ungen\u00fcgend nachkommt, war bislang eher nicht Teil der Kommunikationsstrategie.&#8220;<\/p>\n<p>https:\/\/www.msn.com\/de-de\/finanzen\/top-stories\/der-frust-der-klimawissenschaftler\/ar-BB1maF5E?ocid=msedgntp&#038;pc=U531&#038;cvid=4c6d30cdb5ff407584ec1aee8653da2d&#038;ei=57<\/p>\n<p>ANGST,<br \/>\nWar, IST und WIRD IMMER eine m\u00e4chtige Waffe bleiben&#8230;<br \/>\nUnd wir taumeln durchS Universum<\/p>\n<p>\u201eBedenken Sie, lieber Leser, dass diese Geschichte rein fiktiv ist. Aber vielleicht gibt es irgendwo in den verborgenen Winkeln unserer Welt einen \u00d6nder G\u00fcrb\u00fcz \u2013 einen H\u00fcter der kosmischen Wahrheiten, der immer auf dem Abgrund zwischen Offenbarung und Opfer balanciert.\u201c<\/p>\n<p>WAS sagte \u00d6nder mal,<br \/>\nBez\u00fcglich AMT und W\u00dcRDEN&#8230;<br \/>\nDAS Wissen um (&#8230;)<br \/>\nHeute&#8230;<br \/>\nDIE alten Athener!?<\/p>\n<p><img src=\"https:\/\/img-s-msn-com.akamaized.net\/tenant\/amp\/entityid\/BB1nt7nA.img?w=768&#038;h=576&#038;m=6&#038;x=374&#038;y=172&#038;s=243&#038;d=243\" alt=\"\" \/><\/p>\n<p>Gott&#8230;<br \/>\nMir dreht sich der Magen<\/p>\n<p>&#8222;Annalena Baerbock: Ger\u00fcchte um neuen Job f\u00fcr die Au\u00dfenministerin<br \/>\nGeschichte von fka\/news.de \u2022 3 Std. <\/p>\n<p>\u30fbGer\u00fcchte um neuen Job f\u00fcr Annelena Baerbock<\/p>\n<p>\u30fbAu\u00dfenministerin k\u00f6nnte Ursula von der Leyen beerben<\/p>\n<p>\u30fbGr\u00fcnen-Politikerin als neue Pr\u00e4sidentin der EU-Kommission<\/p>\n<p>Es ist ein irres Ger\u00fccht, das aktuell auf dem Nachrichtenportal &#8222;Politico&#8220; zu lesen ist. Offenbar winkt der deutschen Au\u00dfenministerin Annalena Baerbock ein neuer Job. Hinter den Kulissen soll laut Politico derzeit ein Macht-Poker stattfinden, denn offenbar k\u00f6nnte die Gr\u00fcnen-Politikerin Ursula von der Leyen als Pr\u00e4sidentin der EU-Kommission beerben.&#8220;<\/p>\n<p>https:\/\/www.msn.com\/de-de\/finanzen\/top-stories\/annalena-baerbock-ger%C3%BCchte-um-neuen-job-f%C3%BCr-die-au%C3%9Fenministerin\/ar-BB1ntc2l?ocid=msedgntp&#038;pc=U531&#038;cvid=f4f7c2b2f3e045cabcbd8a373301b850&#038;ei=51<\/p>\n<p>Und Mensch WIRD,<br \/>\nJa sie WERDEN<\/p>\n<p><img src=\"https:\/\/img-s-msn-com.akamaized.net\/tenant\/amp\/entityid\/BB1lS8gK.img?w=768&#038;h=512&#038;m=6&#038;x=157&#038;y=133&#038;s=409&#038;d=409\" alt=\"\" \/><\/p>\n<p>Ein NASSES Handtuch gen\u00fcgt,<br \/>\nKisselsteine!<\/p>\n<p>Ein NASSES Handtuch gen\u00fcgt,<br \/>\nKieselsteine!<\/p>\n<p>Heute ERST, auch ihr seid NUR scheinheilige Wixxer,<br \/>\nNicht mehr\u2026<br \/>\nAber auch NICHT weniger.<\/p>\n<p>Meine WeltEN<\/p>\n<p>Waren es 200.000 Rubel,<br \/>\nIN Istanbul!?<\/p>\n<p>&#8222;Nach Moskau-Terror: So barbarisch l\u00e4sst Putin die Verd\u00e4chtigen foltern<br \/>\nGeschichte von Marcel G\u00f6rmann \u2022 14 Std.&#8220;<\/p>\n<p>https:\/\/www.msn.com\/de-de\/nachrichten\/welt\/nach-moskau-terror-so-barbarisch-l%C3%A4sst-putin-die-verd%C3%A4chtigen-foltern\/ar-BB1lSjoM?ocid=msedgntp&#038;pc=U531&#038;cvid=d4e4869fc23840cbb4d90cbe88498eb9&#038;ei=91 <\/p>\n","protected":false},"excerpt":{"rendered":"<p>Unddd DER Type unten!??? &#8212; Kas\u0131mpa\u015fal\u0131 bir h\u0131rs\u0131z &#8212; Israelische Soldaten und Panzer im Osten von Rafah AFP\/- \u00a9 Bereitgestellt von WELT &#8222;USA werfen Israel wahrscheinliche Verletzung des V\u00f6lkerrechts vor 3Wo.&#8220; https:\/\/www.msn.com\/de-de\/nachrichten\/welt\/usa-werfen-israel-wahrscheinliche-verletzung-des-v%C3%B6lkerrechts-vor\/ar-BB1mbkUO?ocid=msedgntp&#038;pc=U531&#038;cvid=4c6d30cdb5ff407584ec1aee8653da2d&#038;ei=15 Sie WERDEN, und IHR erst Jungs&#8230; Die Damen und Herren von der (&#8230;) SIE WERDEN &#8222;EZB agiert mit Zinswende erstmals seit 14 Jahren &hellip; <\/p>\n<p class=\"link-more\"><a href=\"http:\/\/wordpress.gurbuz.net\/?p=172722\" class=\"more-link\"><span class=\"screen-reader-text\">\u201eHeyyy NUR ein KinderbuchAutor UND DIE anderE erst, SPD u n d AFD gleichauf\u201c<\/span> weiterlesen<\/a><\/p>\n","protected":false},"author":1,"featured_media":0,"comment_status":"open","ping_status":"open","sticky":false,"template":"","format":"standard","meta":[],"categories":[1],"tags":[],"_links":{"self":[{"href":"http:\/\/wordpress.gurbuz.net\/index.php?rest_route=\/wp\/v2\/posts\/172722"}],"collection":[{"href":"http:\/\/wordpress.gurbuz.net\/index.php?rest_route=\/wp\/v2\/posts"}],"about":[{"href":"http:\/\/wordpress.gurbuz.net\/index.php?rest_route=\/wp\/v2\/types\/post"}],"author":[{"embeddable":true,"href":"http:\/\/wordpress.gurbuz.net\/index.php?rest_route=\/wp\/v2\/users\/1"}],"replies":[{"embeddable":true,"href":"http:\/\/wordpress.gurbuz.net\/index.php?rest_route=%2Fwp%2Fv2%2Fcomments&post=172722"}],"version-history":[{"count":14,"href":"http:\/\/wordpress.gurbuz.net\/index.php?rest_route=\/wp\/v2\/posts\/172722\/revisions"}],"predecessor-version":[{"id":172736,"href":"http:\/\/wordpress.gurbuz.net\/index.php?rest_route=\/wp\/v2\/posts\/172722\/revisions\/172736"}],"wp:attachment":[{"href":"http:\/\/wordpress.gurbuz.net\/index.php?rest_route=%2Fwp%2Fv2%2Fmedia&parent=172722"}],"wp:term":[{"taxonomy":"category","embeddable":true,"href":"http:\/\/wordpress.gurbuz.net\/index.php?rest_route=%2Fwp%2Fv2%2Fcategories&post=172722"},{"taxonomy":"post_tag","embeddable":true,"href":"http:\/\/wordpress.gurbuz.net\/index.php?rest_route=%2Fwp%2Fv2%2Ftags&post=172722"}],"curies":[{"name":"wp","href":"https:\/\/api.w.org\/{rel}","templated":true}]}}