{"id":170655,"date":"2024-05-09T13:58:26","date_gmt":"2024-05-09T13:58:26","guid":{"rendered":"http:\/\/wordpress.gurbuz.net\/?p=170655"},"modified":"2024-05-09T14:09:55","modified_gmt":"2024-05-09T14:09:55","slug":"dieser-haltung-widerspricht-der-spd-innenpolitiker-sebastian-hartmann-welt-sagt-er-das-ziel-der-taten-ist-nicht-die-koerperverletzung-als-solche-den-taetern-geht-es-um-den-angriff-auf-un","status":"publish","type":"post","link":"http:\/\/wordpress.gurbuz.net\/?p=170655","title":{"rendered":"&#8222;Dieser Haltung widerspricht der SPD-Innenpolitiker Sebastian Hartmann. WELT sagt er: \u201eDas Ziel der Taten ist nicht die K\u00f6rperverletzung als solche. Den T\u00e4tern geht es um den Angriff auf unser demokratisches System und insbesondere die Behinderung von freien Wahlen. Es soll ein Klima der Verunsicherung und des Hasses geschaffen werden.\u201c Die Debatte um Gewaltopfer erster und zweiter Klasse verkenne dieses Problem grob und sei \u201eim Kern zersetzend als auch der Verteidigung unserer Demokratie abtr\u00e4glich\u201c. Deutschland brauche mit Blick auf politisch motivierte Gewalt beides: konsequente Verfolgung der Straft\u00e4ter und eine Versch\u00e4rfung des Strafrechts.&#8220;"},"content":{"rendered":"<p><strong>NEIN!!!<\/strong><\/p>\n<p>Ihr macht es euch WIE IMMER ZU LEICHT,<br \/>\nAntreten MIT DEM VERSPRECHEN f\u00fcr Land und Leute\u2026<br \/>\n\u2026<br \/>\nUND DANN nix liefen!<\/p>\n<p>Nein, NEIN ihr macht es euch WIE\u2026<br \/>\nImmer zu leicht.<\/p>\n<p>Ich WERDE wann\u2026<br \/>\nIch wei\u00df es nicht, bei Gelegenheit\u2026<br \/>\nWenn es passt<\/p>\n<p><a href=\"https:\/\/www.msn.com\/de-de\/nachrichten\/politik\/gewaltopfer-erster-und-zweiter-klasse-kritik-an-vorsto%C3%9F-zur-strafversch%C3%A4rfung\/ar-BB1m2zzJ?ocid=msedgntp&#038;pc=U531&#038;cvid=ddf5868838ce41d4bc0702c0c2fc0ec4&#038;ei=34\" rel=\"noopener\" target=\"_blank\">Lesen sie<\/a><\/p>\n<p>Ja unvorstellbar, habe das Essen abgegeben,<br \/>\nWERDE woll nicht k\u00f6nnen. IM MOMENT auf&#8230;<br \/>\nKEINEN FALL&#8230;<br \/>\nTrotz BTM<\/p>\n<p><img src=\"https:\/\/img-s-msn-com.akamaized.net\/tenant\/amp\/entityid\/BB1m5rvd.img?w=768&#038;h=432&#038;m=6\" alt=\"\" \/><\/p>\n<p>SIE &#8222;DENKEN&#8220; sie haben die Wahl,<br \/>\nAber DAS IST NICHT wahr. Wahr IST&#8230;<br \/>\nDAS Rechteck&#8230;<br \/>\nDer Macht<\/p>\n<p>&#8222;China ist nicht mehr Deutschlands wichtigster Handelspartner \u2013 USA vorn<br \/>\n4 Std. &#8220;<\/p>\n<p>https:\/\/www.msn.com\/de-de\/finanzen\/top-stories\/china-ist-nicht-mehr-deutschlands-wichtigster-handelspartner-usa-vorn\/ar-BB1m5ELf?ocid=msedgntp&#038;pc=U531&#038;cvid=d14454370e4042869584ccd26b33c3a3&#038;ei=7<\/p>\n<p>NIEMAND wird so ohne weiteres&#8230;<br \/>\nPositioniert. WARUM&#8230;<br \/>\nRei\u00dfe ich mir sonst was auf F\u00dcR Unabh\u00e4ngige&#8230;<br \/>\nBerichterstattung, ja&#8230;<br \/>\nWarum, vergessen sie NICHT die Medien&#8230;<br \/>\nEgal welcher Art\u2026<br \/>\nIch&#8230;<br \/>\nJahrzehnte<\/p>\n","protected":false},"excerpt":{"rendered":"<p>NEIN!!! Ihr macht es euch WIE IMMER ZU LEICHT, Antreten MIT DEM VERSPRECHEN f\u00fcr Land und Leute\u2026 \u2026 UND DANN nix liefen! Nein, NEIN ihr macht es euch WIE\u2026 Immer zu leicht. Ich WERDE wann\u2026 Ich wei\u00df es nicht, bei Gelegenheit\u2026 Wenn es passt Lesen sie Ja unvorstellbar, habe das Essen abgegeben, WERDE woll nicht &hellip; <\/p>\n<p class=\"link-more\"><a href=\"http:\/\/wordpress.gurbuz.net\/?p=170655\" class=\"more-link\"><span class=\"screen-reader-text\">\u201e&#8222;Dieser Haltung widerspricht der SPD-Innenpolitiker Sebastian Hartmann. WELT sagt er: \u201eDas Ziel der Taten ist nicht die K\u00f6rperverletzung als solche. Den T\u00e4tern geht es um den Angriff auf unser demokratisches System und insbesondere die Behinderung von freien Wahlen. Es soll ein Klima der Verunsicherung und des Hasses geschaffen werden.\u201c Die Debatte um Gewaltopfer erster und zweiter Klasse verkenne dieses Problem grob und sei \u201eim Kern zersetzend als auch der Verteidigung unserer Demokratie abtr\u00e4glich\u201c. Deutschland brauche mit Blick auf politisch motivierte Gewalt beides: konsequente Verfolgung der Straft\u00e4ter und eine Versch\u00e4rfung des Strafrechts.&#8220;\u201c<\/span> weiterlesen<\/a><\/p>\n","protected":false},"author":1,"featured_media":0,"comment_status":"open","ping_status":"open","sticky":false,"template":"","format":"standard","meta":[],"categories":[1],"tags":[],"_links":{"self":[{"href":"http:\/\/wordpress.gurbuz.net\/index.php?rest_route=\/wp\/v2\/posts\/170655"}],"collection":[{"href":"http:\/\/wordpress.gurbuz.net\/index.php?rest_route=\/wp\/v2\/posts"}],"about":[{"href":"http:\/\/wordpress.gurbuz.net\/index.php?rest_route=\/wp\/v2\/types\/post"}],"author":[{"embeddable":true,"href":"http:\/\/wordpress.gurbuz.net\/index.php?rest_route=\/wp\/v2\/users\/1"}],"replies":[{"embeddable":true,"href":"http:\/\/wordpress.gurbuz.net\/index.php?rest_route=%2Fwp%2Fv2%2Fcomments&post=170655"}],"version-history":[{"count":8,"href":"http:\/\/wordpress.gurbuz.net\/index.php?rest_route=\/wp\/v2\/posts\/170655\/revisions"}],"predecessor-version":[{"id":170663,"href":"http:\/\/wordpress.gurbuz.net\/index.php?rest_route=\/wp\/v2\/posts\/170655\/revisions\/170663"}],"wp:attachment":[{"href":"http:\/\/wordpress.gurbuz.net\/index.php?rest_route=%2Fwp%2Fv2%2Fmedia&parent=170655"}],"wp:term":[{"taxonomy":"category","embeddable":true,"href":"http:\/\/wordpress.gurbuz.net\/index.php?rest_route=%2Fwp%2Fv2%2Fcategories&post=170655"},{"taxonomy":"post_tag","embeddable":true,"href":"http:\/\/wordpress.gurbuz.net\/index.php?rest_route=%2Fwp%2Fv2%2Ftags&post=170655"}],"curies":[{"name":"wp","href":"https:\/\/api.w.org\/{rel}","templated":true}]}}