{"id":170455,"date":"2024-05-07T13:02:44","date_gmt":"2024-05-07T13:02:44","guid":{"rendered":"http:\/\/wordpress.gurbuz.net\/?p=170455"},"modified":"2024-05-07T13:12:37","modified_gmt":"2024-05-07T13:12:37","slug":"hah-so-selber-nicht-unterzeichnen-aber-andere-anklagen-das-vampire-amerika-laesst-gruessen","status":"publish","type":"post","link":"http:\/\/wordpress.gurbuz.net\/?p=170455","title":{"rendered":"Hah SO, selber NICHT unterzeichnen ABER andere anklagen. DAS Vampire AMerika l\u00e4sst gr\u00fc\u00dfen"},"content":{"rendered":"<p><em><strong>Sie<\/strong><br \/>\njapanischer Ministerpr\u00e4sident 2023 beim G7 treffen UND seine Rede gegen Atomwaffen. Erz\u00e4hl uns etwas dar\u00fcber<\/em><\/p>\n<p><strong>Copilot<\/strong><br \/>\ndas web<br \/>\nwird verwendet<br \/>\nDer japanische Premierminister Fumio Kishida spielte eine wichtige Rolle beim G7-Gipfel, der im Mai 2023 in Hiroshima, Japan stattfand. Dieses Treffen war das 49. G7-Treffen und fand in einer Stadt statt, die im Jahr 1945 durch eine Atombombe zerst\u00f6rt wurde. Die Wahl des Veranstaltungsortes hatte eine starke Symbolkraft, da Japan damit ein politisches Signal gegen den Einsatz von Atomwaffen setzen wollte1.<\/p>\n<p>Die wichtigsten Themen, die auf dem G7-Gipfel behandelt wurden, umfassten:<\/p>\n<p>Russlands Angriffskrieg gegen die Ukraine: Die G7-Staats- und Regierungschefs diskutierten die Situation in der Ukraine und die weitere Unterst\u00fctzung f\u00fcr das Land.<br \/>\nNukleare Abr\u00fcstung und Nichtverbreitung: Angesichts der historischen Bedeutung von Hiroshima als Opfer einer Atombombe war die Diskussion \u00fcber nukleare Abr\u00fcstung und die Verhinderung der Verbreitung von Atomwaffen besonders relevant.<br \/>\nWeltwirtschaft, Finanzen und nachhaltige Entwicklung: Die G7-L\u00e4nder tauschten sich \u00fcber wirtschaftliche Fragen und nachhaltige Entwicklung aus.<br \/>\nKlimawandel, Energie und Umwelt: Die globale Erw\u00e4rmung und der Klimaschutz standen ebenfalls auf der Agenda.<br \/>\nErn\u00e4hrungssicherheit und Gesundheit: Die G7-Mitglieder diskutierten Ma\u00dfnahmen zur Verbesserung der Ern\u00e4hrungssicherheit und der globalen Gesundheit.<br \/>\nZusammenarbeit mit internationalen Partnern: Vertreter internationaler Organisationen wie der Vereinten Nationen, der Weltbank und der Welthandelsorganisation nahmen ebenfalls am Gipfel teil1.<br \/>\nZum Auftakt des Treffens gedachten die Teilnehmer der Opfer der Atombombenangriffe in Hiroshima und Nagasaki2. Es war ein bedeutendes Ereignis, das die internationale Zusammenarbeit und die Bem\u00fchungen um Frieden und Sicherheit in der Welt hervorhob.<\/p>\n<p><em><strong>Sie<\/strong><br \/>\nWas ist mit seiner Rede, wenn es geht w\u00f6rtlich Bitte<\/em><br \/>\n<strong>Copilot<\/strong><br \/>\ndas web<br \/>\nwird verwendet<br \/>\nLeider habe ich keine direkte w\u00f6rtliche Rede von Premierminister Fumio Kishida w\u00e4hrend des G7-Gipfels in Hiroshima 2023 gefunden. Die ver\u00f6ffentlichten Informationen konzentrieren sich haupts\u00e4chlich auf die Themen und Teilnehmer des Gipfels.<\/p>\n<p>Zum Auftakt des Treffens gedachten die Teilnehmer der Opfer der Atombombenangriffe in Hiroshima und Nagasaki1. Dies war ein bedeutendes Ereignis, das die internationale Zusammenarbeit und die Bem\u00fchungen um Frieden und Sicherheit in der Welt hervorhob.<\/p>\n<p>Wenn Sie weitere Informationen zu den Reden des japanischen Premierministers suchen, empfehle ich, gezielt nach offiziellen Quellen oder Nachrichtenberichten zu suchen. Vielleicht finden Sie dort detailliertere Informationen \u00fcber seine Rede w\u00e4hrend des G7-Gipfels in Hiroshima. <\/p>\n<p>*<\/p>\n<p>Ich BIN ich, vergesst das&#8230;<br \/>\nNIE<br \/>\nEr HAT angeklagt UND WIE, er kann NICHT aber ich HABE ES w\u00f6rtlich<\/p>\n<p><img src=\"https:\/\/www.bundesregierung.de\/resource\/image\/2191698\/16x9\/990\/557\/392469af1f9636fb9b8d6697301aa802\/639FFA5736114B93405BBC6C34CB5C09\/2023-05-20-familienfoto-g7-partner.jpg\" alt=\"\" \/><\/p>\n<p>Auf Augenh\u00f6he!??????????<br \/>\nK\u00f6nnte ich es glauben UND \u00dcBERHAUPT von wo kommt auf einmal diese Sache mit der Augenh\u00f6he her?<\/p>\n<p>https:\/\/www.<strong>bundesregierung<\/strong>.de\/breg-de\/themen\/internationale-zusammenarbeit-g7-g20\/scholz-g7-japan-2023-2190878<\/p>\n<blockquote class=\"wp-embedded-content\" data-secret=\"4TVOzTJ4xi\"><p><a href=\"http:\/\/wordpress.gurbuz.net\/?p=148120\">12:45 Welt Nachrichten DAS \u00d6l<\/a><\/p><\/blockquote>\n<p><iframe class=\"wp-embedded-content\" sandbox=\"allow-scripts\" security=\"restricted\" style=\"position: absolute; clip: rect(1px, 1px, 1px, 1px);\" title=\"&#8222;12:45 Welt Nachrichten DAS \u00d6l&#8220; &#8212; \u00d6nder G\u00fcrb\u00fcz\" src=\"http:\/\/wordpress.gurbuz.net\/?p=148120&#038;embed=true#?secret=4TVOzTJ4xi\" data-secret=\"4TVOzTJ4xi\" width=\"525\" height=\"296\" frameborder=\"0\" marginwidth=\"0\" marginheight=\"0\" scrolling=\"no\"><\/iframe><\/p>\n<p>GOLD meine Liebe,<br \/>\n<strong>GOLD<\/strong><\/p>\n","protected":false},"excerpt":{"rendered":"<p>Sie japanischer Ministerpr\u00e4sident 2023 beim G7 treffen UND seine Rede gegen Atomwaffen. Erz\u00e4hl uns etwas dar\u00fcber Copilot das web wird verwendet Der japanische Premierminister Fumio Kishida spielte eine wichtige Rolle beim G7-Gipfel, der im Mai 2023 in Hiroshima, Japan stattfand. Dieses Treffen war das 49. G7-Treffen und fand in einer Stadt statt, die im Jahr &hellip; <\/p>\n<p class=\"link-more\"><a href=\"http:\/\/wordpress.gurbuz.net\/?p=170455\" class=\"more-link\"><span class=\"screen-reader-text\">\u201eHah SO, selber NICHT unterzeichnen ABER andere anklagen. DAS Vampire AMerika l\u00e4sst gr\u00fc\u00dfen\u201c<\/span> weiterlesen<\/a><\/p>\n","protected":false},"author":1,"featured_media":0,"comment_status":"open","ping_status":"open","sticky":false,"template":"","format":"standard","meta":[],"categories":[1],"tags":[],"_links":{"self":[{"href":"http:\/\/wordpress.gurbuz.net\/index.php?rest_route=\/wp\/v2\/posts\/170455"}],"collection":[{"href":"http:\/\/wordpress.gurbuz.net\/index.php?rest_route=\/wp\/v2\/posts"}],"about":[{"href":"http:\/\/wordpress.gurbuz.net\/index.php?rest_route=\/wp\/v2\/types\/post"}],"author":[{"embeddable":true,"href":"http:\/\/wordpress.gurbuz.net\/index.php?rest_route=\/wp\/v2\/users\/1"}],"replies":[{"embeddable":true,"href":"http:\/\/wordpress.gurbuz.net\/index.php?rest_route=%2Fwp%2Fv2%2Fcomments&post=170455"}],"version-history":[{"count":5,"href":"http:\/\/wordpress.gurbuz.net\/index.php?rest_route=\/wp\/v2\/posts\/170455\/revisions"}],"predecessor-version":[{"id":170460,"href":"http:\/\/wordpress.gurbuz.net\/index.php?rest_route=\/wp\/v2\/posts\/170455\/revisions\/170460"}],"wp:attachment":[{"href":"http:\/\/wordpress.gurbuz.net\/index.php?rest_route=%2Fwp%2Fv2%2Fmedia&parent=170455"}],"wp:term":[{"taxonomy":"category","embeddable":true,"href":"http:\/\/wordpress.gurbuz.net\/index.php?rest_route=%2Fwp%2Fv2%2Fcategories&post=170455"},{"taxonomy":"post_tag","embeddable":true,"href":"http:\/\/wordpress.gurbuz.net\/index.php?rest_route=%2Fwp%2Fv2%2Ftags&post=170455"}],"curies":[{"name":"wp","href":"https:\/\/api.w.org\/{rel}","templated":true}]}}