{"id":16976,"date":"2019-01-05T10:40:02","date_gmt":"2019-01-05T10:40:02","guid":{"rendered":"http:\/\/wordpress.gurbuz.net\/?p=16976"},"modified":"2019-01-05T11:19:44","modified_gmt":"2019-01-05T11:19:44","slug":"almanlarin-cok-guezel-sevdigim-bir-oezdeyisi-vardir","status":"publish","type":"post","link":"http:\/\/wordpress.gurbuz.net\/?p=16976","title":{"rendered":"Almanlar\u0131n \u00e7ok g\u00fczel, sevdi\u011fim bir \u00f6zdeyi\u015fi vard\u0131r"},"content":{"rendered":"<p>\u015e\u00f6yle terc\u00fcme edebiliriz:<\/p>\n<p>Patron\u2026<br \/>\nAsl\u0131nda kan\u0131 arabas\u0131n\u0131 (a\u011f\u0131r y\u00fck\u00fc) \u00e7eken \u00f6k\u00fczd\u00fcr!<\/p>\n<p>D\u00fc\u015f\u00fcn bakal\u0131m \u00fczerinde, sence ger\u00e7eklik pay\u0131 var mi bu c\u00fcmlenin, varsa ne kadar?<br \/>\nDIKKAT<br \/>\nSorumluluk karde\u015fim sorumluluk\u2026<br \/>\nGelin sizlerle birde k\u00f6peklerin \u00f6zelliklerine bakal\u0131m\u2026<br \/>\nBIRI BENIM\u2026<br \/>\nBu cinsin t\u00fcm \u00f6zelliklerini ta\u015f\u0131yan Ve yine G\u00d6ZLEM ile insanlar\u0131n bur\u00e7lar konusunda vard\u0131klar\u0131 sonu\u00e7\u2026<br \/>\n\u00c7ok ilgin\u00e7\u2026<br \/>\nBen \u00f6rne\u011fin bo\u011fa burcumun T\u00dcM \u00d6ZELLIKLERINI \u00fczerimde ta\u015f\u0131yorum\u2026<br \/>\nBir bo\u011fa\u2026<br \/>\nSanata, g\u00fczele, d\u00fczene\u2026<br \/>\nOla\u011fan\u00fcst\u00fc bir meylim vard\u0131r, keyif denilene\u2026<br \/>\nYeri gelir azg\u0131n bo\u011fa olup \u00e7\u0131k\u0131 veririm \u00f6n\u00fcne!<\/p>\n<p>Jack\u2026<br \/>\nBir \u0130ngiliz Seteri, bir av k\u00f6pe\u011fi\u2026<br \/>\nYa herifin kafas\u0131 yerden kalkm\u0131yor, burnu s\u00fcrekli koku pe\u015finde\u2026<br \/>\nVe\u2026<br \/>\nBazen durur, bakar etrafa, kimi zaman otur poposunun \u00fcst\u00fcne\u2026<br \/>\nUzaktan bak ona, ASALETIN kendisi!<\/p>\n<p>Veya \u201cbizim\u201d Soylu\u2026<br \/>\nBir Dobermann (Alman Dobermann bu cinsi \u00fcretti) korkusuz, inan\u0131lmaz g\u00fc\u00e7l\u00fc bir bek\u00e7i k\u00f6pe\u011fi\u2026<br \/>\nMutlu, ikisi de kom\u015fular\u0131m\u0131z\u0131n k\u00f6pekleri. Galiba, e\u011fer yan\u0131lm\u0131yorsam bir \u0130spanyol Sussex\u2026<br \/>\nKeyfi, s\u00fcs k\u00f6pe\u011fi(!)<\/p>\n<p>Ve yine\u2026<br \/>\n\u00d6rne\u011fin \u00f6zbe\u00f6z T\u00fcrk cinsi, Kangal. Bir \u00e7oban k\u00f6pe\u011fi\u2026<br \/>\nBebekken s\u00fcr\u00fcye al\u0131\u015ft\u0131r\u0131l\u0131r, onlarla koyunlarla falan b\u00fcy\u00fcr\u2026<br \/>\nBENIMSER S\u00dcR\u00dcY\u00dc\u2026<br \/>\nCan\u0131 pahas\u0131na korur. Sorumlu\u2026<br \/>\nSorumluluk sahibi bir canl\u0131d\u0131r. Can\u0131n\u0131, mal\u0131n\u0131, kendini emanet et ona\u2026<br \/>\nG\u00f6z\u00fcn arkada kalmas\u0131n, ona emanetsin.<\/p>\n<p>Hayat dedi\u011fin nelere gebedir bilemezsin\u2026<br \/>\nVe yine\u2026<br \/>\nGeldi buldu \u00d6nder\u2019i. Karar verilmesi laz\u0131m gelece\u011fe y\u00f6nelik\u2026<br \/>\n\u00c7ok \u00f6nemli kararlar, hayatimizin geri kalan\u0131n\u0131 etkileyecek boyutta\u2026<br \/>\nVe ben, bir \u00e7eyrek, eli ekmek tutmaz olanlardan\u2026<br \/>\nAllah\u2026<br \/>\nC\u00fcmlemizin yard\u0131mc\u0131 olsun, babam\u2026<br \/>\nRahmetli girmezdi r\u00fcyama, ard\u0131nda, sonunda hay\u0131r olmasa\u2026<br \/>\nBILIYORUM BUNU, EMINIM\u2026<br \/>\nVe Rabbim\u2026<br \/>\nAma sadece bir \u00e7eyre\u011fim ve \u00e7ok korkuyorum yanl\u0131\u015f karardan\u2026<br \/>\nAcele i\u015fe \u015feytan kar\u0131\u015f\u0131rm\u0131\u015f derler, atas\u00f6z\u00fcd\u00fcr\u2026<br \/>\nATALARA, bilene sayg\u0131\u2026<br \/>\nHAK EDENE\u2026<br \/>\nSayg\u0131da kusur etmem!!!<\/p>\n","protected":false},"excerpt":{"rendered":"<p>\u015e\u00f6yle terc\u00fcme edebiliriz: Patron\u2026 Asl\u0131nda kan\u0131 arabas\u0131n\u0131 (a\u011f\u0131r y\u00fck\u00fc) \u00e7eken \u00f6k\u00fczd\u00fcr! D\u00fc\u015f\u00fcn bakal\u0131m \u00fczerinde, sence ger\u00e7eklik pay\u0131 var mi bu c\u00fcmlenin, varsa ne kadar? DIKKAT Sorumluluk karde\u015fim sorumluluk\u2026 Gelin sizlerle birde k\u00f6peklerin \u00f6zelliklerine bakal\u0131m\u2026 BIRI BENIM\u2026 Bu cinsin t\u00fcm \u00f6zelliklerini ta\u015f\u0131yan Ve yine G\u00d6ZLEM ile insanlar\u0131n bur\u00e7lar konusunda vard\u0131klar\u0131 sonu\u00e7\u2026 \u00c7ok ilgin\u00e7\u2026 Ben \u00f6rne\u011fin bo\u011fa &hellip; <\/p>\n<p class=\"link-more\"><a href=\"http:\/\/wordpress.gurbuz.net\/?p=16976\" class=\"more-link\"><span class=\"screen-reader-text\">\u201eAlmanlar\u0131n \u00e7ok g\u00fczel, sevdi\u011fim bir \u00f6zdeyi\u015fi vard\u0131r\u201c<\/span> weiterlesen<\/a><\/p>\n","protected":false},"author":1,"featured_media":0,"comment_status":"open","ping_status":"open","sticky":false,"template":"","format":"standard","meta":[],"categories":[1],"tags":[],"_links":{"self":[{"href":"http:\/\/wordpress.gurbuz.net\/index.php?rest_route=\/wp\/v2\/posts\/16976"}],"collection":[{"href":"http:\/\/wordpress.gurbuz.net\/index.php?rest_route=\/wp\/v2\/posts"}],"about":[{"href":"http:\/\/wordpress.gurbuz.net\/index.php?rest_route=\/wp\/v2\/types\/post"}],"author":[{"embeddable":true,"href":"http:\/\/wordpress.gurbuz.net\/index.php?rest_route=\/wp\/v2\/users\/1"}],"replies":[{"embeddable":true,"href":"http:\/\/wordpress.gurbuz.net\/index.php?rest_route=%2Fwp%2Fv2%2Fcomments&post=16976"}],"version-history":[{"count":10,"href":"http:\/\/wordpress.gurbuz.net\/index.php?rest_route=\/wp\/v2\/posts\/16976\/revisions"}],"predecessor-version":[{"id":16986,"href":"http:\/\/wordpress.gurbuz.net\/index.php?rest_route=\/wp\/v2\/posts\/16976\/revisions\/16986"}],"wp:attachment":[{"href":"http:\/\/wordpress.gurbuz.net\/index.php?rest_route=%2Fwp%2Fv2%2Fmedia&parent=16976"}],"wp:term":[{"taxonomy":"category","embeddable":true,"href":"http:\/\/wordpress.gurbuz.net\/index.php?rest_route=%2Fwp%2Fv2%2Fcategories&post=16976"},{"taxonomy":"post_tag","embeddable":true,"href":"http:\/\/wordpress.gurbuz.net\/index.php?rest_route=%2Fwp%2Fv2%2Ftags&post=16976"}],"curies":[{"name":"wp","href":"https:\/\/api.w.org\/{rel}","templated":true}]}}