{"id":16961,"date":"2019-01-04T18:42:52","date_gmt":"2019-01-04T18:42:52","guid":{"rendered":"http:\/\/wordpress.gurbuz.net\/?p=16961"},"modified":"2019-01-04T18:45:27","modified_gmt":"2019-01-04T18:45:27","slug":"cok-dogru","status":"publish","type":"post","link":"http:\/\/wordpress.gurbuz.net\/?p=16961","title":{"rendered":"\u00c7ok do\u011fru"},"content":{"rendered":"<p>Hep derim\u2026<br \/>\nBireyden topluma, toplumdan bireylere bir sonuca, bir yarg\u0131ya varabilirsin\u2026<br \/>\nDevlet\u2026<br \/>\nT\u00fczel ki\u015fili\u011fi ile bir toplumun olu\u015fturdu\u011fu bir olgu\u2026<br \/>\nYine, \u00f6rne\u011fin temsili demokrasilerde toplumun tercih etti\u011fi, en \u00e7ok tevecc\u00fch g\u00f6sterdigi, g\u00fcvendi\u011fi bir olu\u015fum; O toplum ad\u0131na O devleti bir s\u00fcreli\u011fine y\u00fcr\u00fctme g\u00f6revini al\u0131r\u2026<br \/>\nK\u0131sacas\u0131 bir s\u00fcreli\u011fine y\u00f6netir O devleti\u2026<br \/>\nAsl\u0131nda O olu\u015fum\u2026<br \/>\nO anda O toplumun ruh halini, taleplerini yans\u0131t\u0131r. K\u0131sacas\u0131 O hadi parti demi\u015f olal\u0131m\u2026<br \/>\nToplumun &gt; en az\u0131ndan bir k\u0131sm\u0131n\u0131n aynadaki aksidir, yans\u0131mas\u0131 &lt;<\/p>\n<p>Hat\u0131rl\u0131 okuyucular\u0131m bilir beni\u2026<br \/>\nBir illettir\u2026<br \/>\nBenimde zaman zaman mustarip (dertli, gaml\u0131, \u00e7ileli) oldu\u011fum bir illet\u2026<br \/>\nBende yapar\u0131m, genelleme\u2026<br \/>\n\u00d6rne\u011fin t\u00fcrbanl\u0131 fahi\u015fe dedi\u011fimde, kast ettiklerim ba\u015f\u00f6rt\u00fcl\u00fc kad\u0131nlar\u0131m\u0131z de\u011fildir\u2026<br \/>\nYumurta kafal\u0131 orospulard\u0131r\u2026<br \/>\nDinini, inan\u00e7lar\u0131na ya \u015fahsi ikbal u\u011fruna, para veya mahalle bask\u0131s\u0131na boyun egen yarat\u0131klar(!)<\/p>\n<p>L\u00fctfen izle\u2026<br \/>\nAlmancan varsa ve bu konuyla ilgiliysen izle\u2026<br \/>\nBak\u2026<br \/>\nDikkat et O \u00fc\u00e7 gence, ONLAR ileride birer baba olacak, iyi birer aile reisi\u2026<br \/>\nIsrail\u2019e gitmeden \u00f6nce tan\u0131d\u0131m Yahudi\u2019yi, gittim sevdim insanlar\u0131. Ya her birini, k\u00f6t\u00fcs\u00fcne rastlamad\u0131m!<\/p>\n<p>Bu demek de\u011fil ki yok aralar\u0131nda k\u00f6t\u00fcs\u00fc\u2026<br \/>\nBu demek de\u011fil ki Israil devletinin Filistinli karde\u015flerimize reva g\u00f6rd\u00fcklerini tasvip ediyorum\u2026<br \/>\nAMA\u2026<br \/>\n\u0130nsan ba\u015fka, devleti y\u00f6netenlerin yapt\u0131klar\u0131 bamba\u015fka\u2026<br \/>\nG\u00f6revi ihmal\u2026<br \/>\nG\u00f6revi suiistimal\u2026<br \/>\nG\u00f6revi k\u00f6t\u00fcye kullanma\u2026<br \/>\nHele hele \u201cbizdeki\u201d gibi, y\u00fcce dinimizi\u2026<br \/>\nH\u0131rs\u0131zl\u0131k, insanlar\u0131, toplumu yozla\u015ft\u0131rma, ahlaklar\u0131n\u0131, binlerce y\u0131ll\u0131k \u00f6rf ve adetlerini yeniden yorumlama, kendi menfaatleri u\u011fruna toplumu b\u00f6lmek ba\u015fka\u2026<br \/>\nK\u0131sacas\u0131\u2026<br \/>\nT\u00fcrk ba\u015fka, T\u00fcrkiyeli ba\u015fka, Tayyipistan ve siyaseti bamba\u015fka(!)<\/p>\n<p>YAPMA\u2026<br \/>\nTan\u0131, bil kar\u015f\u0131ndakini\u2026<br \/>\nG\u00f6receksin bak zorlanacak nefret, zorla\u015facak kin beslemek\u2026<br \/>\nDENEDIM\u2026<br \/>\nDinci ile konu\u015fmay\u0131, fanati\u011fi ile\u2026<br \/>\nOlmuyor, onlar birer istisna AMA hepimiz sadece birer insan\u0131z\u2026<br \/>\nDo\u011frular\u0131m\u0131zla, yanl\u0131\u015flar\u0131m\u0131zla sadece birer insan, bunu unutma!<\/p>\n<p>Almancan varsa izle, dikkatli izle\u2026<br \/>\nBak O tertemiz \u00fc\u00e7 gencin y\u00fcz\u00fcne, kalpleri gibi temiz, bak ve d\u00fc\u015f\u00fcn ard\u0131ndan!<\/p>\n<p><a href=\"http:\/\/mediathek.daserste.de\/Reportage-Dokumentation\/Der-Antisemitismus-Report\/Video?bcastId=799280&amp;documentId=57356858\" target=\"_blank\" rel=\"noopener\">izle<\/a><\/p>\n","protected":false},"excerpt":{"rendered":"<p>Hep derim\u2026 Bireyden topluma, toplumdan bireylere bir sonuca, bir yarg\u0131ya varabilirsin\u2026 Devlet\u2026 T\u00fczel ki\u015fili\u011fi ile bir toplumun olu\u015fturdu\u011fu bir olgu\u2026 Yine, \u00f6rne\u011fin temsili demokrasilerde toplumun tercih etti\u011fi, en \u00e7ok tevecc\u00fch g\u00f6sterdigi, g\u00fcvendi\u011fi bir olu\u015fum; O toplum ad\u0131na O devleti bir s\u00fcreli\u011fine y\u00fcr\u00fctme g\u00f6revini al\u0131r\u2026 K\u0131sacas\u0131 bir s\u00fcreli\u011fine y\u00f6netir O devleti\u2026 Asl\u0131nda O olu\u015fum\u2026 O anda &hellip; <\/p>\n<p class=\"link-more\"><a href=\"http:\/\/wordpress.gurbuz.net\/?p=16961\" class=\"more-link\"><span class=\"screen-reader-text\">\u201e\u00c7ok do\u011fru\u201c<\/span> weiterlesen<\/a><\/p>\n","protected":false},"author":1,"featured_media":0,"comment_status":"open","ping_status":"open","sticky":false,"template":"","format":"standard","meta":[],"categories":[1],"tags":[],"_links":{"self":[{"href":"http:\/\/wordpress.gurbuz.net\/index.php?rest_route=\/wp\/v2\/posts\/16961"}],"collection":[{"href":"http:\/\/wordpress.gurbuz.net\/index.php?rest_route=\/wp\/v2\/posts"}],"about":[{"href":"http:\/\/wordpress.gurbuz.net\/index.php?rest_route=\/wp\/v2\/types\/post"}],"author":[{"embeddable":true,"href":"http:\/\/wordpress.gurbuz.net\/index.php?rest_route=\/wp\/v2\/users\/1"}],"replies":[{"embeddable":true,"href":"http:\/\/wordpress.gurbuz.net\/index.php?rest_route=%2Fwp%2Fv2%2Fcomments&post=16961"}],"version-history":[{"count":5,"href":"http:\/\/wordpress.gurbuz.net\/index.php?rest_route=\/wp\/v2\/posts\/16961\/revisions"}],"predecessor-version":[{"id":16966,"href":"http:\/\/wordpress.gurbuz.net\/index.php?rest_route=\/wp\/v2\/posts\/16961\/revisions\/16966"}],"wp:attachment":[{"href":"http:\/\/wordpress.gurbuz.net\/index.php?rest_route=%2Fwp%2Fv2%2Fmedia&parent=16961"}],"wp:term":[{"taxonomy":"category","embeddable":true,"href":"http:\/\/wordpress.gurbuz.net\/index.php?rest_route=%2Fwp%2Fv2%2Fcategories&post=16961"},{"taxonomy":"post_tag","embeddable":true,"href":"http:\/\/wordpress.gurbuz.net\/index.php?rest_route=%2Fwp%2Fv2%2Ftags&post=16961"}],"curies":[{"name":"wp","href":"https:\/\/api.w.org\/{rel}","templated":true}]}}