{"id":16929,"date":"2019-01-04T10:37:43","date_gmt":"2019-01-04T10:37:43","guid":{"rendered":"http:\/\/wordpress.gurbuz.net\/?p=16929"},"modified":"2019-01-04T10:38:51","modified_gmt":"2019-01-04T10:38:51","slug":"ve-bilmedigimiz-o-kadar-cok-sey-var-ki","status":"publish","type":"post","link":"http:\/\/wordpress.gurbuz.net\/?p=16929","title":{"rendered":">>> ### Ve bilmedi\u011fimiz o kadar \u00e7ok \u015fey var ki <<< ###"},"content":{"rendered":"<p><strong>MUTLAKA OKU bunlar\u0131\u2026<\/strong><br \/>\nNas\u0131l silkildi\u011fimizi bile bilmiyoruz\u2026<br \/>\nAffedersiniz, \u00e7ok \u00f6z\u00fcr dilerim, af edin l\u00fctfen\u2026<br \/>\n\u015eark kurnazlar\u0131\u2026<br \/>\nAma \u00d6nder eninde sonunda, \u00f6\u011frenir \u00f6\u011frenmez!!!<\/p>\n<p>Bende bilmiyordum, nereden bilecektim ki?<br \/>\nBu sabah haberlerde ima ettiler, HEMEN ara\u015ft\u0131rd\u0131m\u2026<br \/>\nAMA \u00d6NCE Prof. Dr. Cafer \u00dcnay\u2019\u0131 birlikte okuyal\u0131m:<\/p>\n<p><em>Merkez Bankas\u0131 d\u00f6viz kurunu sabitledi &#8211; Kur sabitleme ne demek neden yap\u0131l\u0131r?<\/em><\/p>\n<p>\u201cMerkez Bankas\u0131, d\u00f6vizdeki art\u0131\u015fa kar\u015f\u0131 yeni bir hamle daha yaparak d\u00f6viz kurunu sabitledi. Buna g\u00f6re dolar 4.20 TL, euro 4.90 ve sterlin 5.60 TL olarak sabitlendi. Peki d\u00f6viz kuru sabitleme nedir? D\u00f6vizde ya\u015fanan anormal art\u0131\u015f\u0131n ard\u0131ndan TL, son d\u00f6nemde tarihindeki en b\u00fcy\u00fck de\u011fer kayb\u0131n\u0131 ya\u015fad\u0131. \u0130hracat\u00e7\u0131y\u0131 korumak i\u00e7in yeni bir ad\u0131m atan Merkez Bankas\u0131 kritik bir ad\u0131m atarak d\u00f6viz kurunu sabitledi. <\/p>\n<p>Buna g\u00f6re dolar 4.20 TL&#8217;de, euro 4.90 ve sterlin 5.60 TL&#8217;de sabitlendi. <\/p>\n<p>Peki d\u00f6viz kuru sabitleme nedir? Sabit ve esnek kur ne anlama geliyor? Sabit Kur Nedir, Sabit Kur Sistemi Rejimi, Sabit d\u00f6viz kurunda kambiyo denetimi ve ayarlanabilen sistem mevcuttur. Bir \u00fclkede d\u00f6viz gelirleri ve dolay\u0131s\u0131yla d\u00f6viz rezervleri yetersiz kal\u0131rsa, s\u0131k\u0131 bir denetim yard\u0131m\u0131 ile d\u00f6viz arz ve talebi denkle\u015ftirilir ve d\u00f6viz kuru sabit tutulur. Ayarlanabilir kur sisteminde Merkez Bankas\u0131 d\u00f6viz piyasas\u0131na yapaca\u011f\u0131 m\u00fcdahalelerde d\u00f6viz kurunun istikrar\u0131n\u0131 sa\u011flar. \u00d6rne\u011fin resmi d\u00f6viz kuru (E1)<br \/>\nIken, d\u00f6viz talebi arz\u0131n\u0131 a\u015f\u0131yorsa, m\u00fcdahalelerle d\u00f6viz arz\u0131 artt\u0131r\u0131l\u0131r ve talebi frenlenir.<br \/>\nBu i\u015flemin en basit yolu Merkez Bankas\u0131 piyasaya d\u00f6viz arz\u0131 artt\u0131r\u0131r. Denetimli Kur Sistemi Denetimli ya da kirli dalgalanmay\u0131 benimseyen sistemde Merkez Bankas\u0131 d\u00f6viz kurunu sabit de\u011fil, istikrarl\u0131 k\u0131lmak ister.<br \/>\nBu sistemde kurlar\u0131n sabit tutulmas\u0131 ama\u00e7lanmaz. D\u00f6viz kurlar\u0131, paralar\u0131n sat\u0131n alma g\u00fc\u00e7lerinin etkisi alt\u0131nda olmakla beraber di\u011fer fakt\u00f6rler de \u00f6nem arz ederler. \u00dclkelere g\u00f6re ortaya \u00e7\u0131kan riskler, tercihler, spek\u00fclasyonlar ve sermaye hareketleri kurlar\u0131 etkiler.\u201d<\/p>\n<p>Kaynak: Prof. Dr. Cafer \u00dcnay <\/p>\n<p><strong>Beni ilgilendiren bir konu oldu\u011fu i\u00e7in p\u00fcr dikkat kesildim\u2026<\/strong><br \/>\nIla\u00e7, ila\u00e7lar karde\u015fim ila\u00e7lar\u2026<br \/>\nEczaneler!<\/p>\n<p><strong>>>> hayati \u00f6neme sahip ila\u00e7lar piyasada yok! <<<<\/strong><\/p>\n<p>\u201cFiyat De\u011ferlendirme Komisyonu, 2018&#8217;de ila\u00e7 fiyatland\u0131rmas\u0131nda kullan\u0131lacak Euro kurunu belirledi.<\/p>\n<p>15 \u015eubat 2018 01:45<br \/>\n\u00d6nceki g\u00fcn ila\u00e7 fiyatland\u0131r\u0131lmas\u0131nda kullan\u0131lacak T\u00fcrk Liras\u0131 cinsinden 1 (bir) Avro de\u011ferinin 2018 y\u0131l\u0131 i\u00e7in bir \u00f6nceki d\u00f6nemde uygulanan 1 (bir) avro de\u011ferinin % 15 fazlas\u0131n\u0131 ge\u00e7emeyece\u011fini duyuran T\u00fcrkiye \u0130la\u00e7 ve T\u0131bbi Cihaz Kurumu (T\u0130TCK) bug\u00fcn Euro kurunu da a\u00e7\u0131klad\u0131.<br \/>\nT\u0130TCK, 2018 y\u0131l\u0131 i\u00e7in ila\u00e7 fiyatland\u0131r\u0131lmas\u0131nda kullan\u0131lacak 1 (bir) Avro de\u011ferinin 2,3421 TL\u2019den 2,6934 TL\u2019ye art\u0131r\u0131ld\u0131\u011f\u0131n\u0131 bildirdi..<br \/>\nT\u0130TCK&#8217;n\u0131n duyurusu \u015f\u00f6yle;<\/p>\n<p>T\u00fcm \u0130la\u00e7 Firmalar\u0131n\u0131n Dikkatine<\/p>\n<p>14 \u015eubat 2018 tarihli Fiyat De\u011ferlendirme Komisyonu\u2019nda;<br \/>\n1- Be\u015feri T\u0131bbi \u00dcr\u00fcnlerin Fiyatland\u0131r\u0131lmas\u0131na Dair Karar\u2019\u0131n 2 nci maddesinin ikinci f\u0131kras\u0131 ve Ge\u00e7ici Maddesinin birinci f\u0131kras\u0131 uyar\u0131nca 2018 y\u0131l\u0131 i\u00e7in be\u015feri t\u0131bbi \u00fcr\u00fcnlerin fiyatland\u0131r\u0131lmas\u0131nda kullan\u0131lan 1 (bir) Avro de\u011feri 2,3421 TL\u2019den 2,6934 TL\u2019ye art\u0131r\u0131lm\u0131\u015ft\u0131r.<br \/>\n2- Be\u015feri T\u0131bbi \u00dcr\u00fcnlerin Fiyatland\u0131r\u0131lmas\u0131na Dair Karar\u2019\u0131n 2 nci maddesinin yedinci f\u0131kras\u0131nda bahsi ge\u00e7en 8,09 TL ve 4,24 TL de\u011ferleri, Be\u015feri T\u0131bbi \u00dcr\u00fcnlerin Fiyatland\u0131r\u0131lmas\u0131na Dair Karar\u2019\u0131n 2 nci maddesinin onuncu f\u0131kras\u0131 gere\u011fi Avro de\u011ferinde yap\u0131lan de\u011fi\u015fiklik oran\u0131nda art\u0131r\u0131larak 9,30 TL ve 4,87 TL olarak g\u00fcncellenmi\u015ftir.<br \/>\n3- Be\u015feri T\u0131bbi \u00dcr\u00fcnlerin Fiyatland\u0131r\u0131lmas\u0131 Hakk\u0131nda Tebli\u011f\u2019in 12 nci maddesinin d\u00f6rd\u00fcnc\u00fc f\u0131kras\u0131 gere\u011fi bu karar\u0131n 14 \u015eubat 2018 tarihinde ilan edilmesi ve 19 \u015eubat 2018 tarihi itibariyle ge\u00e7erli olmas\u0131 karar\u0131 al\u0131nm\u0131\u015ft\u0131r.<br \/>\n\u00d6nemle duyurulur.\u201c<\/p>\n<p><em>Her \u015eubat ay\u0131nda d\u00f6viz sabitlenirmi\u015f, bilmiyordum!<\/em><\/p>\n<p>Duyuru sahibi T\u00fcrkiye Cumhuriyeti Sa\u011fl\u0131k Bakanl\u0131\u011f\u0131\u2026<br \/>\n<em>> Duyuru linki < bo\u015fa gidiyor, ilk defa yapt\u0131klar\u0131 bir i\u015flem de\u011fil! <<\/em><\/p>\n<p>http:\/\/www.titck.gov.tr\/Duyurular\/DuyuruGetir?id=3233<\/p>\n<p><strong>SEN OLSAN\u2026<br \/>\nGer\u00e7ek d\u00f6viz fiyatlar\u0131 kar\u015f\u0131s\u0131nda ila\u00e7 getirir misin?<br \/>\nNeticede\u2026<br \/>\n\u00d6zel te\u015febb\u00fcs, gaye para kazanmak!<\/strong><\/p>\n<p>###<br \/>\n<a href=\"https:\/\/www.msn.com\/de-de\/finanzen\/top-stories\/analyse-warum-die-t\u00fcrkische-inflation-auch-in-diesem-jahr-hoch-bleiben-wird\/ar-BBRN5tV?ocid=spartanntp\" rel=\"noopener\" target=\"_blank\">Ve bunu L\u00dcTFEN Almancan varsa MUTLAKA OKU<\/a><br \/>\n###<\/p>\n","protected":false},"excerpt":{"rendered":"<p>MUTLAKA OKU bunlar\u0131\u2026 Nas\u0131l silkildi\u011fimizi bile bilmiyoruz\u2026 Affedersiniz, \u00e7ok \u00f6z\u00fcr dilerim, af edin l\u00fctfen\u2026 \u015eark kurnazlar\u0131\u2026 Ama \u00d6nder eninde sonunda, \u00f6\u011frenir \u00f6\u011frenmez!!! Bende bilmiyordum, nereden bilecektim ki? Bu sabah haberlerde ima ettiler, HEMEN ara\u015ft\u0131rd\u0131m\u2026 AMA \u00d6NCE Prof. Dr. Cafer \u00dcnay\u2019\u0131 birlikte okuyal\u0131m: Merkez Bankas\u0131 d\u00f6viz kurunu sabitledi &#8211; Kur sabitleme ne demek neden yap\u0131l\u0131r? \u201cMerkez &hellip; <\/p>\n<p class=\"link-more\"><a href=\"http:\/\/wordpress.gurbuz.net\/?p=16929\" class=\"more-link\"><span class=\"screen-reader-text\">\u201e>>> ### Ve bilmedi\u011fimiz o kadar \u00e7ok \u015fey var ki <<< ###\u201c<\/span> weiterlesen<\/a><\/p>\n","protected":false},"author":1,"featured_media":0,"comment_status":"open","ping_status":"open","sticky":false,"template":"","format":"standard","meta":[],"categories":[1],"tags":[],"_links":{"self":[{"href":"http:\/\/wordpress.gurbuz.net\/index.php?rest_route=\/wp\/v2\/posts\/16929"}],"collection":[{"href":"http:\/\/wordpress.gurbuz.net\/index.php?rest_route=\/wp\/v2\/posts"}],"about":[{"href":"http:\/\/wordpress.gurbuz.net\/index.php?rest_route=\/wp\/v2\/types\/post"}],"author":[{"embeddable":true,"href":"http:\/\/wordpress.gurbuz.net\/index.php?rest_route=\/wp\/v2\/users\/1"}],"replies":[{"embeddable":true,"href":"http:\/\/wordpress.gurbuz.net\/index.php?rest_route=%2Fwp%2Fv2%2Fcomments&post=16929"}],"version-history":[{"count":3,"href":"http:\/\/wordpress.gurbuz.net\/index.php?rest_route=\/wp\/v2\/posts\/16929\/revisions"}],"predecessor-version":[{"id":16932,"href":"http:\/\/wordpress.gurbuz.net\/index.php?rest_route=\/wp\/v2\/posts\/16929\/revisions\/16932"}],"wp:attachment":[{"href":"http:\/\/wordpress.gurbuz.net\/index.php?rest_route=%2Fwp%2Fv2%2Fmedia&parent=16929"}],"wp:term":[{"taxonomy":"category","embeddable":true,"href":"http:\/\/wordpress.gurbuz.net\/index.php?rest_route=%2Fwp%2Fv2%2Fcategories&post=16929"},{"taxonomy":"post_tag","embeddable":true,"href":"http:\/\/wordpress.gurbuz.net\/index.php?rest_route=%2Fwp%2Fv2%2Ftags&post=16929"}],"curies":[{"name":"wp","href":"https:\/\/api.w.org\/{rel}","templated":true}]}}