{"id":16917,"date":"2019-01-04T09:18:29","date_gmt":"2019-01-04T09:18:29","guid":{"rendered":"http:\/\/wordpress.gurbuz.net\/?p=16917"},"modified":"2019-01-04T10:03:20","modified_gmt":"2019-01-04T10:03:20","slug":"evettt-insanlar-insanlik-gercekten-zivanadan-cikti","status":"publish","type":"post","link":"http:\/\/wordpress.gurbuz.net\/?p=16917","title":{"rendered":"Evettt, insanlar, insanl\u0131k ger\u00e7ekten z\u0131vanadan \u00e7\u0131kt\u0131"},"content":{"rendered":"<p>Allah\u2026<br \/>\nY\u00fcce Mevla\u2019m hepimizin, c\u00fcmlemizin AMA \u00f6zellikle evlatlar\u0131m\u0131z\u0131n sonunu hay\u0131r etsin\u2026<br \/>\nBu senenin ilk g\u00fcnleri\u2026<br \/>\nYaaa\u2026<br \/>\nGer\u00e7ekten bilmiyorum, sadece kendimi mi t\u00fcketiyorum yoksa insanlara bir \u015feyler verebiliyor muyum?<br \/>\n\u00d6yle olmasa grafik b\u00f6yle olmazd\u0131\u2026<br \/>\nYEMINLE\u2026<br \/>\nNe maddi ne manevi bir beklentim var. \u00c7ocuklar\u2026<br \/>\nOnlar\u0131n gelece\u011fi, onlarla birlikte bizlerin\u2026<br \/>\nDedim ya\u2026<br \/>\n&gt;&gt;&gt; 2023\u2019e kadar son se\u00e7im &lt;&lt;&lt;<br \/>\nGer\u00e7i se\u00e7im ile geldiler AMA se\u00e7imle gideceklerini sanm\u0131yorum\u2026<br \/>\nIMKANSIZ\u2026<br \/>\n\u00c7\u00fcnk\u00fc vatana ihanet s\u00f6z konusu, cezas\u0131 \u00f6l\u00fcm\u2026<br \/>\nVe o i\u011fren\u00e7 varl\u0131klar\u0131 onlar i\u00e7in \u00e7ok de\u011ferli. Ancak denemeye de\u011fer\u2026<br \/>\n\u00c7\u00fcnk\u00fc kaybettiklerini anlad\u0131klar\u0131nda, gele\u00e7ek genel se<span style=\"display: inline !important; float: none; background-color: transparent; color: #333333; cursor: text; font-family: 'Libre Franklin','Helvetica Neue',helvetica,arial,sans-serif; font-size: 16px; font-style: normal; font-variant: normal; font-weight: 400; letter-spacing: normal; orphans: 2; text-align: left; text-decoration: none; text-indent: 0px; text-transform: none; -webkit-text-stroke-width: 0px; white-space: normal; word-spacing: 0px;\">\u00e7<\/span>imde kaybetme ihtimalleri do\u011fdu\u011funda\u2026<br \/>\nAl\u0131\u015ft\u0131lar kazanmaya\u2026<br \/>\nE\u011fer O zamanda tav\u0131rlar\u0131n\u0131, siyasetlerini de\u011fi\u015ftirmezlerse ki EMINIM bir \u015feylerin de\u011fi\u015fece\u011finden\u2026<br \/>\nDUR DEMEZSEK bu gidi\u015fata\u2026<br \/>\nEhhh\u2026<br \/>\nO zaman g\u00fcl\u00fcm yand\u0131 keten helva!<\/p>\n<p><img src=\"http:\/\/www.gurbuz.net\/Turk\/040119.JPG\" alt=\"\" \/><\/p>\n<p><strong>Yazm\u0131\u015ft\u0131m de\u011fil mi?<br \/>\nUyard\u0131m, teyidi Say\u0131n \u00c7\u00f6la\u015fan\u2019\u0131n yazd\u0131klar\u0131\u2026<br \/>\nDIKKAT<br \/>\nT\u00fcfe %20 \u00dcFE %33\u2026<br \/>\nO halde &gt;&gt;&gt; ger\u00e7ek T\u00dcFE en az y\u00fczde 30!!! &lt;&lt;&lt;<\/strong><\/p>\n<p>Ger\u00e7ek \u00dcFE\u2019yi sadece Allah ve Onlar bilir\u2026<br \/>\nYa \u00fcreticinin can\u0131 dayan\u0131r mi buna, S\u00d6YLE dayan\u0131r m\u0131?<br \/>\nBu insanlar\u0131n k\u00e2r\u2019\u0131 y\u00fczde ka\u00e7 san\u0131yorsun, Real ekonomi\u2026<br \/>\nY\u00fczde on \u00fc\u00e7l\u00fck bir &gt; a\u00e7\u0131\u011f\u0131 &lt; ne kadar omuzlayabilirler ki?<\/p>\n<p>PING<\/p>\n","protected":false},"excerpt":{"rendered":"<p>Allah\u2026 Y\u00fcce Mevla\u2019m hepimizin, c\u00fcmlemizin AMA \u00f6zellikle evlatlar\u0131m\u0131z\u0131n sonunu hay\u0131r etsin\u2026 Bu senenin ilk g\u00fcnleri\u2026 Yaaa\u2026 Ger\u00e7ekten bilmiyorum, sadece kendimi mi t\u00fcketiyorum yoksa insanlara bir \u015feyler verebiliyor muyum? \u00d6yle olmasa grafik b\u00f6yle olmazd\u0131\u2026 YEMINLE\u2026 Ne maddi ne manevi bir beklentim var. \u00c7ocuklar\u2026 Onlar\u0131n gelece\u011fi, onlarla birlikte bizlerin\u2026 Dedim ya\u2026 &gt;&gt;&gt; 2023\u2019e kadar son se\u00e7im &lt;&lt;&lt; &hellip; <\/p>\n<p class=\"link-more\"><a href=\"http:\/\/wordpress.gurbuz.net\/?p=16917\" class=\"more-link\"><span class=\"screen-reader-text\">\u201eEvettt, insanlar, insanl\u0131k ger\u00e7ekten z\u0131vanadan \u00e7\u0131kt\u0131\u201c<\/span> weiterlesen<\/a><\/p>\n","protected":false},"author":1,"featured_media":0,"comment_status":"open","ping_status":"open","sticky":false,"template":"","format":"standard","meta":[],"categories":[1],"tags":[],"_links":{"self":[{"href":"http:\/\/wordpress.gurbuz.net\/index.php?rest_route=\/wp\/v2\/posts\/16917"}],"collection":[{"href":"http:\/\/wordpress.gurbuz.net\/index.php?rest_route=\/wp\/v2\/posts"}],"about":[{"href":"http:\/\/wordpress.gurbuz.net\/index.php?rest_route=\/wp\/v2\/types\/post"}],"author":[{"embeddable":true,"href":"http:\/\/wordpress.gurbuz.net\/index.php?rest_route=\/wp\/v2\/users\/1"}],"replies":[{"embeddable":true,"href":"http:\/\/wordpress.gurbuz.net\/index.php?rest_route=%2Fwp%2Fv2%2Fcomments&post=16917"}],"version-history":[{"count":9,"href":"http:\/\/wordpress.gurbuz.net\/index.php?rest_route=\/wp\/v2\/posts\/16917\/revisions"}],"predecessor-version":[{"id":16928,"href":"http:\/\/wordpress.gurbuz.net\/index.php?rest_route=\/wp\/v2\/posts\/16917\/revisions\/16928"}],"wp:attachment":[{"href":"http:\/\/wordpress.gurbuz.net\/index.php?rest_route=%2Fwp%2Fv2%2Fmedia&parent=16917"}],"wp:term":[{"taxonomy":"category","embeddable":true,"href":"http:\/\/wordpress.gurbuz.net\/index.php?rest_route=%2Fwp%2Fv2%2Fcategories&post=16917"},{"taxonomy":"post_tag","embeddable":true,"href":"http:\/\/wordpress.gurbuz.net\/index.php?rest_route=%2Fwp%2Fv2%2Ftags&post=16917"}],"curies":[{"name":"wp","href":"https:\/\/api.w.org\/{rel}","templated":true}]}}