{"id":16903,"date":"2019-01-04T08:06:57","date_gmt":"2019-01-04T08:06:57","guid":{"rendered":"http:\/\/wordpress.gurbuz.net\/?p=16903"},"modified":"2019-01-04T08:50:38","modified_gmt":"2019-01-04T08:50:38","slug":"ters-imam","status":"publish","type":"post","link":"http:\/\/wordpress.gurbuz.net\/?p=16903","title":{"rendered":"(Ters) \u0130mam"},"content":{"rendered":"<p>Kendini bilmez Alman veya T\u00fcrk hi\u00e7 fark etmez\u2026<br \/>\nKendini bilmezler &gt; bizi bilmeden, Ortado\u011fu insan\u0131n\u0131 tan\u0131madan etmeden &lt; g\u00fcncellemeye kalk\u0131yor\u2026<br \/>\nIslahat (reformize) etmeye \u00e7al\u0131\u015f\u0131yor\u2026<br \/>\nKad\u0131ndan imam olur mu?<\/p>\n<p>Gayet tabii\u2026<br \/>\nBal gibi olur!!!<br \/>\nO\u2026<br \/>\nAllah\u2019\u0131n bir kulu de\u011fil mi?<\/p>\n<p>Niyet ettim Allah r\u0131zas\u0131 i\u00e7in namaz k\u0131lmaya, uydum imama(!)<\/p>\n<p>Olmuyor i\u015fte OLMUYOR\u2026<br \/>\nBir kad\u0131n\u0131n arkas\u0131nda namaz k\u0131lmak olmuyorrr\u2026<br \/>\nNefis karde\u015fim nefis!<\/p>\n<p>Ha herkesin akl\u0131na \u201cpislik\u201d geliyor, gelir mi?<br \/>\nO ba\u015fka\u2026<br \/>\nAbdest mesela, neydi?<br \/>\nSembolik bir ar\u0131nma\u2026<br \/>\nKendini, i\u00e7ini, d\u00fc\u015f\u00fcncelerini temizliyorsun Allah kar\u015f\u0131s\u0131na \u00e7\u0131kmadan\u2026<br \/>\nYoksa hi\u00e7 kum ile temizlik olur mu?<\/p>\n<p>Ben mesela\u2026<br \/>\nNe utanaca\u011f\u0131m ya, abdest almas\u0131n\u0131 bilmem, BILMIYORUM, ilgilendirmiyor beni\u2026<br \/>\n&gt;&gt;&gt; \u00f6\u011frenmekte istemiyorum, biliyordum, unuttum &lt;&lt;&lt;<br \/>\nTatbik etmiyorum \u00e7\u00fcnk\u00fc!<\/p>\n<p>Zaten ayda y\u0131lda bir giderim Camiye\u2026<br \/>\nGidece\u011fim zaman\u2026<br \/>\nBoy abdesti al\u0131r\u0131m, ne kad\u0131n\u0131, sevi\u015fmesi\u2026<br \/>\nBedenimi boydan boya, i\u00e7imi temizleyip \u00f6yle \u00e7\u0131kmak istiyorum Tanr\u0131m\u0131n huzuruna\u2026<br \/>\nI\u015f olsun diye, g\u00f6stermelik\u2026<br \/>\nNe M\u00fcsl\u00fcman\u0131m ne vatansever!<\/p>\n<p>Neysem oyum\u2026<br \/>\nSadece bir insan, belki \u201cdi\u011ferlerine nazaran\u201d fark\u0131m \u00e7ok okumam\u2026<br \/>\nBir o kadar her konuda \u00e7ok d\u00fc\u015f\u00fcnmem(!)<\/p>\n<p>Yok\u2026<br \/>\nOlur mu, ha\u015faaaa\u2026<br \/>\nM\u00fcsl\u00fcmanl\u0131\u011f\u0131 yeniden icat eder, tarif etmeye \u00e7al\u0131\u015f\u0131r miyim hi\u00e7?<br \/>\nBenim ad\u0131m Recep Tayyip Kahpedo\u011fan, mezhebim, mensup oldu\u011fum toplum AKP-i h\u0131rs\u0131z mi?<\/p>\n<p>Bu gece rahmetliyi g\u00f6rd\u00fcm r\u00fcyamda\u2026<br \/>\nBabam\u0131\u2026<br \/>\nTuhaf bir r\u00fcya, sonsuzlukla ilgili\u2026<br \/>\nAnnem nas\u0131l k\u0131z\u0131yor bana, of, of, of\u2026<br \/>\nBabam oturmu\u015f bir masa \u00fczerine sadece izliyor bizi\u2026<br \/>\nKonu para, s\u00f6z\u00fcm ona ailenin, onun paras\u0131yla alm\u0131\u015f\u0131m ald\u0131\u011f\u0131m\u0131\u2026<br \/>\nHi\u00e7 olur mu?<br \/>\nKendi paramla al\u0131r\u0131m alaca\u011f\u0131m\u0131, kimsenin hakk\u0131n\u0131 kimseye yedirmem. Her \u015feyimiz ama her \u015feyimiz\u2026<br \/>\n\u00c7ok \u00f6zel olmad\u0131ktan sonra ORTAK olsa bile\u2026<br \/>\nBen O ayr\u0131m\u0131 yap\u0131yorum, yapmak zorunday\u0131m.<\/p>\n<p>Evet\u2026<br \/>\nDarald\u0131m yine, zaten darmada\u011f\u0131n olmam\u0131n bir sebebi\u2026<br \/>\nSorumlulu\u011fun a\u011f\u0131r y\u00fck\u00fc\u2026<br \/>\nVE EVET, bu sabah ekonomistin yorumunda dedi\u011fi gibi\u2026<br \/>\nBilmediklerimiz, bu y\u00fczden \u00f6n\u00fcm\u00fcz\u00fc g\u00f6remiyoruz\u2026<br \/>\nBuna benzer bir c\u00fcmle kurmu\u015ftu(!)<\/p>\n<p>Ancak EMINIM\u2026<br \/>\nBu\u2026<br \/>\nHayra yorulacak bir r\u00fcya. Babam\u0131, rahmetliyi ne zamandan beri g\u00f6rm\u00fcyordum r\u00fcyalar\u0131mda\u2026<br \/>\nBiliyorum ve yine EMINIM onlar her an yan\u0131mda\u2026<br \/>\nG\u00f6r\u00fcyorlar, tabii Allah\u2019\u0131n izniyle g\u00f6r\u00fcyor, izliyorlar bizleri!<\/p>\n<p>Onu g\u00f6rd\u00fcm ya, bir heyecanla, sevin\u00e7le uyand\u0131m\u2026<br \/>\nBir daha da uyuyamad\u0131m, ta sabaha kar\u015f\u0131. Zor kald\u0131rd\u0131 han\u0131m beni\u2026<br \/>\nDoktorda.<\/p>\n<p>Benimde ACILEN gitmem laz\u0131m ama\u2026<br \/>\nAyaklar tersten tersten, geri geri gidiyor\u2026<br \/>\nKafa\u2026<br \/>\nVar bir \u015feyler!<\/p>\n<p>Ve g\u00f6zlerimizi \u00e7eviriyoruz Hindistan\u2019a\u2026<br \/>\nK\u00f6kten dinci\u2026<br \/>\nEVET DINCILER, kad\u0131n kutsal mek\u00e2nlar\u0131na girdi, IBADET ETMEK istedi\u011fi i\u00e7in ayakland\u0131\u2026<br \/>\nOnlar insan de\u011fil mi?<\/p>\n<p>Nedir bu kad\u0131n ile al\u0131p veremedi\u011finiz?<br \/>\nNe bu ba\u011fnazl\u0131k?<\/p>\n<p>Onlar\u2026<br \/>\nBize sevgili, onlar bize e\u015f, dost, y\u00e2r, onlar bizim \u00e7ocuklar\u0131m\u0131z\u0131n analar\u0131 de\u011fil mi?<br \/>\nTabii\u2026<br \/>\nHer kad\u0131n, kad\u0131n de\u011fildir\u2026<br \/>\nHer erke\u011fin erkek olmad\u0131\u011f\u0131 gibi, o ba\u015fka\u2026<br \/>\n\u00d6ld\u00fcrmeye\u2026<br \/>\n\u0130\u015fkence etmeye hele hele ki hi\u00e7 fark etmez\u2026<br \/>\nHak dini olsun olmas\u0131n, unutma senin atalar\u0131nda bir zamanlar \u015eamand\u0131\u2026<br \/>\n\u201cDaha y\u00fcce bir varl\u0131\u011fa\u201d<br \/>\nO &gt;&gt;&gt; g\u00fczel ve do\u011fru &lt;&lt;&lt; d\u00fc\u015f\u00fcnceler, \u00f6\u011fretiler manzumesine\u2026<br \/>\nSenin\u2026<br \/>\nOnu, onlar\u0131 mahrum etmeye hakk\u0131n var m\u0131?<\/p>\n<p>Tersiz karde\u015fim ters\u2026<br \/>\n&gt;&gt;&gt; hi\u00e7bir \u015feyimiz uymuyor di\u011fer insanlara, konan evrensel kurallara &lt;&lt;&lt;<br \/>\nHi\u00e7-bir \u015fey-i-miz\u2026<br \/>\nNeden b\u00f6yleyiz?<\/p>\n<p>Kendimizi sorgulaman\u0131n zaman\u0131 geldi de ge\u00e7miyor mu?<\/p>\n","protected":false},"excerpt":{"rendered":"<p>Kendini bilmez Alman veya T\u00fcrk hi\u00e7 fark etmez\u2026 Kendini bilmezler &gt; bizi bilmeden, Ortado\u011fu insan\u0131n\u0131 tan\u0131madan etmeden &lt; g\u00fcncellemeye kalk\u0131yor\u2026 Islahat (reformize) etmeye \u00e7al\u0131\u015f\u0131yor\u2026 Kad\u0131ndan imam olur mu? Gayet tabii\u2026 Bal gibi olur!!! O\u2026 Allah\u2019\u0131n bir kulu de\u011fil mi? Niyet ettim Allah r\u0131zas\u0131 i\u00e7in namaz k\u0131lmaya, uydum imama(!) Olmuyor i\u015fte OLMUYOR\u2026 Bir kad\u0131n\u0131n arkas\u0131nda namaz &hellip; <\/p>\n<p class=\"link-more\"><a href=\"http:\/\/wordpress.gurbuz.net\/?p=16903\" class=\"more-link\"><span class=\"screen-reader-text\">\u201e(Ters) \u0130mam\u201c<\/span> weiterlesen<\/a><\/p>\n","protected":false},"author":1,"featured_media":0,"comment_status":"open","ping_status":"open","sticky":false,"template":"","format":"standard","meta":[],"categories":[1],"tags":[],"_links":{"self":[{"href":"http:\/\/wordpress.gurbuz.net\/index.php?rest_route=\/wp\/v2\/posts\/16903"}],"collection":[{"href":"http:\/\/wordpress.gurbuz.net\/index.php?rest_route=\/wp\/v2\/posts"}],"about":[{"href":"http:\/\/wordpress.gurbuz.net\/index.php?rest_route=\/wp\/v2\/types\/post"}],"author":[{"embeddable":true,"href":"http:\/\/wordpress.gurbuz.net\/index.php?rest_route=\/wp\/v2\/users\/1"}],"replies":[{"embeddable":true,"href":"http:\/\/wordpress.gurbuz.net\/index.php?rest_route=%2Fwp%2Fv2%2Fcomments&post=16903"}],"version-history":[{"count":13,"href":"http:\/\/wordpress.gurbuz.net\/index.php?rest_route=\/wp\/v2\/posts\/16903\/revisions"}],"predecessor-version":[{"id":16916,"href":"http:\/\/wordpress.gurbuz.net\/index.php?rest_route=\/wp\/v2\/posts\/16903\/revisions\/16916"}],"wp:attachment":[{"href":"http:\/\/wordpress.gurbuz.net\/index.php?rest_route=%2Fwp%2Fv2%2Fmedia&parent=16903"}],"wp:term":[{"taxonomy":"category","embeddable":true,"href":"http:\/\/wordpress.gurbuz.net\/index.php?rest_route=%2Fwp%2Fv2%2Fcategories&post=16903"},{"taxonomy":"post_tag","embeddable":true,"href":"http:\/\/wordpress.gurbuz.net\/index.php?rest_route=%2Fwp%2Fv2%2Ftags&post=16903"}],"curies":[{"name":"wp","href":"https:\/\/api.w.org\/{rel}","templated":true}]}}