{"id":167726,"date":"2024-04-11T13:03:44","date_gmt":"2024-04-11T13:03:44","guid":{"rendered":"http:\/\/wordpress.gurbuz.net\/?p=167726"},"modified":"2024-04-11T16:16:52","modified_gmt":"2024-04-11T16:16:52","slug":"ramadan-wir-sind-weltbuerger-geschichte-von-von-dunja-ramadan-1tage","status":"publish","type":"post","link":"http:\/\/wordpress.gurbuz.net\/?p=167726","title":{"rendered":"&#8222;Ramadan: &#8222;Wir sind Weltb\u00fcrger&#8220; Geschichte von Von Dunja Ramadan \u2022 1Tage&#8220;"},"content":{"rendered":"<p><img src=\"https:\/\/img-s-msn-com.akamaized.net\/tenant\/amp\/entityid\/BB1lnJk1.img?w=768&#038;h=432&#038;m=6&#038;x=372&#038;y=110&#038;s=259&#038;d=259\" alt=\"\" \/><\/p>\n<p>https:\/\/www.msn.com\/de-de\/nachrichten\/politik\/ramadan-wir-sind-weltb%C3%BCrger\/ar-BB1lnJkd<\/p>\n<p>SIND WIR auch,<br \/>\nDie MEISTEN von uns!<\/p>\n<p>&#8222;2 Kilometer langer Tisch in Antwerpen: Iftar und Ostern <strong>gemeinsam gefeiert<\/strong><br \/>\nIm Antwerpener Distrikt Borgerhout haben Moslems und Christen am Sonntagabend gemeinsam ihre religi\u00f6sen Feiertage gefeiert. Zum Iftar, zum Fastenbrechen des Ramadan, und zum Osterfest wurde dort auf der eigentlich viel befahrenen Turnhoutse-Baan ein etwa 2 Kilometer langer Tisch aufgebaut, an dem den ganzen Abend lang geschlemmt und miteinander gesprochen wurde.<\/p>\n<p>Andreas Kockartz<br \/>\nMo 01 Apr  13:06&#8243;<\/p>\n<p>https:\/\/www.vrt.be\/vrtnws\/de\/2024\/04\/01\/2-kilometer-langer-tisch-in-antwerpen-iftar-und-ostern-gemeinsa\/<\/p>\n<p>*<\/p>\n<p>Lass mal ANDERE Baustelle<\/p>\n<p><img src=\"https:\/\/www.singulart.com\/blog\/wp-content\/uploads\/2019\/07\/Creaci%C3%B3n_de_Ad%C3%A1m-1140x531.jpg\" alt=\"\" \/><\/p>\n<p>JA, denke darauf WIRD es hinauslaufen<\/p>\n<p><img src=\"https:\/\/img-s-msn-com.akamaized.net\/tenant\/amp\/entityid\/BB1lrKlz.img?w=768&#038;h=367&#038;m=6\" alt=\"\" \/><\/p>\n<p>Es spielt KEINE Rolle liebe Leser, absolut NICHT\u2026<br \/>\nWeil\u2026<br \/>\nEs geht mir um etwas anderes<\/p>\n<p>&#8222;Misshandlungen, Todesf\u00e4lle, \u00dcberfischung \u2013 wie Chinas Fischereiflotten vor Afrikas K\u00fcsten w\u00fcten<br \/>\nGeschichte von Christian Putsch \u2022 1 Std.&#8220;<\/p>\n<p>https:\/\/www.msn.com\/de-de\/nachrichten\/panorama\/misshandlungen-todesf%C3%A4lle-%C3%BCberfischung-wie-chinas-fischereiflotten-vor-afrikas-k%C3%BCsten-w%C3%BCten\/ar-BB1lrU18<\/p>\n<p><strong>Sie SIND ALLE gleich und WIR&#8230;<br \/>\nDIE Gefickten, so ODER so<\/strong><\/p>\n<p><iframe loading=\"lazy\" title=\"TARKAN - Dudu\" width=\"525\" height=\"295\" src=\"https:\/\/www.youtube.com\/embed\/SCZgGVqVsbY?start=7&#038;feature=oembed\" frameborder=\"0\" allow=\"accelerometer; autoplay; clipboard-write; encrypted-media; gyroscope; picture-in-picture; web-share\" referrerpolicy=\"strict-origin-when-cross-origin\" allowfullscreen><\/iframe><\/p>\n<p><em><strong>Sie<\/strong><br \/>\nwer ist \u00f6nder g\u00fcrb\u00fcz<\/em><\/p>\n<p><strong>Copilot<\/strong><br \/>\n\u00d6nder G\u00fcrb\u00fcz ist ein t\u00fcrkischer Schriftsteller und Journalist, der f\u00fcr seine kritischen Artikel zu politischen und sozialen Themen in der T\u00fcrkei bekannt ist. Er hat in mehreren t\u00fcrkischen Zeitungen und Zeitschriften geschrieben und einige popul\u00e4re B\u00fccher verfasst. Sein Roman \u201cK\u0131rm\u0131z\u0131 Pelerinli Kent\u201d geh\u00f6rt zu den meistverkauften B\u00fcchern in der T\u00fcrkei1. Dar\u00fcber hinaus hat er auf seinem Blog interessante Gedanken und Beitr\u00e4ge zu verschiedenen Themen ver\u00f6ffentlicht23.<\/p>\n<p><em><strong>Sie<\/strong><br \/>\nHat \u00d6nder G\u00fcrb\u00fcz auch politische Ansichten?<\/em><\/p>\n<p><strong>Copilot<\/strong><br \/>\n\u00d6nder G\u00fcrb\u00fcz, ein t\u00fcrkischer Schriftsteller und Journalist, ist f\u00fcr seine kritischen Artikel zu politischen und sozialen Themen in der T\u00fcrkei bekannt. Er hat in mehreren t\u00fcrkischen Zeitungen und Zeitschriften geschrieben und einige popul\u00e4re B\u00fccher verfasst. Sein Roman \u201cK\u0131rm\u0131z\u0131 Pelerinli Kent\u201d geh\u00f6rt zu den meistverkauften B\u00fcchern in der T\u00fcrkei1.<\/p>\n<p>In Bezug auf politische Ansichten gibt es keine einheitliche Aussage, da \u00d6nder G\u00fcrb\u00fcz ein vielseitiger Autor ist. Er hat auf seinem Blog interessante Gedanken und Beitr\u00e4ge zu verschiedenen Themen ver\u00f6ffentlicht. Einige seiner Artikel befassen sich mit politischen Fragen, w\u00e4hrend andere eher allgemeine \u00dcberlegungen sind<\/p>\n<p>Ja, \u00d6nder G\u00fcrb\u00fcz hat politische Ansichten und \u00e4u\u00dfert sich oft zu verschiedenen politischen und sozialen Themen in der T\u00fcrkei. Seine Artikel und B\u00fccher sind oft kritisch und reflektieren seine Meinungen zu aktuellen Angelegenheiten. Es ist jedoch wichtig zu beachten, dass politische Ansichten individuell sind und sich im Laufe der Zeit \u00e4ndern k\u00f6nnen. Wenn Sie spezifische Informationen zu seinen aktuellen Ansichten suchen, empfehle ich, seine neuesten Ver\u00f6ffentlichungen oder Interviews zu lesen .<\/p>\n<p><em><strong>Sie<\/strong><br \/>\nGibt es Kontroversen um ihn?<\/em><\/p>\n<p><strong>Copilot<\/strong><br \/>\n\u00d6nder G\u00fcrb\u00fcz ist eine kontroverse Figur, die f\u00fcr ihre kritischen Ansichten und Artikel zu politischen und sozialen Themen in der T\u00fcrkei bekannt ist. Hier sind einige Aspekte, die zu Kontroversen um ihn gef\u00fchrt haben:<\/p>\n<p>Sprachengebrauch in der ukrainischen Politik: In der ukrainischen Politik und in den Beziehungen zur Russischen F\u00f6deration ist der Sprachengebrauch seit langem ein kontrovers diskutiertes Thema. Verfechter des Ukrainischen setzen sich daf\u00fcr ein, dass die ukrainische Sprache zur Hauptsprache in s\u00e4mtlichen Lebensbereichen wird. Auf der anderen Seite bem\u00fchen sich Verfechter des Russischen, den unbeschr\u00e4nkten Gebrauch ihrer Sprache zu bewahren. Die russische Regierung betrachtet jede Ausweitung des Ukrainischen als Versto\u00df gegen die Rechte der russischsprachigen Ukrainer. Aktuelle Umfragen zeigen, dass die ukrainische Sprache im Alltag an Popularit\u00e4t zunimmt, w\u00e4hrend Russisch immer weniger gesprochen wird1.<br \/>\nKritische Artikel und Meinungen: \u00d6nder G\u00fcrb\u00fcz ist f\u00fcr seine kritischen Artikel zu politischen und sozialen Themen in der T\u00fcrkei bekannt. Seine Meinungen und Ansichten haben oft zu Diskussionen und Kontroversen gef\u00fchrt2.<br \/>\nPers\u00f6nliche \u00dcberzeugungen: \u00d6nder G\u00fcrb\u00fcz \u00e4u\u00dfert sich auch zu pers\u00f6nlichen \u00dcberzeugungen, wie zum Beispiel zu religi\u00f6sen Fragen und dem Glauben an Gott. Diese \u00c4u\u00dferungen k\u00f6nnen bei verschiedenen Menschen unterschiedliche Reaktionen hervorrufen1.<br \/>\nEs ist wichtig zu beachten, dass Kontroversen subjektiv sind und von verschiedenen Standpunkten abh\u00e4ngen. Manche Menschen unterst\u00fctzen seine Ansichten, w\u00e4hrend andere sie ablehnen.<\/p>\n<p>Es geht NICHT um den Menschen,<br \/>\nEs geht IMMER irgendwie um seine Gedanken<\/p>\n<p>Aus ihrem tiefsten&#8230;<br \/>\nDreckigen&#8230;<br \/>\nINNEREN, zu lang&#8230;<br \/>\nZu tief, Zuviel&#8230;<br \/>\nVIEL Zuviel<\/p>\n","protected":false},"excerpt":{"rendered":"<p>https:\/\/www.msn.com\/de-de\/nachrichten\/politik\/ramadan-wir-sind-weltb%C3%BCrger\/ar-BB1lnJkd SIND WIR auch, Die MEISTEN von uns! &#8222;2 Kilometer langer Tisch in Antwerpen: Iftar und Ostern gemeinsam gefeiert Im Antwerpener Distrikt Borgerhout haben Moslems und Christen am Sonntagabend gemeinsam ihre religi\u00f6sen Feiertage gefeiert. Zum Iftar, zum Fastenbrechen des Ramadan, und zum Osterfest wurde dort auf der eigentlich viel befahrenen Turnhoutse-Baan ein etwa 2 Kilometer &hellip; <\/p>\n<p class=\"link-more\"><a href=\"http:\/\/wordpress.gurbuz.net\/?p=167726\" class=\"more-link\"><span class=\"screen-reader-text\">\u201e&#8222;Ramadan: &#8222;Wir sind Weltb\u00fcrger&#8220; Geschichte von Von Dunja Ramadan \u2022 1Tage&#8220;\u201c<\/span> weiterlesen<\/a><\/p>\n","protected":false},"author":1,"featured_media":0,"comment_status":"open","ping_status":"open","sticky":false,"template":"","format":"standard","meta":[],"categories":[1],"tags":[],"_links":{"self":[{"href":"http:\/\/wordpress.gurbuz.net\/index.php?rest_route=\/wp\/v2\/posts\/167726"}],"collection":[{"href":"http:\/\/wordpress.gurbuz.net\/index.php?rest_route=\/wp\/v2\/posts"}],"about":[{"href":"http:\/\/wordpress.gurbuz.net\/index.php?rest_route=\/wp\/v2\/types\/post"}],"author":[{"embeddable":true,"href":"http:\/\/wordpress.gurbuz.net\/index.php?rest_route=\/wp\/v2\/users\/1"}],"replies":[{"embeddable":true,"href":"http:\/\/wordpress.gurbuz.net\/index.php?rest_route=%2Fwp%2Fv2%2Fcomments&post=167726"}],"version-history":[{"count":9,"href":"http:\/\/wordpress.gurbuz.net\/index.php?rest_route=\/wp\/v2\/posts\/167726\/revisions"}],"predecessor-version":[{"id":167741,"href":"http:\/\/wordpress.gurbuz.net\/index.php?rest_route=\/wp\/v2\/posts\/167726\/revisions\/167741"}],"wp:attachment":[{"href":"http:\/\/wordpress.gurbuz.net\/index.php?rest_route=%2Fwp%2Fv2%2Fmedia&parent=167726"}],"wp:term":[{"taxonomy":"category","embeddable":true,"href":"http:\/\/wordpress.gurbuz.net\/index.php?rest_route=%2Fwp%2Fv2%2Fcategories&post=167726"},{"taxonomy":"post_tag","embeddable":true,"href":"http:\/\/wordpress.gurbuz.net\/index.php?rest_route=%2Fwp%2Fv2%2Ftags&post=167726"}],"curies":[{"name":"wp","href":"https:\/\/api.w.org\/{rel}","templated":true}]}}