{"id":16135,"date":"2018-12-14T14:27:10","date_gmt":"2018-12-14T14:27:10","guid":{"rendered":"http:\/\/wordpress.gurbuz.net\/?p=16135"},"modified":"2018-12-14T14:35:37","modified_gmt":"2018-12-14T14:35:37","slug":"facebok-zamanlarimdi-ama-gercek-ama-sahte-bircok-dost-edinmistim","status":"publish","type":"post","link":"http:\/\/wordpress.gurbuz.net\/?p=16135","title":{"rendered":"FaceBok zamanlar\u0131md\u0131, ama ger\u00e7ek ama sahte \u201cbir\u00e7ok dost\u201d edinmi\u015ftim"},"content":{"rendered":"<p>Bak yemin ediyorum, yemin\u2026<br \/>\nGetir\u2026<br \/>\nKurana el basar\u0131m. Biliyorsunuz beni, d\u00fc\u015f\u00fcncelerim dilimde, kalemimde\u2026<br \/>\nS\u00f6z\u00fcm\u00fc sak\u0131nmam VE kimsenin ard\u0131ndan konu\u015fmam, vaki de\u011fildir\u2026<br \/>\nY\u00fcz\u00fcne\u2026<br \/>\nA\u00e7\u0131k a\u00e7\u0131k bu m\u00fcmk\u00fcn de\u011filse KIVIRMAM\u2026<br \/>\nAd\u0131yla san\u0131yla anar\u0131m!<\/p>\n<p>AKP enemy yani d\u00fc\u015fman ilan etmi\u015fti\u2026<br \/>\nKENDISI, yani Facebook bana bu s\u0131fatla sayfa a\u00e7mam\u0131 \u00f6nerdi\u2026<br \/>\nNe Amerika ne Rusya\u2026<br \/>\nTam ba\u011f\u0131ms\u0131z T\u00fcrkiye, atalar\u0131m\u0131n topraklar\u0131\u2026<br \/>\nBu topraklar\u0131n ismini ta\u015f\u0131yorum, \u00d6nder\u2026<br \/>\nVe elimden geldi\u011fi kadar ismime laik olmaya \u00e7al\u0131\u015f\u0131yorum, zaman zaman kendimi kaybedip a\u011fz\u0131m\u0131 bozsam bile.<\/p>\n<p>Zaten beni bir \u00e7ekmeceye s\u0131\u011fd\u0131rmak zordur, s\u0131\u011fmam AMA\u2026<br \/>\nBana ne AKP ne FET\u00d6 veya PKK yaftas\u0131 yak\u0131\u015ft\u0131ramazs\u0131n\u0131z\u2026<br \/>\nNe o k\u00f6yl\u00fcy\u00fcm ne bu k\u00f6yl\u00fc\u2026<br \/>\nUlan\u2026<br \/>\nKar\u0131 k\u00f6yl\u00fc bile de\u011filim, \u00f6zbe\u00f6z \u0130stanbulluyum, damarlar\u0131mda T\u00fcrk\u2019\u00fcn kani akar\u2026<br \/>\nYeri gelir Atat\u00fcrk\u00e7\u00fc, bilim ve mant\u0131k g\u00f6bek ad\u0131m olur\u2026<br \/>\nYeri gelir, al\u0131r\u0131m, alaca\u011f\u0131m yani silah\u0131 elime, olurum bir Kemalist!<\/p>\n<p>Yok\u2026<br \/>\nKimseyi savunmuyorum, her ne kadar \u201ctek kald\u0131ysa da\u201d S\u00f6zc\u00fc\u2019y\u00fc bile\u2026<br \/>\nKendimden EMIN oldu\u011fum kadar ne Say\u0131n Do\u011fru\u2019ya ne Say\u0131n \u00c7\u00f6la\u015fan\u2019a yak\u0131\u015ft\u0131ramam ithaf\u0131, att\u0131klar\u0131 iftiralar\u0131. OKU \u0130zmirlimi, g\u00fcnlerden beri gazete bile okuyamaz oldum\u2026<br \/>\nAMA\u2026<br \/>\nDikkat et satir aralar\u0131na, cok \u00f6nemli\u2026<br \/>\nBir art\u0131 bir art\u0131 bir\u2026<br \/>\nEvvelsi ve gerisi eksik ama belki g\u00fcn gelir kimi a\u00e7\u0131klar\u0131 da ben tamamlamalar\u0131m, iyi de\u011filim\u2026<br \/>\nKalp krizi ge\u00e7irteceklerdi bana, YEMINLE ramak kald\u0131\u2026<br \/>\nAnnem\u2026<br \/>\nZaten beni bu d\u00fcnyada bu denli kand\u0131rabilen iki insandan biri\u2026<br \/>\nSevdiklerim, kalbimde olanlara kay\u0131ts\u0131z \u015farts\u0131zd\u0131r inanc\u0131m, hep b\u00f6yleydim\u2026<br \/>\nHep b\u00f6yle kalaca\u011f\u0131m.<\/p>\n<p>&#8212;<\/p>\n<p><strong>Fetocu \u00f6yle mi?<\/strong><br \/>\n13 Aral\u0131k 2018 <\/p>\n<p>Fethullah G\u00fclen hen\u00fcz T\u00fcrkiye&#8217;de tan\u0131nm\u0131yordu ama, \u0130zmir Kestanepazar\u0131&#8217;nda kulaktan kula\u011fa yay\u0131lmaya ba\u015flam\u0131\u015ft\u0131.<br \/>\nVaazlar\u0131n\u0131 hi\u00e7 ka\u00e7\u0131rmayan hat\u0131r\u0131 say\u0131l\u0131r bir esnaf grubu olu\u015fmu\u015ftu. Manisa&#8217;dan Denizli&#8217;den U\u015fak&#8217;tan Afyon&#8217;dan dinlemeye gelenler vard\u0131.<br \/>\nDin ekseninde ticari faaliyetti, kendi aralar\u0131nda tuhaf bir zincir olu\u015fturmu\u015flard\u0131, sadece birbirlerinden al\u0131\u015fveri\u015f yap\u0131yor, kendilerine kat\u0131lmayan esnaf\u0131 al\u0131\u015fveri\u015f zincirinin d\u0131\u015f\u0131nda tutuyorlard\u0131.<br \/>\nFethullah G\u00fclen bu dinci-t\u00fcccar kalabal\u0131\u011f\u0131, \u00f6\u011frenci yurdu kurmalar\u0131 i\u00e7in te\u015fvik etmeye ba\u015flad\u0131. \u201cI\u015f\u0131k evi\u201d tabir edilen cemaat yurtlar\u0131n\u0131n temeli 1972 y\u0131l\u0131nda \u0130zmir Bozyaka&#8217;da at\u0131ld\u0131, pe\u015fpe\u015fe mantar gibi t\u00fcredi.<br \/>\n10 sene i\u00e7inde, 1982&#8217;de Yamanlar Koleji&#8217;ne d\u00f6n\u00fc\u015ft\u00fc. Kar\u015f\u0131yaka s\u0131n\u0131rlar\u0131 i\u00e7inde ama, Yamanlar Da\u011f\u0131 eteklerinde, o g\u00fcnk\u00fc \u0130zmir&#8217;in g\u00f6zden uzak, tenha b\u00f6lgesindeydi.<br \/>\n1982 tarihi \u00e7ok \u00f6nemliydi\u2026 \u00c7\u00fcnk\u00fc, 12 Eyl\u00fcl darbesinde sa\u011fc\u0131 solcu, devrimci \u00fclk\u00fcc\u00fc herkesi bi\u00e7mi\u015fler, hapse t\u0131km\u0131\u015flar, Fethullah G\u00fclen&#8217;e hi\u00e7 dokunmad\u0131klar\u0131 gibi, \u00fcst\u00fcne, Yamanlar Koleji&#8217;ne yol vermi\u015flerdi.<br \/>\nFeto&#8217;nun g\u00f6zbebe\u011fi say\u0131lan kolejin kurucu m\u00fcd\u00fcr\u00fc, hapse girmem i\u00e7in beni mahkemeye veren Sezen Aksu&#8217;nun babas\u0131yd\u0131. \u201cYaman dede\u201d lakab\u0131yla tan\u0131n\u0131yordu.<br \/>\n\u2605<br \/>\nEsrarengizdi.<br \/>\nEge b\u00f6lgesinin \u00e7e\u015fitli \u015fehirlerinden gelen ve orada yat\u0131l\u0131 okuyan \u00f6\u011frencilerin adeta d\u00fcnyayla ili\u015fkisi yoktu, d\u0131\u015farda arkada\u015flar\u0131 yoktu, zaten d\u0131\u015far\u0131 da pek \u00e7\u0131km\u0131yorlard\u0131, haftasonu sadece alt\u0131 saat \u00e7ar\u015f\u0131 izni veriliyor, robot gibi yeti\u015ftiriliyorlard\u0131.<br \/>\nDers d\u0131\u015f\u0131nda s\u00fcrekli namaz k\u0131ld\u0131klar\u0131, dini sohbetler yapt\u0131klar\u0131 konu\u015fuluyordu. K\u0131z \u00f6\u011frenci alm\u0131yorlard\u0131. Feto&#8217;nun s\u0131k s\u0131k bu okula gitti\u011fi, toplu ibadetler yap\u0131ld\u0131\u011f\u0131 s\u00f6yleniyordu.<br \/>\nBurslara tamah edilerek aileleri taraf\u0131ndan zorla buraya g\u00f6nderilen baz\u0131 \u00f6\u011frencilerin psikolojisinin bozuldu\u011fu, baz\u0131lar\u0131n\u0131n ka\u00e7t\u0131\u011f\u0131, baz\u0131lar\u0131n\u0131n davran\u0131\u015f bozukluklar\u0131yla hastanelik oldu\u011fu duyuluyordu.<br \/>\n\u2605<br \/>\nSadece milli e\u011fitim i\u00e7inde de\u011fil, medyada da adeta sihirli bir el taraf\u0131ndan korunuyordu, ne soru\u015fturuluyor, ne haber yap\u0131l\u0131yordu.<br \/>\n\u2605<br \/>\nMatematik Olimpiyat\u0131 diye bir \u015fey icat ettiler.<br \/>\nSonradan icat edecekleri T\u00fcrk\u00e7e Olimpiyat\u0131&#8217;n\u0131n milad\u0131yd\u0131.<br \/>\nG\u00fcya d\u00fcnya \u00e7ap\u0131nda matematik yar\u0131\u015fmalar\u0131 d\u00fczenliyorlard\u0131, Yamanlar Koleji \u00f6\u011frencileri hep d\u00fcnya \u015fampiyonu oluyordu!<br \/>\n\u2605<br \/>\nT\u00f6ren yapmaya bay\u0131l\u0131yorlard\u0131.<br \/>\n\u0130zmir&#8217;in kamu ve yerel y\u00f6neticilerini, i\u015f d\u00fcnyas\u0131n\u0131 t\u00f6renlere davet ediyorlar, normalde i\u00e7eriye ku\u015f bile sokmazken, kap\u0131lar\u0131n\u0131 ard\u0131na kadar a\u00e7\u0131yor, d\u00fcnya \u015fampiyonu dedikleri \u00e7ocuklar\u0131 sahneye \u00e7\u0131kar\u0131yor, \u015fark\u0131lar filan s\u00f6yleniyor, t\u00f6rene kat\u0131lan lavuklara plaketler veriliyor, \u00f6vg\u00fcler d\u00fcz\u00fcl\u00fcyordu. Bu okuldaki t\u00f6renlere kat\u0131lmak moda haline getirilmi\u015fti.<br \/>\n\u2605<br \/>\n90&#8217;lara do\u011fru, y\u00fcksek duvarlarla \u00e7evrili kamp\u00fcs \u015feklindeki okulun ortas\u0131na devasa bir bina yap\u0131ld\u0131. Kubbeliydi. Bildi\u011fin cami mimarisiydi. Sadece minaresi eksikti. Haftasonu \u00e7ar\u015f\u0131 iznine \u00e7\u0131kan \u00f6\u011frencilerden \u00f6\u011frenildi\u011fi kadar\u0131yla, camiydi. D\u0131\u015fardan merak edip soranlara \u201ck\u00fct\u00fcphane binas\u0131\u201d diyorlard\u0131 ama, camiydi, toplu namaz k\u0131l\u0131n\u0131yordu.<br \/>\n\u2605<br \/>\nCIA destekli Fethullah G\u00fclen organizasyonunun, kumpas davalar\u0131ndan 15 Temmuz darbe giri\u015fimine uzanan t\u00fcm faaliyetinin odak noktas\u0131, ba\u015flang\u0131\u00e7 noktas\u0131, n\u00fcvesi, i\u015fte bu okuldu.<br \/>\n\u2605<br \/>\nVe bu okulu, T\u00fcrk bas\u0131n\u0131nda ilk kez cesaret edip, bar\u0131nd\u0131rd\u0131\u011f\u0131 t\u00fcm tehlike ve tehditleriyle birlikte haber yapan, okul ad\u0131 alt\u0131ndaki bu cemaat yap\u0131lanmas\u0131n\u0131n mutlaka durdurulmas\u0131 gerekti\u011fini yazan, afi\u015fe eden, alarm zillerini \u00e7alan, Yeni As\u0131r gazetesinde dokuz s\u00fctuna man\u015fet olmas\u0131n\u0131 sa\u011flayan kimdi biliyor musunuz?<br \/>\n\u2605<br \/>\nY\u00fccel Ar\u0131&#8217;yd\u0131.<br \/>\n\u2605<br \/>\nEvet\u2026<br \/>\nS\u00f6zc\u00fc&#8217;n\u00fcn yeni iddianamesiyle, Emin \u00c7\u00f6la\u015fan ve Necati Do\u011fru&#8217;yla birlikte torbaya sokulan, s\u00f6zc\u00fc.com.tr&#8217;nin haber koordinat\u00f6r\u00fc Y\u00fccel Ar\u0131.<br \/>\n\u2605<br \/>\n\u00d6zellikle, asr\u0131n liderimizin iyi okumas\u0131 gereken bir yaz\u0131d\u0131r bu.<br \/>\n\u2605<br \/>\n\u00d6mr\u00fc boyunca \u00e7al\u0131\u015ft\u0131\u011f\u0131 t\u00fcm gazete ve televizyonlarda, Yeni As\u0131r, Sabah, Star, Habert\u00fcrk, H\u00fcrriyet ve S\u00f6zc\u00fc&#8217;de feto yap\u0131lanmas\u0131yla m\u00fccadele eden, \u00fcniversiteden beri arkada\u015f\u0131m, 30 y\u0131ll\u0131k gazeteci Y\u00fccel&#8217;in, fetoya yard\u0131m etti diye su\u00e7lanmas\u0131 tesad\u00fcf de\u011fildir.<br \/>\n\u2605<br \/>\nSinsi bir takiptir.<br \/>\n\u2605<br \/>\nY\u00fccel iddianamede neyle su\u00e7lan\u0131yor mesela?<br \/>\n2013-14-15 y\u0131llar\u0131nda S\u00f6zc\u00fc&#8217;de yap\u0131lan haberler nedeniyle su\u00e7lan\u0131yor.<br \/>\nHalbuki, Y\u00fccel o tarihlerde S\u00f6zc\u00fc&#8217;de de\u011fildi.<br \/>\n2016&#8217;da S\u00f6zc\u00fc&#8217;ye geldi.<br \/>\n\u2605<br \/>\nS\u00f6zc\u00fc iddianamesinde Y\u00fccel&#8217;in i\u015f adresi olarak neresi yaz\u0131yor?<br \/>\n\u201cH\u00fcrriyet Towers\u201d yaz\u0131yor!<br \/>\nBu yanl\u0131\u015f adres \u00e7ok a\u00e7\u0131k \u015fekilde g\u00f6steriyor ki\u2026<br \/>\nY\u00fccel&#8217;i bu torbaya monte edenler, \u00e7oook \u00f6nceden mimlemi\u015fler, adresi de\u011fi\u015ftirmeyi unutmu\u015flar!<br \/>\n\u2605<br \/>\n\u00d6zellikle, asr\u0131n liderimizin iyi okumas\u0131 gereken bir yaz\u0131d\u0131r bu\u2026<br \/>\nFetoyla m\u00fccadele ediyoruz ayaklar\u0131yla y\u00fcr\u00fct\u00fclen S\u00f6zc\u00fc davas\u0131, fetoyla m\u00fccadele edenleri imha etme operasyonudur.<\/p>\n<p>https:\/\/www.sozcu.com.tr\/2018\/yazarlar\/yilmaz-ozdil\/fetocu-oyle-mi-2792452\/?utm_source=yazarlar&#038;utm_campaign=diger_yazilar&#038;utm_medium=diger<\/p>\n","protected":false},"excerpt":{"rendered":"<p>Bak yemin ediyorum, yemin\u2026 Getir\u2026 Kurana el basar\u0131m. Biliyorsunuz beni, d\u00fc\u015f\u00fcncelerim dilimde, kalemimde\u2026 S\u00f6z\u00fcm\u00fc sak\u0131nmam VE kimsenin ard\u0131ndan konu\u015fmam, vaki de\u011fildir\u2026 Y\u00fcz\u00fcne\u2026 A\u00e7\u0131k a\u00e7\u0131k bu m\u00fcmk\u00fcn de\u011filse KIVIRMAM\u2026 Ad\u0131yla san\u0131yla anar\u0131m! AKP enemy yani d\u00fc\u015fman ilan etmi\u015fti\u2026 KENDISI, yani Facebook bana bu s\u0131fatla sayfa a\u00e7mam\u0131 \u00f6nerdi\u2026 Ne Amerika ne Rusya\u2026 Tam ba\u011f\u0131ms\u0131z T\u00fcrkiye, atalar\u0131m\u0131n topraklar\u0131\u2026 &hellip; <\/p>\n<p class=\"link-more\"><a href=\"http:\/\/wordpress.gurbuz.net\/?p=16135\" class=\"more-link\"><span class=\"screen-reader-text\">\u201eFaceBok zamanlar\u0131md\u0131, ama ger\u00e7ek ama sahte \u201cbir\u00e7ok dost\u201d edinmi\u015ftim\u201c<\/span> weiterlesen<\/a><\/p>\n","protected":false},"author":1,"featured_media":0,"comment_status":"open","ping_status":"open","sticky":false,"template":"","format":"standard","meta":[],"categories":[1],"tags":[],"_links":{"self":[{"href":"http:\/\/wordpress.gurbuz.net\/index.php?rest_route=\/wp\/v2\/posts\/16135"}],"collection":[{"href":"http:\/\/wordpress.gurbuz.net\/index.php?rest_route=\/wp\/v2\/posts"}],"about":[{"href":"http:\/\/wordpress.gurbuz.net\/index.php?rest_route=\/wp\/v2\/types\/post"}],"author":[{"embeddable":true,"href":"http:\/\/wordpress.gurbuz.net\/index.php?rest_route=\/wp\/v2\/users\/1"}],"replies":[{"embeddable":true,"href":"http:\/\/wordpress.gurbuz.net\/index.php?rest_route=%2Fwp%2Fv2%2Fcomments&post=16135"}],"version-history":[{"count":3,"href":"http:\/\/wordpress.gurbuz.net\/index.php?rest_route=\/wp\/v2\/posts\/16135\/revisions"}],"predecessor-version":[{"id":16138,"href":"http:\/\/wordpress.gurbuz.net\/index.php?rest_route=\/wp\/v2\/posts\/16135\/revisions\/16138"}],"wp:attachment":[{"href":"http:\/\/wordpress.gurbuz.net\/index.php?rest_route=%2Fwp%2Fv2%2Fmedia&parent=16135"}],"wp:term":[{"taxonomy":"category","embeddable":true,"href":"http:\/\/wordpress.gurbuz.net\/index.php?rest_route=%2Fwp%2Fv2%2Fcategories&post=16135"},{"taxonomy":"post_tag","embeddable":true,"href":"http:\/\/wordpress.gurbuz.net\/index.php?rest_route=%2Fwp%2Fv2%2Ftags&post=16135"}],"curies":[{"name":"wp","href":"https:\/\/api.w.org\/{rel}","templated":true}]}}