{"id":156449,"date":"2023-12-11T16:26:39","date_gmt":"2023-12-11T16:26:39","guid":{"rendered":"http:\/\/wordpress.gurbuz.net\/?p=156449"},"modified":"2023-12-11T16:46:12","modified_gmt":"2023-12-11T16:46:12","slug":"m-doepfner-junge-mit-dir-wuerde-ich-mal-gerne-ein-woertchen-wechseln-in-aller-oeffentlichkeit","status":"publish","type":"post","link":"http:\/\/wordpress.gurbuz.net\/?p=156449","title":{"rendered":"M. D\u00f6pfner, JUNGE mit dir w\u00fcrde ich mal gerne ein W\u00f6rtchen wechseln in aller \u00d6ffentlichkeit"},"content":{"rendered":"<p><img src=\"http:\/\/www.gurbuz.net\/Yeni\/111223.jpg\" alt=\"\" \/><\/p>\n<p>Fiiiiiiiiiiiiiiiiiiiiiiiiiiiiiiiiiiiii<br \/>\nSiiiiiiiiiiiiiiiiiiiiiiiiii<\/p>\n<p>Plappern kann,<br \/>\nAber steck auch was dahinter?<\/p>\n<p>Liebe Leser<br \/>\nDa gibt es doch so einen Typen\u2026<br \/>\nNamens Merz,<br \/>\nSie haben sicher schonmal etwas von ihm geh\u00f6rt!?<\/p>\n<p><img src=\"https:\/\/cdn.prod.www.spiegel.de\/images\/af1762a4-0001-0004-0000-000001358075_w960_r1.778_fpx41.22_fpy44.96.webp\" alt=\"\" \/><\/p>\n<p>&#8222;Merz und die Nullerjahre<br \/>\nEin Leitkultur-Leithammel f\u00fcr die CDU<br \/>\nVon Ferda Ataman<\/p>\n<p>Mit Friedrich Merz kommt die Erinnerung zur\u00fcck an die Diskussionen der Nullerjahre, an den CDU-Traum von der &#8222;deutschen Leitkultur&#8220;. Die heutige Spaltung der Gesellschaft begann schon damals.<br \/>\n03.11.2018, 12.50 Uhr&#8220;<\/p>\n<p>https:\/\/www.spiegel.de\/kultur\/gesellschaft\/friedrich-merz-und-die-2000er-leitkultur-leithammel-fuer-die-cdu-a-1236513.html<\/p>\n<p>Gottseidank,<br \/>\nSie sind wieder da, wohlbehalten\u2026<br \/>\n&#8211; Kimseniz te\u015fekk\u00fcr ederim &#8211;<br \/>\nVerfolge seit Tagen was junge Menschen so untereinander sprechen.<\/p>\n<p>Leitkultur<\/p>\n<p>Sobald ich kann, auch im Zusammenhang mit diesem M. D\u00f6pfner\u2026<br \/>\nUnsere j\u00fcdischen Mitmenschen SIND ETWAS anderes\u2026<br \/>\nIsrael eine ANDERE Angelegenheit UND IHRE\u2026<br \/>\nPolitik ganz was anderes.<\/p>\n<p>\u00c4pfel und Birnen\u2026<br \/>\nIn EINEM Korb,<br \/>\nUnddd WIEDER WERTE, ich sagte es\u2026<br \/>\n\u2026<br \/>\nLasst mich NICHT diese WERTE\u2026<br \/>\nSt\u00fcck\u2026<br \/>\nF\u00fcr St\u00fcck auseinandernehmen,<br \/>\nVielleich\u2026<br \/>\nSofern ihr es nicht verlernt w\u00fcrdet ihr euch\u2026<br \/>\nSch\u00e4men!?<\/p>\n<p>Liebe Leser&#8230;<br \/>\nMensch&#8230;<br \/>\nSeid vorsichtig, SIE SPIELEN ein GANZ b\u00f6ses&#8230;<br \/>\nSpiel mit uns<\/p>\n<p>&#8222;&#8220;Leitkultur&#8220;<br \/>\nMerz geht in die Offensive<br \/>\nDer umstrittene Unionsfraktionschef Friedrich Merz bekommt zunehmend R\u00fcckendeckung aus den eigenen Reihen. Die Gr\u00fcnen werfen dem CDU-Politiker dagegen eine &#8222;rassistische Kampagne&#8220; vor.<br \/>\n22.10.2000, 18.25 Uhr&#8220;<\/p>\n<p>https:\/\/www.spiegel.de\/politik\/deutschland\/leitkultur-merz-geht-in-die-offensive-a-99435.html<\/p>\n<p>Ich HATTE meine t\u00fcrkischen Leser&#8230;<br \/>\nGewarnt&#8230;<br \/>\nUnd heute eine Nachricht die besch\u00e4mt&#8230;<br \/>\nImmer mehr T\u00fcrken w\u00fcrden&#8230;<br \/>\nSchutz&#8230;<br \/>\nIn Deutschland suchen, klar gr\u00f6\u00dftenteils&#8230;<br \/>\nWirtschaftsfl\u00fcchtlinge.<\/p>\n<p>Islamisten&#8230;<br \/>\nHIER wie DORT<\/p>\n<p><img loading=\"lazy\" class=\"\" src=\"http:\/\/www.gurbuz.net\/Yeni\/111223-1.jpg\" alt=\"\" width=\"333\" height=\"783\" \/><\/p>\n<p><img loading=\"lazy\" class=\"\" src=\"http:\/\/www.gurbuz.net\/Yeni\/111223-2.jpg\" alt=\"\" width=\"337\" height=\"943\" \/><\/p>\n","protected":false},"excerpt":{"rendered":"<p>Fiiiiiiiiiiiiiiiiiiiiiiiiiiiiiiiiiiiii Siiiiiiiiiiiiiiiiiiiiiiiiii Plappern kann, Aber steck auch was dahinter? Liebe Leser Da gibt es doch so einen Typen\u2026 Namens Merz, Sie haben sicher schonmal etwas von ihm geh\u00f6rt!? &#8222;Merz und die Nullerjahre Ein Leitkultur-Leithammel f\u00fcr die CDU Von Ferda Ataman Mit Friedrich Merz kommt die Erinnerung zur\u00fcck an die Diskussionen der Nullerjahre, an den CDU-Traum &hellip; <\/p>\n<p class=\"link-more\"><a href=\"http:\/\/wordpress.gurbuz.net\/?p=156449\" class=\"more-link\"><span class=\"screen-reader-text\">\u201eM. D\u00f6pfner, JUNGE mit dir w\u00fcrde ich mal gerne ein W\u00f6rtchen wechseln in aller \u00d6ffentlichkeit\u201c<\/span> weiterlesen<\/a><\/p>\n","protected":false},"author":1,"featured_media":0,"comment_status":"open","ping_status":"open","sticky":false,"template":"","format":"standard","meta":[],"categories":[1],"tags":[],"_links":{"self":[{"href":"http:\/\/wordpress.gurbuz.net\/index.php?rest_route=\/wp\/v2\/posts\/156449"}],"collection":[{"href":"http:\/\/wordpress.gurbuz.net\/index.php?rest_route=\/wp\/v2\/posts"}],"about":[{"href":"http:\/\/wordpress.gurbuz.net\/index.php?rest_route=\/wp\/v2\/types\/post"}],"author":[{"embeddable":true,"href":"http:\/\/wordpress.gurbuz.net\/index.php?rest_route=\/wp\/v2\/users\/1"}],"replies":[{"embeddable":true,"href":"http:\/\/wordpress.gurbuz.net\/index.php?rest_route=%2Fwp%2Fv2%2Fcomments&post=156449"}],"version-history":[{"count":6,"href":"http:\/\/wordpress.gurbuz.net\/index.php?rest_route=\/wp\/v2\/posts\/156449\/revisions"}],"predecessor-version":[{"id":156455,"href":"http:\/\/wordpress.gurbuz.net\/index.php?rest_route=\/wp\/v2\/posts\/156449\/revisions\/156455"}],"wp:attachment":[{"href":"http:\/\/wordpress.gurbuz.net\/index.php?rest_route=%2Fwp%2Fv2%2Fmedia&parent=156449"}],"wp:term":[{"taxonomy":"category","embeddable":true,"href":"http:\/\/wordpress.gurbuz.net\/index.php?rest_route=%2Fwp%2Fv2%2Fcategories&post=156449"},{"taxonomy":"post_tag","embeddable":true,"href":"http:\/\/wordpress.gurbuz.net\/index.php?rest_route=%2Fwp%2Fv2%2Ftags&post=156449"}],"curies":[{"name":"wp","href":"https:\/\/api.w.org\/{rel}","templated":true}]}}