{"id":156253,"date":"2023-12-07T13:47:57","date_gmt":"2023-12-07T13:47:57","guid":{"rendered":"http:\/\/wordpress.gurbuz.net\/?p=156253"},"modified":"2023-12-08T05:41:14","modified_gmt":"2023-12-08T05:41:14","slug":"ich-und-die-schufa","status":"publish","type":"post","link":"http:\/\/wordpress.gurbuz.net\/?p=156253","title":{"rendered":"Ich UND DIE Schufa"},"content":{"rendered":"<p>&#8222;DER SPIEGEL<br \/>\nSchufa: EuGH schr\u00e4nkt Nutzung des umstrittenen Scores ein<br \/>\n4 Std.&#8220;<\/p>\n<p>https:\/\/www.msn.com\/de-de\/nachrichten\/politik\/schufa-eugh-schr%C3%A4nkt-nutzung-des-umstrittenen-scores-ein\/ar-AA1l8zRn?ocid=msedgntp&#038;cvid=55aacad0df9b41cd865a9371418e7fb4&#038;ei=30<\/p>\n<p>Datenschutz-Grundverordnung DSGVO<br \/>\nIch und die Schufa&#8230;<br \/>\nIch hatte mal WARUM ich KEINE Kreditkarten benutze\u2026<br \/>\nLeider im t\u00fcrkischen\u2026<br \/>\nWARUM ich SO WENIG wie m\u00f6glich etwas mit Banken zu tun haben WILL\u2026<br \/>\nAbsolut\u2026<br \/>\nGEGEN Schulden bin.<\/p>\n<p>Und ja meine Familie WAR verm\u00f6gend\u2026<br \/>\nGro\u00dfgrundbesitzer\u2026<br \/>\nWAR MAL \u2013 und \u2013 M\u00fctterlicherseits.<\/p>\n<p>Habe letztens etwas ver\u00f6ffentlicht\u2026<br \/>\nWAS die Microsoft k\u00fcnstliche \u201eIntelligenz\u201c \u00fcber mich wei\u00df\u2026<br \/>\n\u201eDenkt\u201c<\/p>\n<p>Ich w\u00e4re ein Denker und ein Schriftsteller(!)<\/p>\n<p>So so, interessant!?<br \/>\nNeinnn ich wei\u00df wer und was ich bin, habe\u2026<br \/>\nWeil\u2026<br \/>\nMensch fragt Google\u2026<br \/>\nWer IST \u00d6nder G\u00fcrb\u00fcz?<\/p>\n<p>(auf t\u00fcrkisch)<\/p>\n<p>Auch\u2026<br \/>\nVer\u00f6ffentliche ich NIE etwas ohne Grund\u2026<br \/>\nAUCH NICHT\u2026<br \/>\nUm anzugeben ODER was wei\u00df ich was.<\/p>\n<p>Auch gewisse Statistiken, Grafiken\u2026<br \/>\n&#8212; VIDEOS &#8212;<br \/>\nUnd so, FR\u00dcHER habe dieses \u201eWissen\u201c\u2026<br \/>\nMit\u2026<br \/>\nZUSATZ Informationen schriftlich ver\u00f6ffentlicht. DAS MIT dem Zusatz IST\u2026<br \/>\nWichtig!<\/p>\n<p>Kann nicht mehr,<br \/>\nMeine Gesundheit. Oder\u2026<br \/>\nStaatliche Stellen\u2026<br \/>\nHeyyyyyyyyyyyyyyyyyyyyyyy\u2026<br \/>\nGeheimdienste, halloooooooooooo\u2026<br \/>\nDas ist das tats\u00e4chliche Leben\u2026<br \/>\nKEIN\u2026<br \/>\nJames Bond schei\u00df\u2026<br \/>\nHollywood\u2026<br \/>\nJaaa DIE CIA.<\/p>\n<p>DER Geheimdienst DER Geheimdienste IST DAS\u2026<br \/>\nGeld\u2026<br \/>\nDas ist wahr\u2026<br \/>\nAber EIN Geheimdienst IST sowas das selbst sein\u2026<br \/>\nSEIN\u2026<br \/>\nNur ein Ger\u00fccht IST, man wei\u00df nix von ihm\u2026<br \/>\nH\u00f6rt und sieht NIX.<\/p>\n<p>Theorie\u2026<br \/>\nUnd Praxis. <strong>F\u00dcHRUNG\u2026<br \/>\nDas IST wichtig<\/strong> UND JA die zur Verf\u00fcgung gestellten Mittel&#8230;<br \/>\nIhre dadurch entstehenden M\u00f6glichkeiten&#8230;<br \/>\nWICHTIG<\/p>\n<p>&#8212;<\/p>\n<p>Unddddddddd DIESER Israelische Botschafter spricht auf Welt\u2026<br \/>\n16:30\u2026<br \/>\nFeiern EIN FEST im Beisein vom \u201eBundeskanzler\u201c<br \/>\nW\u00e4hrend bis GESTERN\u2026<br \/>\n\u201eRund\u201c<br \/>\n20.000 Menschen GET\u00d6TET wurden und jaaa\u2026<br \/>\nAuch&#8230;<br \/>\nViele, viele KINDER.<\/p>\n<p>Es w\u00e4re ein Kampf \u201ezwischen dunkel und Licht\u201c<br \/>\nIch\u2026<br \/>\nWIR ALLE sehen es, WIR ALLE<\/p>\n<p>&#8212;<\/p>\n<p>Aufkl\u00e4rung UND Abwehr\u2026<br \/>\nDie KUNST dabei IST\u2026<br \/>\nDas dein Gegen\u00fcber NIX davon mitbekommt\u2026<br \/>\nDAS DU\u2026<br \/>\nDies und das gemacht hast.<\/p>\n<p>PUNKT<\/p>\n<p>Ich hatte, lang\u2026<br \/>\nLang ist es her.<\/p>\n<p><strong>Die zehn \u201everlorenen\u201c St\u00e4mme Israels<\/strong><\/p>\n<p>### SEHR WICHTIG, Welt \u201eNachrichten\u201c 17:00 ###<\/p>\n<p>DAS Hanukkah* (Chanukka) Fest,<br \/>\nSeit wann leben j\u00fcdische Mitb\u00fcrger, Mitmenschen\u2026<br \/>\nIn Deutschland, SEIT WANN?<\/p>\n<p>\u201e<strong>Als ERSTER<\/strong> Bundeskanzler entz\u00fcndete er \u2026\u201c<\/p>\n<p>Interessant!<\/p>\n<p>Niemand kann mich bezichtigen das ich GEGEN unsere j\u00fcdischen Br\u00fcder\u2026<br \/>\nGegen unseren ukrainischen Mitmenschen bin ODER was wei\u00df ich noch was. <strong>Niemand<\/strong>\u2026<br \/>\nEs GEHT MIR um etwas anderes.<\/p>\n<p><img src=\"https:\/\/static.dw.com\/image\/57581675_1004.webp\" alt=\"\" \/><\/p>\n<p>* &#8222;KULTUR ISRAEL<br \/>\nWas wird beim j\u00fcdischen Chanukka-Fest gefeiert?<br \/>\nTorsten Landsberg<br \/>\nvor 8 Stunden<\/p>\n<p>Das Lichterfest erinnert im Judentum an die Befreiung aus der griechischen Herrschaft. Was es mit den acht Kerzen auf sich hat und welches Geb\u00e4ck auf den Tisch kommt \u2014 die DW kl\u00e4rt auf.&#8220;<\/p>\n<p>https:\/\/www.dw.com\/de\/was-ist-chanukka-lichterfest-judentum\/a-59920826<\/p>\n<p>##########################################<\/p>\n<p><strong>&#8222;Die Schufa Holding AG ist ein privatwirtschaftliches Unternehmen. Auf ihre Bewertungen st\u00fctzen sich Banken, Mobilfunkunternehmen und Onlineh\u00e4ndler, die f\u00fcr ihre Gesch\u00e4fte auf verl\u00e4ssliche Informationen \u00fcber potenzielle Kunden angewiesen sind.28.11.2018&#8220;<\/strong><\/p>\n<p><img src=\"https:\/\/cdn.prod.www.spiegel.de\/images\/0221f71a-e040-4fff-b749-d6c27be77014_w1024_r1.7777777777777777_fpx29.25_fpy50.webp\" alt=\"\" \/><\/p>\n<p>&#8222;Verbraucher-Scoring<br \/>\nBlackbox Schufa<br \/>\nHunderttausende Entscheidungen t\u00e4glich st\u00fctzen sich auf das Urteil der Schufa \u2013 beim Handyvertrag, Hauskredit oder der Mietwohnung. Doch eine exklusive Datenauswertung zeigt: Viele Menschen werden unverschuldet zum Risiko erkl\u00e4rt.<\/p>\n<p>Eine Recherche von SPIEGEL Data und BR Data<\/p>\n<p>28.11.2018, 17.00 Uhr&#8220;<\/p>\n<p>https:\/\/www.spiegel.de\/wirtschaft\/service\/schufa-so-funktioniert-deutschlands-einflussreichste-auskunftei-a-1239214.html<\/p>\n<p>Hei\u00dft NICHT das einen Pukt gesetzt habe,<br \/>\nAber es geht mir NICHT gut<\/p>\n<p><a href=\"https:\/\/www.btselem.org\/\" rel=\"noopener\" target=\"_blank\">Unbedingt und AUSF\u00dcHRLICH<\/a><\/p>\n<p><strong>NICHT ich bin es,<br \/>\nNICHT die HAMAS\u2026<br \/>\nNEIN\u2026<br \/>\nAuch die UN schreibt DAS NICHT,<br \/>\nLESEN SIE\u2026<br \/>\nEine israelische Menschenrechtsorganisation\u2026<br \/>\nB&#8217;Tselem<\/strong><\/p>\n<p>Ich MACHE euch fertig\u2026<br \/>\nSo war ich \u00d6nder hei\u00dfe,<br \/>\nIhr HABT mein Wort<\/p>\n<p>*<\/p>\n<p><img src=\"https:\/\/img-s-msn-com.akamaized.net\/tenant\/amp\/entityid\/AA1l5AGm.img?w=768&amp;h=432&amp;m=6&amp;x=620&amp;y=144&amp;s=202&amp;d=202\" alt=\"\" \/><br \/>\nUkraine: Selenskyjs B\u00fcrochef warnt vor Niederlage im Krieg mit Russland<br \/>\n\u00a9 IMAGO\/Kaniuka Ruslan \/ IMAGO\/Ukrinform<\/p>\n<p>&#8222;DER SPIEGEL<br \/>\nUkraine: Selenskyjs B\u00fcrochef warnt vor Niederlage im Krieg mit Russland<br \/>\n18 Std.&#8220;<\/p>\n<p>https:\/\/www.msn.com\/de-de\/nachrichten\/politik\/ukraine-selenskyjs-b%C3%BCrochef-warnt-vor-niederlage-im-krieg-mit-russland\/ar-AA1l5JZp<\/p>\n<p>Ein VERR\u00c4TER und eine Mumie<\/p>\n<p><img src=\"https:\/\/img-s-msn-com.akamaized.net\/tenant\/amp\/entityid\/AA1l85mM.img?w=768&amp;h=492&amp;m=6&amp;x=525&amp;y=199&amp;s=36&amp;d=36\" alt=\"\" \/><\/p>\n<p>&#8222;Reuters<br \/>\nUSA &#8211; Gesetzentwurf zur Ukraine- und Israel-Hilfen im US-Senat blockiert<br \/>\nArtikel von Reuters \u2022 6 Std.&#8220;<\/p>\n<p>https:\/\/www.msn.com\/de-de\/nachrichten\/politik\/usa-gesetzentwurf-zur-ukraine-und-israel-hilfen-im-us-senat-blockiert\/ar-AA1l89WI<\/p>\n<p><img src=\"https:\/\/img-s-msn-com.akamaized.net\/tenant\/amp\/entityid\/AA1l8fkQ.img?w=768&amp;h=512&amp;m=6\" alt=\"\" \/><br \/>\n<strong>Durchhalten als Lebensphilosophie<\/strong>: russische Nationalgardisten in Moskau.<br \/>\n\u00a9 Sergei Kiselev\/Moscow News Agency via AP<\/p>\n<p>GESTERN der Wolf&#8230;<br \/>\nIch&#8230;<br \/>\nDIE t\u00fcrkische UND russische Seele<\/p>\n<p><img src=\"https:\/\/img-s-msn-com.akamaized.net\/tenant\/amp\/entityid\/AA1l4Lpv.img?w=768&amp;h=521&amp;m=6\" alt=\"\" \/><\/p>\n<p>BEI DIESER Au\u00dfendingsBUMMS, Verbot UND Warnminister&#8230;<br \/>\n&#8230;<br \/>\nUnddd schon WIEDER sind sie \u00fcberrascht!?<\/p>\n<p>&#8222;<strong>Reuters<\/strong><br \/>\nDeutsche Industrie \u00fcberrascht mit Auftragseinbruch &#8211; Auslandsgesch\u00e4ft schrumpft<br \/>\nArtikel von Reuters \u2022 1 Tag(e)&#8220;<\/p>\n<p>https:\/\/www.msn.com\/de-de\/finanzen\/top-stories\/deutsche-industrie-%C3%BCberrascht-mit-auftragseinbruch-auslandsgesch%C3%A4ft-schrumpft\/ar-AA1l4NDV<\/p>\n<p>Ich hatte ABER niemand will ja auf mich h\u00f6ren<\/p>\n<p><img src=\"https:\/\/img-s-msn-com.akamaized.net\/tenant\/amp\/entityid\/AA1l875y.img?w=768&amp;h=384&amp;m=6\" alt=\"\" \/><\/p>\n<p>&#8222;FOCUS online<br \/>\n\u201eEs hat sich ausgewummst\u201c &#8211; Experte sieht Deutschland in struktureller Krise und hat nur eine Hoffnung<br \/>\nArtikel von FOCUS Online \u2022 5 Std.<\/p>\n<p><strong>Die deutsche Wirtschaft ist im Sinkflug<\/strong>. Doch die Krise ist noch nicht schwer genug, damit sich wirklich etwas \u00e4ndert, ist Kapitalmarktstratege Harald Prei\u00dfler \u00fcberzeugt.<\/p>\n<p>Harald Prei\u00dfler, Kapitalmarktstratege beim Verm\u00f6gensverwalter Bantleon, hat in einem Kundenkommentar vor einer strukturellen Wachstumskrise in der deutschen Wirtschaft gewarnt. In seiner Analyse, \u00fcber die auch der \u201eBusiness Insider\u201c berichtet, hei\u00dft es w\u00f6rtlich: \u201eDeutschland befindet sich in einem bedauernswerten Niedergang.\u201c<\/p>\n<p>Nirgendwo lasse sich dieser Befund besser ablesen als an der Entwicklung der Industrieproduktion, die sich seit mittlerweile f\u00fcnf Jahren im Sinkflug befinde &#8211; entgegen des weltweiten Trends. \u201eDass sich die Kluft zur Konkurrenz ausgerechnet seit 2018 ausweitet, k\u00f6nnte dem EU-Beschluss \u00fcber den Ausstieg aus der Verbrenner-Technologie geschuldet sein\u201c, vermutet Prei\u00dfler. \u201eDamit wurden der deutschen Automobilindustrie die \u00fcber Jahrzehnte hinweg erarbeiteten Wettbewerbsvorteile im Handstreich entzogen.\u201c<\/p>\n<p>Experte erwartet n\u00e4chste <strong>schwere Wirtschaftskrise<\/strong>&#8220;<\/p>\n<p>https:\/\/www.msn.com\/de-de\/finanzen\/top-stories\/es-hat-sich-ausgewummst-experte-sieht-deutschland-in-struktureller-krise-und-hat-nur-eine-hoffnung\/ar-AA1l8l6F?ocid=msedgntp&#038;cvid=55aacad0df9b41cd865a9371418e7fb4&#038;ei=8<\/p>\n<p>Auchhhhhhhhhhhhhhh IHR&#8230;<br \/>\nVerdient es eigentlich NICHT<\/p>\n<p>Konsumlaune und so weiter k\u00f6nnen sie sich erinnern\u2026<br \/>\nWAS hatte ich gesagt?<\/p>\n<p>Ich WERDE schreiben\u2026<br \/>\nWeder f\u00fcr euch noch f\u00fcr die T\u00fcrken.<\/p>\n<p><strong>Ich WERDE\u2026<br \/>\nWeil ich IM KRIEG\u2026<br \/>\nBIN, darum!<\/strong><\/p>\n<p><img loading=\"lazy\" class=\"\" src=\"http:\/\/www.gurbuz.net\/Yeni\/071223-2.jpg\" alt=\"\" width=\"350\" height=\"779\" \/><\/p>\n<p>*<\/p>\n<p>KI&#8230;<br \/>\nPutin&#8230;<br \/>\nAnz\u00fcge usw.<br \/>\nMorgen???<\/p>\n","protected":false},"excerpt":{"rendered":"<p>&#8222;DER SPIEGEL Schufa: EuGH schr\u00e4nkt Nutzung des umstrittenen Scores ein 4 Std.&#8220; https:\/\/www.msn.com\/de-de\/nachrichten\/politik\/schufa-eugh-schr%C3%A4nkt-nutzung-des-umstrittenen-scores-ein\/ar-AA1l8zRn?ocid=msedgntp&#038;cvid=55aacad0df9b41cd865a9371418e7fb4&#038;ei=30 Datenschutz-Grundverordnung DSGVO Ich und die Schufa&#8230; Ich hatte mal WARUM ich KEINE Kreditkarten benutze\u2026 Leider im t\u00fcrkischen\u2026 WARUM ich SO WENIG wie m\u00f6glich etwas mit Banken zu tun haben WILL\u2026 Absolut\u2026 GEGEN Schulden bin. Und ja meine Familie WAR verm\u00f6gend\u2026 Gro\u00dfgrundbesitzer\u2026 WAR &hellip; <\/p>\n<p class=\"link-more\"><a href=\"http:\/\/wordpress.gurbuz.net\/?p=156253\" class=\"more-link\"><span class=\"screen-reader-text\">\u201eIch UND DIE Schufa\u201c<\/span> weiterlesen<\/a><\/p>\n","protected":false},"author":1,"featured_media":0,"comment_status":"open","ping_status":"open","sticky":false,"template":"","format":"standard","meta":[],"categories":[1],"tags":[],"_links":{"self":[{"href":"http:\/\/wordpress.gurbuz.net\/index.php?rest_route=\/wp\/v2\/posts\/156253"}],"collection":[{"href":"http:\/\/wordpress.gurbuz.net\/index.php?rest_route=\/wp\/v2\/posts"}],"about":[{"href":"http:\/\/wordpress.gurbuz.net\/index.php?rest_route=\/wp\/v2\/types\/post"}],"author":[{"embeddable":true,"href":"http:\/\/wordpress.gurbuz.net\/index.php?rest_route=\/wp\/v2\/users\/1"}],"replies":[{"embeddable":true,"href":"http:\/\/wordpress.gurbuz.net\/index.php?rest_route=%2Fwp%2Fv2%2Fcomments&post=156253"}],"version-history":[{"count":26,"href":"http:\/\/wordpress.gurbuz.net\/index.php?rest_route=\/wp\/v2\/posts\/156253\/revisions"}],"predecessor-version":[{"id":156288,"href":"http:\/\/wordpress.gurbuz.net\/index.php?rest_route=\/wp\/v2\/posts\/156253\/revisions\/156288"}],"wp:attachment":[{"href":"http:\/\/wordpress.gurbuz.net\/index.php?rest_route=%2Fwp%2Fv2%2Fmedia&parent=156253"}],"wp:term":[{"taxonomy":"category","embeddable":true,"href":"http:\/\/wordpress.gurbuz.net\/index.php?rest_route=%2Fwp%2Fv2%2Fcategories&post=156253"},{"taxonomy":"post_tag","embeddable":true,"href":"http:\/\/wordpress.gurbuz.net\/index.php?rest_route=%2Fwp%2Fv2%2Ftags&post=156253"}],"curies":[{"name":"wp","href":"https:\/\/api.w.org\/{rel}","templated":true}]}}